{"id":275861,"date":"2016-06-23T00:06:09","date_gmt":"2016-06-23T05:06:09","guid":{"rendered":"http:\/\/www.diarioimagen.net\/?p=275861"},"modified":"2016-06-23T05:48:23","modified_gmt":"2016-06-23T10:48:23","slug":"anuncian-construccion-de-puente-deprimido-en%e2%80%88metepec","status":"publish","type":"post","link":"https:\/\/www.diarioimagen.net\/?p=275861","title":{"rendered":"Anuncian construcci\u00f3n de puente deprimido en\u2008Metepec"},"content":{"rendered":"<ul>\n<li><em><b>En avenida Tecnol\u00f3gico<\/b><\/em><\/li>\n<\/ul>\n<p>&nbsp;<\/p>\n<div id=\"attachment_275862\" style=\"width: 430px\" class=\"wp-caption aligncenter\"><a href=\"http:\/\/www.diarioimagen.net\/?attachment_id=275862\" rel=\"attachment wp-att-275862\"><img loading=\"lazy\" decoding=\"async\" aria-describedby=\"caption-attachment-275862\" class=\"size-large wp-image-275862\" src=\"http:\/\/www.diarioimagen.net\/wp-content\/uploads\/2016\/06\/metepec-2895-420x236.jpg\" alt=\"El presidente municipal David L\u00f3pez C\u00e1rdenas entreg\u00f3\u00a0 la rehabilitaci\u00f3n de la avenida Estado de M\u00e9xico.\" width=\"420\" height=\"236\" srcset=\"https:\/\/www.diarioimagen.net\/wp-content\/uploads\/2016\/06\/metepec-2895-420x236.jpg 420w, https:\/\/www.diarioimagen.net\/wp-content\/uploads\/2016\/06\/metepec-2895-240x135.jpg 240w, https:\/\/www.diarioimagen.net\/wp-content\/uploads\/2016\/06\/metepec-2895-235x132.jpg 235w, https:\/\/www.diarioimagen.net\/wp-content\/uploads\/2016\/06\/metepec-2895-202x114.jpg 202w, https:\/\/www.diarioimagen.net\/wp-content\/uploads\/2016\/06\/metepec-2895-350x196.jpg 350w, https:\/\/www.diarioimagen.net\/wp-content\/uploads\/2016\/06\/metepec-2895-220x123.jpg 220w, https:\/\/www.diarioimagen.net\/wp-content\/uploads\/2016\/06\/metepec-2895-237x132.jpg 237w, https:\/\/www.diarioimagen.net\/wp-content\/uploads\/2016\/06\/metepec-2895.jpg 480w\" sizes=\"auto, (max-width: 420px) 100vw, 420px\" \/><\/a><p id=\"caption-attachment-275862\" class=\"wp-caption-text\">El presidente municipal David L\u00f3pez C\u00e1rdenas entreg\u00f3\u00a0 la rehabilitaci\u00f3n de la avenida Estado de M\u00e9xico.<\/p><\/div>\n<p>&nbsp;<\/p>\n<p><strong>Pueblo M\u00e1gico de Metepec, Estado de M\u00e9xico.-<\/strong> Durante la entrega de la rehabilitaci\u00f3n de la avenida Estado de M\u00e9xico, en la que se invirti\u00f3 recurso federal, el alcalde, David L\u00f3pez C\u00e1rdenas, dio a conocer la construcci\u00f3n de un\u00a0puente deprimido sobre la vialidad Tecnol\u00f3gico, en el cruce con Estado de M\u00e9xico, la cual tendr\u00e1 una inversi\u00f3n de 75 millones de pesos, la obra vial m\u00e1s importante del a\u00f1o.<\/p>\n<p>El presidente municipal destac\u00f3 que su ejecuci\u00f3n favorecer\u00e1 la movilidad en la zona que concentra el tr\u00e1nsito de miles de veh\u00edculos; \u201crepresenta la voluntad y coordinaci\u00f3n entre las instancias de gobierno por atender puntualmente las necesidades de la ciudadan\u00eda\u201d.<\/p>\n<p>En el acto, donde fue inaugurada la obra de rehabilitaci\u00f3n de la avenida Estado de M\u00e9xico en una extensi\u00f3n de casi dos kil\u00f3metros en ambos cuerpos comprendidos entre avenida Tecnol\u00f3gico y Paseo San Isidro, el mun\u00edcipe resalt\u00f3 el apoyo del gobierno federal, quien a trav\u00e9s de la Secretar\u00eda de Comunicaciones y Transportes (SCT), erog\u00f3 7.5 millones de pesos para la reconstrucci\u00f3n de la importante v\u00eda, una de las dos arterias de acceso principal al Pueblo M\u00e1gico.<\/p>\n<p>\u201cLa suma de esfuerzos siempre se traduce en mayores beneficios para la poblaci\u00f3n; con esta obra, se mejora de manera sustantiva la movilidad de la zona, que es una de las prioridades de la administraci\u00f3n que encabezo. Metepec es afortunado por contar con el apoyo incondicional de los gobiernos federal y estatal\u201d.<\/p>\n<p>En el acto, trascendi\u00f3 la conclusi\u00f3n tambi\u00e9n de la repavimentaci\u00f3n de la Prolongaci\u00f3n Heriberto Enr\u00edquez y el rejuvenecimiento en proceso de las calles 5 de Febrero, Puerto M\u00e9xico y 20 de Noviembre, de las localidades de la colonia Agr\u00edcola Bellavista, San Jer\u00f3nimo Chicahualco y San Salvador Tizatlalli, respectivamente, todas realizadas por la federaci\u00f3n.<\/p>\n<p>&nbsp;<\/p>\n","protected":false},"excerpt":{"rendered":"<p>Durante la entrega de la rehabilitaci\u00f3n de la avenida Estado de M\u00e9xico, en la que se invirti\u00f3 recurso federal, el alcalde, David L\u00f3pez C\u00e1rdenas, dio a conocer la construcci\u00f3n de un puente deprimido sobre la vialidad Tecnol\u00f3gico, en el cruce con Estado de M\u00e9xico, la cual tendr\u00e1 una inversi\u00f3n de 75 millones de pesos, la obra vial m\u00e1s importante del a\u00f1o.<\/p>\n","protected":false},"author":1,"featured_media":275862,"comment_status":"open","ping_status":"open","sticky":false,"template":"","format":"standard","meta":{"_monsterinsights_skip_tracking":false,"_monsterinsights_sitenote_active":false,"_monsterinsights_sitenote_note":"","_monsterinsights_sitenote_category":0,"footnotes":""},"categories":[35155],"tags":[14250,43675,876],"class_list":["post-275861","post","type-post","status-publish","format-standard","has-post-thumbnail","hentry","category-estado-de-mexico-estado-de-mexico","tag-david-lopez-cardenas","tag-estado-de-mexico","tag-metepec"],"_links":{"self":[{"href":"https:\/\/www.diarioimagen.net\/index.php?rest_route=\/wp\/v2\/posts\/275861","targetHints":{"allow":["GET"]}}],"collection":[{"href":"https:\/\/www.diarioimagen.net\/index.php?rest_route=\/wp\/v2\/posts"}],"about":[{"href":"https:\/\/www.diarioimagen.net\/index.php?rest_route=\/wp\/v2\/types\/post"}],"author":[{"embeddable":true,"href":"https:\/\/www.diarioimagen.net\/index.php?rest_route=\/wp\/v2\/users\/1"}],"replies":[{"embeddable":true,"href":"https:\/\/www.diarioimagen.net\/index.php?rest_route=%2Fwp%2Fv2%2Fcomments&post=275861"}],"version-history":[{"count":0,"href":"https:\/\/www.diarioimagen.net\/index.php?rest_route=\/wp\/v2\/posts\/275861\/revisions"}],"wp:featuredmedia":[{"embeddable":true,"href":"https:\/\/www.diarioimagen.net\/index.php?rest_route=\/wp\/v2\/media\/275862"}],"wp:attachment":[{"href":"https:\/\/www.diarioimagen.net\/index.php?rest_route=%2Fwp%2Fv2%2Fmedia&parent=275861"}],"wp:term":[{"taxonomy":"category","embeddable":true,"href":"https:\/\/www.diarioimagen.net\/index.php?rest_route=%2Fwp%2Fv2%2Fcategories&post=275861"},{"taxonomy":"post_tag","embeddable":true,"href":"https:\/\/www.diarioimagen.net\/index.php?rest_route=%2Fwp%2Fv2%2Ftags&post=275861"}],"curies":[{"name":"wp","href":"https:\/\/api.w.org\/{rel}","templated":true}]}}