{"id":275891,"date":"2016-06-23T00:03:19","date_gmt":"2016-06-23T05:03:19","guid":{"rendered":"http:\/\/www.diarioimagen.net\/?p=275891"},"modified":"2016-06-23T06:31:44","modified_gmt":"2016-06-23T11:31:44","slug":"oaxaca-estrangulada","status":"publish","type":"post","link":"https:\/\/www.diarioimagen.net\/?p=275891","title":{"rendered":"Oaxaca, estrangulada"},"content":{"rendered":"<h2>Desde el portal<\/h2>\n<h5>\u00c1ngel Soriano<\/h5>\n<p>&nbsp;<\/p>\n<p>Con desabasto de medicinas y alimentos, escasez de circulante, transporte urbano deficiente, incomunicado por v\u00eda terrestre hacia la ciudad de M\u00e9xico, Puebla, Veracruz y Guerrero; con el Centro Hist\u00f3rico en penumbras, hoteles y restaurantes semivac\u00edos y un creciente ej\u00e9rcito de desocupados, el estado de Oaxaca enfrenta hoy la intransigencia de las partes en conflicto por la reforma educativa.<\/p>\n<p>No es un problema nuevo. Tiene cuatro d\u00e9cadas de existencia en la entidad sin que los gobernantes encuentren una soluci\u00f3n adecuada al conflicto que escala cada vez m\u00e1s, sin que \u201cla visi\u00f3n de Estado\u201d de los funcionarios le encuentre una salida.<\/p>\n<p>El pretendido di\u00e1logo entre la CNTE y Gobernaci\u00f3n choca desde un principio: el titular de la SEP, Aurelio Nu\u00f1o, dice que la reuni\u00f3n nada tiene que ver con lo educativo y que es pol\u00edtica, en tanto que la CNTE dice que es educativo y plantea nueve puntos a resolver, aprovechando su fuerza en movilizaci\u00f3n que oblig\u00f3 a las autoridades a recibirlos.<\/p>\n<p>Si desde el principio ambas partes llevan una agenda diferente, se ve dif\u00edcil que haya un entendimiento.<\/p>\n<p>Nu\u00f1o y el titular de la Segob, Miguel \u00c1ngel Osorio Chong, afirman que la reforma est\u00e1 en marcha y no hay retroceso, la CNTE pide marcha atr\u00e1s.<\/p>\n<p>En tanto, de acuerdo al titular de Sedesol, Jos\u00e9 Antonio Meade, 1.5 millones de beneficiarios de los programas sociales han dejado de recibir los apoyos por la incomunicaci\u00f3n; el titular de la secretar\u00eda de Comunicaciones y Transportes, Gerardo Ruiz Esparza, se\u00f1ala que hay miles de afectados por el cierre de carreteras y lamenta la situaci\u00f3n, en tanto los empresarios piden la declaratoria de Oaxaca como zona de desastre econ\u00f3mico.<\/p>\n<p style=\"text-align: center;\"><b>TURBULENCIAS<br \/>\n<\/b><b>Manlio \u00bfa la SEP\u00a0<\/b><b>o a Econom\u00eda?<\/b><\/p>\n<p>En menos de 24 horas de dejar la dirigencia nacional del PRI, Manlio Fabio Beltrones, es ya bandera pol\u00edtica para el 2018.<\/p>\n<p>Conviene que ocupe la titularidad de la SEP o de Energ\u00eda a punto de quedar vacantes\u2026El presidente de la Asociaci\u00f3n Mexicana de Empresas de Seguridad Privada (AMESP), Roberto Rivera Mier, \u00a0dijo\u00a0que todos los guardias de seguridad privada adscritos a sus empresas, se encuentra ya capacitados para participar en el nuevo Sistema de Justicia Penal, que entr\u00f3 en vigor el s\u00e1bado pasado, pero s\u00f3lo podr\u00e1n actuar en calidad de auxiliares de la autoridad, considerada como primera respondiente, de la polic\u00eda y del Ministerio P\u00fablico de conformidad a lo establecido en el C\u00f3digo Nacional de Procedimientos Penales.<\/p>\n<p>No son autoridad, pues caer\u00edan en usurpaci\u00f3n de funciones, precis\u00f3\u2026El presidente municipal de Oaxaca, Javier Villaca\u00f1a Jim\u00e9nez, design\u00f3\u00a0 a Eduardo Cuauht\u00e9moc Castillo Gonz\u00e1lez, como nuevo\u00a0 titular de la Procuradur\u00eda Social y agradeci\u00f3 y reconoci\u00f3 la labor desempe\u00f1ada por Citlali Celeste Amaya Hern\u00e1ndez, encargada del despacho, y exhort\u00f3 al nuevo titular a realizar un trabajo serio y responsable respondiendo al compromiso de impulsar el desarrollo y mejores condiciones de vida de las familias del municipio con sus 13 agencias\u2026Al encabezar, con el presidente de la Fundaci\u00f3n UAEM\u00e9x, Humberto Ben\u00edtez Trevi\u00f1o, la entrega de 15 becas de titulaci\u00f3n, cuatro acad\u00e9micas \u201cIng. Armando V\u00e1zquez\u201d, tres de manutenci\u00f3n \u201cLic. Adolfo L\u00f3pez Mateos\u201d, cinco reconocimientos a voluntarios de la Facultad de Turismo y Gastronom\u00eda y equipamiento para la Facultad de Qu\u00edmica, el rector de la UAEM, Jorge Olvera Garc\u00eda inform\u00f3 que un 65 por ciento de los casi 80 mil alumnos de la Universidad Aut\u00f3noma del Estado de M\u00e9xico son beneficiados con alg\u00fan tipo de beca y a para el final de su administraci\u00f3n en 2017 es aumentar a 75 por ciento los apoyos\u2026<\/p>\n<p><em><a href=\"http:\/\/www.revista-brecha.com\/\" target=\"_blank\">www.revista-brecha.com<br \/>\n<\/a><a href=\"mailto:asorianodesdelportalo@hotmail.com\" target=\"_blank\">asorianodesdelportalo@hotmail.com<\/a><\/em><\/p>\n","protected":false},"excerpt":{"rendered":"<p><span style=\"color: #005497;\"><strong>\u00c1ngel Soriano<\/strong><\/span><\/p>\n","protected":false},"author":1,"featured_media":0,"comment_status":"open","ping_status":"open","sticky":false,"template":"","format":"standard","meta":{"_monsterinsights_skip_tracking":false,"_monsterinsights_sitenote_active":false,"_monsterinsights_sitenote_note":"","_monsterinsights_sitenote_category":0,"footnotes":""},"categories":[135],"tags":[43674],"class_list":["post-275891","post","type-post","status-publish","format-standard","hentry","category-angel-soriano-opinion","tag-opinion"],"_links":{"self":[{"href":"https:\/\/www.diarioimagen.net\/index.php?rest_route=\/wp\/v2\/posts\/275891","targetHints":{"allow":["GET"]}}],"collection":[{"href":"https:\/\/www.diarioimagen.net\/index.php?rest_route=\/wp\/v2\/posts"}],"about":[{"href":"https:\/\/www.diarioimagen.net\/index.php?rest_route=\/wp\/v2\/types\/post"}],"author":[{"embeddable":true,"href":"https:\/\/www.diarioimagen.net\/index.php?rest_route=\/wp\/v2\/users\/1"}],"replies":[{"embeddable":true,"href":"https:\/\/www.diarioimagen.net\/index.php?rest_route=%2Fwp%2Fv2%2Fcomments&post=275891"}],"version-history":[{"count":0,"href":"https:\/\/www.diarioimagen.net\/index.php?rest_route=\/wp\/v2\/posts\/275891\/revisions"}],"wp:attachment":[{"href":"https:\/\/www.diarioimagen.net\/index.php?rest_route=%2Fwp%2Fv2%2Fmedia&parent=275891"}],"wp:term":[{"taxonomy":"category","embeddable":true,"href":"https:\/\/www.diarioimagen.net\/index.php?rest_route=%2Fwp%2Fv2%2Fcategories&post=275891"},{"taxonomy":"post_tag","embeddable":true,"href":"https:\/\/www.diarioimagen.net\/index.php?rest_route=%2Fwp%2Fv2%2Ftags&post=275891"}],"curies":[{"name":"wp","href":"https:\/\/api.w.org\/{rel}","templated":true}]}}