{"id":275893,"date":"2016-06-23T00:02:47","date_gmt":"2016-06-23T05:02:47","guid":{"rendered":"http:\/\/www.diarioimagen.net\/?p=275893"},"modified":"2016-06-23T06:33:36","modified_gmt":"2016-06-23T11:33:36","slug":"vacante-se-busca-presidente-del-pri","status":"publish","type":"post","link":"https:\/\/www.diarioimagen.net\/?p=275893","title":{"rendered":"Vacante: se busca\u00a0presidente del PRI"},"content":{"rendered":"<h2>Poder y dinero<\/h2>\n<h5>V\u00edctor S\u00e1nchez Ba\u00f1os<\/h5>\n<p>&nbsp;<\/p>\n<p style=\"text-align: right;\"><i>La espiral de la violencia s\u00f3lo la frena el milagro del perd\u00f3n.<br \/>\n<\/i><strong><i>Juan Pablo II (1920-2005) Papa de la Iglesia cat\u00f3lica.<\/i><\/strong><\/p>\n<p>&nbsp;<\/p>\n<p>Nunca antes, desde que tengo referencia hist\u00f3rica, el PRI como partido en el poder, ha sufrido por encontrar un aspirante a la presidencia del Comit\u00e9 Ejecutivo Nacional. Si bien, a la renuncia de Humberto Moreira, al final del calderonismo, no encontraban al dirigente id\u00f3neo, circunstancialmente responsabilizaron por influencia del presidente, a Pedro Joaqu\u00edn Coldwell.<\/p>\n<p>Sin embargo, ahora el panorama se aprecia m\u00e1s complicado despu\u00e9s de la estrepitosa derrota electoral del pri\u00edsmo el pasado 5 de junio.<\/p>\n<p>Es importante la designaci\u00f3n del sucesor de Manlio Fabio, debido a que ese partido el m\u00e1s importante en el pa\u00eds, por el n\u00famero de gobernados y, especialmente, por ser el semillero de pol\u00edticos en el poder, de donde m\u00e1s del 80% de los gobernantes en estados y municipios, tuvieron una cuna pri\u00edsta.<\/p>\n<p>Se filtran nombres de quien pueda dirigir ese instituto pol\u00edtico que, qui\u00e9ranlo o no, es el semillero de pol\u00edticos en el poder. Mencionan a Emilio Gamboa, presidente de la fracci\u00f3n pri\u00edsta en el Senado; la secretaria general de ese partido, Carolina Monroy, as\u00ed como diputados como Carlos Ram\u00edrez Mar\u00edn, Carlos Uriarte. Otros nombres son Beatriz Paredes, C\u00e9sar Duarte, Francisco Olvera, Miguel Alonso Reyes, Mariano Gonz\u00e1lez Zarur, Eruviel \u00c1vila, Francisco Labastida y Alejandro Moreno, entre otros. Sin embargo, dif\u00edcilmente podr\u00e1n contener la pasi\u00f3n sucesoria del 2018 de los tricolores.<\/p>\n<p>La imagen y presencia de Beltrones lo convierte en una pieza estrat\u00e9gica. Conoce perfectamente los intestinos de esa organizaci\u00f3n y adquiri\u00f3 logr\u00f3 el reconocimiento de sus correligionarios para autocriticar a ese instituto, ser escuchado y corregir errores para lograr mantenerse en el poder.<\/p>\n<p>Todav\u00eda es fecha en que no se explican los pri\u00edstas y sobre todo los panistas, la alternancia en 9 entidades del pa\u00eds. Buscan en el PRI culpables y en el PAN hay una euforia que los ciega. Pero al final de cuentas no se dan cuenta, los pol\u00edticos, que el voto de venganza contra los gobernantes imper\u00f3.<\/p>\n<p>De esa manera, ni los azules tienen la presidencia en la bolsa, ni los tricolores est\u00e1n completamente derrotados.<\/p>\n<p>En los escenarios de sucesi\u00f3n en el CEN del PRI, se menciona a Emilio Gamboa, quien tiene un perfil similar al de Beltrones. Pero, \u00bfqui\u00e9n ser\u00eda el sucesor de Gamboa en la presidencia de la fracci\u00f3n senatorial pri\u00edsta, que pudiera mantener el control pol\u00edtico de los tricolores y, especialmente, una mano negociadora y firme con los opositores, precisamente en el \u00faltimo tercio del gobierno de Pe\u00f1a Nieto?<\/p>\n<p><strong>PODEROSOS CABALLEROS.-<\/strong> Hoy se llevar\u00e1 a cabo el refer\u00e9ndum sobre la permanencia de Reino Unido en la Uni\u00f3n Europea. Llamado Brexit, ha puesto con los pelos de punta a los analistas mexicanos, que sobre las rodillas hacen sus an\u00e1lisis, sin tomar en cuenta el fondo de las relaciones econ\u00f3micas y financieras entre mexicano e ingleses. Si la decisi\u00f3n es la salida de RU de la UE, a M\u00e9xico poco le afectar\u00eda; incluso si generara una crisis en Europa, donde el d\u00f3lar se fortalecer\u00eda. Hay mucho brinco en un piso muy parejo o \u00bfhay alguna informaci\u00f3n de fondo que no conocemos los mortales de a pie? Lo cierto es que el nerviosismo de los analistas, impacta a los mercados y hasta los llega a devastar. *** Una noticia realmente negativa es que por segundo a\u00f1o consecutivo M\u00e9xico perdi\u00f3 inter\u00e9s en la lista mundial de las 20 econom\u00edas m\u00e1s atractivas para la Inversi\u00f3n Extranjera Directa. En 2015 cay\u00f3 del lugar 13 al 15, seg\u00fan la Conferencia de las Naciones Unidas sobre Comercio y Desarrollo, Unctad. Del bill\u00f3n 762 mil millones de d\u00f3lares de inversi\u00f3n extranjera directa que fluy\u00f3 en el mundo durante 2015, la econom\u00eda mexicana s\u00f3lo capt\u00f3 1.71%. Mientras que en Estados Unidos obtuvo 380 mil millones de d\u00f3lares (21% del global), Hong Kong 175 mil millones (9.72%), y China 136 mil millones de d\u00f3lares (7.55%). *** Y, otra mala noticia para nuestra econom\u00eda, se refiere al informe de la OCDE, que revela que en M\u00e9xico s\u00f3lo el 42%. Internet, una herramienta vital para el desarrollo de las comunidades, a\u00fan est\u00e1 muy lejos de la realidad tecnol\u00f3gica del orbe.<\/p>\n<p><strong>RESPONSABILIDAD SOCIAL CORPORATIVA.-<\/strong> El gobierno de San Luis Potos\u00ed, al mando de Juan Manuel Carreras, el Fondo Mixto Conacyt, y BMW Group, bajo el liderazgo de Alexander W. Wehr, firmaron el Convenio de Asignaci\u00f3n de Recursos del proyecto \u201cFortalecimiento de la Infraestructura Cient\u00edfica y Tecnol\u00f3gica\u201d para la construcci\u00f3n y operaci\u00f3n, de un Centro de Capacitaci\u00f3n Automotriz. Para ello invertir\u00e1n 100 millones de pesos.<\/p>\n<p><a href=\"mailto:vsanchezb@gmail.com\" target=\"_blank\"><em>vsanchezb@gmail.com<\/em><\/a><\/p>\n<p><em>Twitter, Facebook:<strong>\u00a0vsanchezbano<\/strong><\/em><\/p>\n","protected":false},"excerpt":{"rendered":"<p><span style=\"color: #005497;\"><strong>V\u00edctor S\u00e1nchez Ba\u00f1os<\/strong><\/span><\/p>\n","protected":false},"author":1,"featured_media":0,"comment_status":"open","ping_status":"open","sticky":false,"template":"","format":"standard","meta":{"_monsterinsights_skip_tracking":false,"_monsterinsights_sitenote_active":false,"_monsterinsights_sitenote_note":"","_monsterinsights_sitenote_category":0,"footnotes":""},"categories":[38844],"tags":[43674,38848],"class_list":["post-275893","post","type-post","status-publish","format-standard","hentry","category-victor-sanchez-banos","tag-opinion","tag-victor-sanchez-banos"],"_links":{"self":[{"href":"https:\/\/www.diarioimagen.net\/index.php?rest_route=\/wp\/v2\/posts\/275893","targetHints":{"allow":["GET"]}}],"collection":[{"href":"https:\/\/www.diarioimagen.net\/index.php?rest_route=\/wp\/v2\/posts"}],"about":[{"href":"https:\/\/www.diarioimagen.net\/index.php?rest_route=\/wp\/v2\/types\/post"}],"author":[{"embeddable":true,"href":"https:\/\/www.diarioimagen.net\/index.php?rest_route=\/wp\/v2\/users\/1"}],"replies":[{"embeddable":true,"href":"https:\/\/www.diarioimagen.net\/index.php?rest_route=%2Fwp%2Fv2%2Fcomments&post=275893"}],"version-history":[{"count":0,"href":"https:\/\/www.diarioimagen.net\/index.php?rest_route=\/wp\/v2\/posts\/275893\/revisions"}],"wp:attachment":[{"href":"https:\/\/www.diarioimagen.net\/index.php?rest_route=%2Fwp%2Fv2%2Fmedia&parent=275893"}],"wp:term":[{"taxonomy":"category","embeddable":true,"href":"https:\/\/www.diarioimagen.net\/index.php?rest_route=%2Fwp%2Fv2%2Fcategories&post=275893"},{"taxonomy":"post_tag","embeddable":true,"href":"https:\/\/www.diarioimagen.net\/index.php?rest_route=%2Fwp%2Fv2%2Ftags&post=275893"}],"curies":[{"name":"wp","href":"https:\/\/api.w.org\/{rel}","templated":true}]}}