{"id":275999,"date":"2016-06-24T00:03:57","date_gmt":"2016-06-24T05:03:57","guid":{"rendered":"http:\/\/www.diarioimagen.net\/?p=275999"},"modified":"2016-06-26T23:38:54","modified_gmt":"2016-06-27T04:38:54","slug":"baja-en-tarifas-eleva-acceso-de-internet","status":"publish","type":"post","link":"https:\/\/www.diarioimagen.net\/?p=275999","title":{"rendered":"Baja en tarifas eleva acceso de Internet"},"content":{"rendered":"<ul>\n<li><strong><em>20 millones de mexicanos m\u00e1s<\/em><\/strong><\/li>\n<\/ul>\n<p>&nbsp;<\/p>\n<div id=\"attachment_276052\" style=\"width: 430px\" class=\"wp-caption aligncenter\"><a href=\"http:\/\/www.diarioimagen.net\/?attachment_id=276052\" rel=\"attachment wp-att-276052\"><img loading=\"lazy\" decoding=\"async\" aria-describedby=\"caption-attachment-276052\" class=\"size-large wp-image-276052\" src=\"http:\/\/www.diarioimagen.net\/wp-content\/uploads\/2016\/06\/INTERNET-2896-420x236.jpg\" alt=\"La reforma en telecomunicaciones sum\u00f3 20 millones de mexicanos m\u00e1s con acceso a Internet, ante la reducci\u00f3n de 23 por ciento en las tarifas.\" width=\"420\" height=\"236\" srcset=\"https:\/\/www.diarioimagen.net\/wp-content\/uploads\/2016\/06\/INTERNET-2896-420x236.jpg 420w, https:\/\/www.diarioimagen.net\/wp-content\/uploads\/2016\/06\/INTERNET-2896-240x135.jpg 240w, https:\/\/www.diarioimagen.net\/wp-content\/uploads\/2016\/06\/INTERNET-2896-235x132.jpg 235w, https:\/\/www.diarioimagen.net\/wp-content\/uploads\/2016\/06\/INTERNET-2896-202x114.jpg 202w, https:\/\/www.diarioimagen.net\/wp-content\/uploads\/2016\/06\/INTERNET-2896-350x196.jpg 350w, https:\/\/www.diarioimagen.net\/wp-content\/uploads\/2016\/06\/INTERNET-2896-220x123.jpg 220w, https:\/\/www.diarioimagen.net\/wp-content\/uploads\/2016\/06\/INTERNET-2896-237x132.jpg 237w, https:\/\/www.diarioimagen.net\/wp-content\/uploads\/2016\/06\/INTERNET-2896.jpg 480w\" sizes=\"auto, (max-width: 420px) 100vw, 420px\" \/><\/a><p id=\"caption-attachment-276052\" class=\"wp-caption-text\">La reforma en telecomunicaciones sum\u00f3 20 millones de mexicanos m\u00e1s con acceso a Internet, ante la reducci\u00f3n de 23 por ciento en las tarifas.<\/p><\/div>\n<p>&nbsp;<\/p>\n<p>La subsecretaria de Comunicaciones, M\u00f3nica Aspe, afirm\u00f3 que la entrada en vigor de la reforma en telecomunicaciones sum\u00f3 20 millones de mexicanos m\u00e1s con acceso a Internet, ante la reducci\u00f3n de 23 por ciento en las tarifas del servicio.<\/p>\n<p>\u201cHay 20 millones de ciudadano adicionales que se han conectado, ante el 23 por ciento de reducci\u00f3n de precios en promedio, y seguir\u00e1n otros beneficios porque la reforma contin\u00faa\u201d, asegur\u00f3 la funcionaria de la Secretar\u00eda de Comunicaciones y Transportes (SCT).<\/p>\n<p>En el marco de su participaci\u00f3n de la Cumbre Ministerial de Econom\u00eda Digital 2016, de la Organizaci\u00f3n para la Cooperaci\u00f3n Econ\u00f3micas (OCDE), record\u00f3 que la mayor competencia en el sector traer\u00e1 mejores precios al consumidor.<\/p>\n<p>De acuerdo con datos de la propia SCT, en el breve plazo de vigencia de la reforma se pas\u00f3 de 41 millones de mexicanos conectados a Internet a m\u00e1s de 62 millones.<\/p>\n<p>Asimismo, durante los \u00faltimos a\u00f1os, los usuarios de banda ancha m\u00f3vil pasaron de 22 a 57 suscripciones por cada 100 habitantes.<\/p>\n<p>Aunado a que los hogares con conexi\u00f3n de banda ancha fija pasaron de 7.9 millones a 11.4 millones, es decir, m\u00e1s de un hogar de cada tres en el pa\u00eds ya cuenta con este servicio.<\/p>\n<p>En este contexto, Aspe subray\u00f3 que la reforma redujo costos y de junio de 2013 a diciembre de 2015, en promedio, los precios de los servicios de telecomunicaciones disminuyeron 23 por ciento.<\/p>\n<p>Agreg\u00f3 que con la reforma se elimin\u00f3 la larga distancia nacional, lo que permite ahorros a los usuarios por m\u00e1s de mil millones de d\u00f3lares anuales, as\u00ed como reducciones en los precios de telefon\u00eda m\u00f3vil, de 28 por ciento, y de larga distancia internacional, en 41 por ciento.<\/p>\n<p>\u201cVamos bien. Hemos avanzado muy r\u00e1pido. M\u00e9xico se ha convertido en un l\u00edder en Am\u00e9rica Latina\u201d en la materia, puntualiz\u00f3 la subsecretaria de Comunicaciones de la SCT.<\/p>\n<p>&nbsp;<\/p>\n","protected":false},"excerpt":{"rendered":"<p>La subsecretaria de Comunicaciones, M\u00f3nica Aspe, afirm\u00f3 que la entrada en vigor de la reforma en telecomunicaciones sum\u00f3 20 millones de mexicanos m\u00e1s con acceso a Internet, ante la reducci\u00f3n de 23 por ciento en las tarifas del servicio.<\/p>\n","protected":false},"author":3,"featured_media":276052,"comment_status":"open","ping_status":"open","sticky":false,"template":"","format":"standard","meta":{"_monsterinsights_skip_tracking":false,"_monsterinsights_sitenote_active":false,"_monsterinsights_sitenote_note":"","_monsterinsights_sitenote_category":0,"footnotes":""},"categories":[8],"tags":[1368,43673,347,15506],"class_list":["post-275999","post","type-post","status-publish","format-standard","has-post-thumbnail","hentry","category-finanzas","tag-internet","tag-nacional","tag-sct","tag-tarifas"],"_links":{"self":[{"href":"https:\/\/www.diarioimagen.net\/index.php?rest_route=\/wp\/v2\/posts\/275999","targetHints":{"allow":["GET"]}}],"collection":[{"href":"https:\/\/www.diarioimagen.net\/index.php?rest_route=\/wp\/v2\/posts"}],"about":[{"href":"https:\/\/www.diarioimagen.net\/index.php?rest_route=\/wp\/v2\/types\/post"}],"author":[{"embeddable":true,"href":"https:\/\/www.diarioimagen.net\/index.php?rest_route=\/wp\/v2\/users\/3"}],"replies":[{"embeddable":true,"href":"https:\/\/www.diarioimagen.net\/index.php?rest_route=%2Fwp%2Fv2%2Fcomments&post=275999"}],"version-history":[{"count":0,"href":"https:\/\/www.diarioimagen.net\/index.php?rest_route=\/wp\/v2\/posts\/275999\/revisions"}],"wp:featuredmedia":[{"embeddable":true,"href":"https:\/\/www.diarioimagen.net\/index.php?rest_route=\/wp\/v2\/media\/276052"}],"wp:attachment":[{"href":"https:\/\/www.diarioimagen.net\/index.php?rest_route=%2Fwp%2Fv2%2Fmedia&parent=275999"}],"wp:term":[{"taxonomy":"category","embeddable":true,"href":"https:\/\/www.diarioimagen.net\/index.php?rest_route=%2Fwp%2Fv2%2Fcategories&post=275999"},{"taxonomy":"post_tag","embeddable":true,"href":"https:\/\/www.diarioimagen.net\/index.php?rest_route=%2Fwp%2Fv2%2Ftags&post=275999"}],"curies":[{"name":"wp","href":"https:\/\/api.w.org\/{rel}","templated":true}]}}