{"id":276070,"date":"2016-06-24T00:01:48","date_gmt":"2016-06-24T05:01:48","guid":{"rendered":"http:\/\/www.diarioimagen.net\/?p=276070"},"modified":"2016-06-26T22:46:47","modified_gmt":"2016-06-27T03:46:47","slug":"inaugura-copa-airlines-vuelos-directos-de-panama-a-holguin-cuba-con-dos-frecuencias-semanales","status":"publish","type":"post","link":"https:\/\/www.diarioimagen.net\/?p=276070","title":{"rendered":"Inaugura <em>Copa Airlines<\/em> vuelos directos de Panam\u00e1 a Holgu\u00edn, Cuba, con dos frecuencias semanales"},"content":{"rendered":"<h2>De cinco estrellas<\/h2>\n<h5>Victoria Gonz\u00e1lez Prado<\/h5>\n<p>&nbsp;<\/p>\n<ul>\n<li><em><strong>Crea tu \u00e1lbum de ensue\u00f1o, utilizando la galer\u00eda de im\u00e1genes de <\/strong><\/em><strong>Expedia.MX<\/strong><em><strong> y gana un viaje en M\u00e9xico<\/strong><\/em><\/li>\n<li><em><strong>Monterrey-Chicago es la nueva ruta que estren\u00f3 Volaris, con la que la aerol\u00ednea fortalece su conectividad internacional<\/strong><\/em><\/li>\n<\/ul>\n<p>&nbsp;<\/p>\n<div id=\"attachment_276096\" style=\"width: 430px\" class=\"wp-caption aligncenter\"><a href=\"http:\/\/www.diarioimagen.net\/?attachment_id=276096\" rel=\"attachment wp-att-276096\"><img loading=\"lazy\" decoding=\"async\" aria-describedby=\"caption-attachment-276096\" class=\"size-large wp-image-276096\" src=\"http:\/\/www.diarioimagen.net\/wp-content\/uploads\/2016\/06\/turismo-2896-420x236.jpg\" alt=\"De Panam\u00e1 a Holgu\u00edn.\" width=\"420\" height=\"236\" srcset=\"https:\/\/www.diarioimagen.net\/wp-content\/uploads\/2016\/06\/turismo-2896-420x236.jpg 420w, https:\/\/www.diarioimagen.net\/wp-content\/uploads\/2016\/06\/turismo-2896-240x135.jpg 240w, https:\/\/www.diarioimagen.net\/wp-content\/uploads\/2016\/06\/turismo-2896-235x132.jpg 235w, https:\/\/www.diarioimagen.net\/wp-content\/uploads\/2016\/06\/turismo-2896-202x114.jpg 202w, https:\/\/www.diarioimagen.net\/wp-content\/uploads\/2016\/06\/turismo-2896-350x196.jpg 350w, https:\/\/www.diarioimagen.net\/wp-content\/uploads\/2016\/06\/turismo-2896-220x123.jpg 220w, https:\/\/www.diarioimagen.net\/wp-content\/uploads\/2016\/06\/turismo-2896-237x132.jpg 237w, https:\/\/www.diarioimagen.net\/wp-content\/uploads\/2016\/06\/turismo-2896.jpg 480w\" sizes=\"auto, (max-width: 420px) 100vw, 420px\" \/><\/a><p id=\"caption-attachment-276096\" class=\"wp-caption-text\">De Panam\u00e1 a Holgu\u00edn.<\/p><\/div>\n<p>&nbsp;<\/p>\n<p>Hace unos d\u00edas, <em>Copa Airlines<\/em> inici\u00f3 operaciones hacia y desde la hermosa ciudad de Holgu\u00edn, en Cuba, conectando, por medio del <em>Hub <\/em>de las Am\u00e9ricas, en la Ciudad de Panam\u00e1, el atractivo oriente de la isla con la extensa red de destinos de la aerol\u00ednea de bandera paname\u00f1a (74 destinos en 31 pa\u00edses de Norte, Centro, Sur Am\u00e9rica y el Caribe).<\/p>\n<p><strong>Pedro Heilbron<\/strong>, CEO de <em>Copa Airlines<\/em>, se\u00f1al\u00f3 que \u201cpara la aerol\u00ednea es motivo de orgullo iniciar operaciones a Holgu\u00edn, nuestro tercer destino en la isla, con el que consolidamos nuestro liderazgo en la regi\u00f3n, volando a 15 destinos en el Caribe, fortaleciendo la conectividad que ofrece el <em>Hub<\/em> de las Am\u00e9ricas en la Ciudad de Panam\u00e1. El compromiso, es seguir contribuyendo a que esa conectividad contin\u00fae elevando el perfil de Cuba como epicentro tur\u00edstico y cultural en la regi\u00f3n, mejorando de forma muy importante la inserci\u00f3n de este pa\u00eds con el resto de Am\u00e9rica\u201d.<\/p>\n<p>Holgu\u00edn, proclamada por Crist\u00f3bal Col\u00f3n, en 1492, como \u201cla tierra m\u00e1s hermosa que el hombre haya visto jam\u00e1s\u201d, es considerada como el tercer destino de mayor relevancia de la isla por sus importantes atractivos tur\u00edsticos, que permiten a los viajeros vivir una experiencia \u00fanica. Destacan las aguas cristalinas de sus m\u00e1s de 40 playas, su enriquecedora vida marina y amplias zonas boscosas. Dentro de sus principales atractivos naturales est\u00e1n el Salto del Guayabo, Cayo Bariay, Marina Vita, Cayo Saet\u00eda, entre otros.<\/p>\n<p>Para los amantes del turismo cultural e hist\u00f3rico, Holgu\u00edn ofrece la oportunidad de observar sitios de gran relevancia como la reserva de la biosfera \u201cCuchillas del Toa\u201d, el parque nacional \u201cAlexander Von Humboldt\u201d, declarados por la Unesco como Patrimonio de la Humanidad, el sendero del cacao en la Finca Duaba, el Parque Carlos Manuel de C\u00e9spedes y la Plaza Antonio Maceo.<\/p>\n<p>Durante la ceremonia de vuelo inaugural, realizado en el Aeropuerto Internacional de Tocumen en Panam\u00e1, los invitados celebraron junto con los directivos, el personal de la aerol\u00ednea y reconocidas personalidades como: <strong>Augusto Arosemena<\/strong>, ministro de Comercio e Industrias; <strong>Francisco Escobar<\/strong>, embajador de Panam\u00e1 en Cuba; <strong>Antonio Miguel Pardo<\/strong>, embajador de Cuba en Panam\u00e1, y <strong>Joseph Fidanque III<\/strong>, gerente general del Aeropuerto Internacional de Tocumen.<\/p>\n<p>\u201cLa apertura de este nuevo destino, es s\u00f3lo uno de los muchos eventos que siguen confirmando la solidez y estabilidad econ\u00f3mica de nuestro pa\u00eds, que es producto de factores que nos han convertido en una naci\u00f3n altamente competitiva. S\u00f3lo me queda felicitar a la empresa COPA Airlines por esta iniciativa, la cual redundar\u00e1 en un auge tur\u00edstico y comercial tanto para Cuba como para Panam\u00e1\u201d,<\/p>\n<p>Por su parte, el ministro de Comercio e Industrias de Panam\u00e1, <strong>Augusto Arosemena<\/strong>, indic\u00f3 que el vuelo CM 400 iniciar\u00e1 con dos frecuencias semanales los d\u00edas martes y s\u00e1bados, saliendo a las 9:01 am del Aeropuerto Internacional de Tocumen, en Panam\u00e1, y llegando a las 12:31 pm al Aeropuerto Internacional Frank Pa\u00eds, en Holgu\u00edn, Cuba. El vuelo de regreso, CM 401, partir\u00e1 los mismos d\u00edas desde Holgu\u00edn a las 13:21 pm llegando a Panam\u00e1 a las 14:47 pm. El tiempo aproximado de vuelo es de 2 horas y 30 minutos<\/p>\n<p>Para el vuelo directo hacia Holgu\u00edn, <em>Copa Airlines<\/em> operar\u00e1 un moderno avi\u00f3n <em>Embraer 190<\/em>, con capacidad para transportar a 94 viajeros, 10 en la Clase Ejecutiva y 84 en la cabina principal. Esta aeronave cuenta dos asientos a cada lado del pasillo, que la hacen de la experiencia de vuelo c\u00f3moda y placentera.<\/p>\n<p>\u2730\u2730\u2730\u2730\u2730 Ganar un viaje en M\u00e9xico nunca ha sido tan f\u00e1cil. Crea tu \u00e1lbum de ensue\u00f1o utilizando la galer\u00eda de im\u00e1genes de Expedia.MX\u00a0y podr\u00edas ganar tu viaje perfecto en M\u00e9xico, con un valor aproximado de 40,000 pesos. Participa, s\u00f3lo tienes que entrar en bit.ly\/28J0Qie, y seguir #MiViajePerfecto #promocion. Entra desde tu computadora o desde un dispositivo m\u00f3vil en el que puedes descargar la <em>app<\/em> de Expedia.<\/p>\n<p>La galer\u00eda de im\u00e1genes cuenta con la tecnolog\u00eda m\u00e1s avanzada para poner a tu disposici\u00f3n miles de fotos del mundo tomadas por fot\u00f3grafos profesionales. Adem\u00e1s tiene videos e informaci\u00f3n de destinos para ser usadas en contenidos digitales. Y lo mejor de todo es que es gratis.<\/p>\n<p>Encontrar\u00e1s m\u00e1s de 126 mil fotograf\u00edas, 200 videos, 120 pa\u00edses plasmados, rincones de 2,197 ciudades y 5,995 puntos de inter\u00e9s.<\/p>\n<p>\u2730\u2730\u2730\u2730\u2730 Monterrey-Chicago (O\u00b4Hare), es la nueva ruta que estren\u00f3 Volaris con la que la aerol\u00ednea fortalece su conectividad internacional en favor de sus clientes y de la conectividad e intercambio entre ambas ciudades. Una vez m\u00e1s la aerol\u00ednea borra las fronteras y acerca a\u00fan m\u00e1s a sus clientes en ambos pa\u00edses, basados en nuestra estrategia de comunicar a amigos y familiares. Para M\u00e9xico la ciudad de Chicago es un destino muy importante pues, de acuerdo con un estudio publicado por el <em>Migration Policy Intitute<\/em> (MPI), se estima que en dicha ciudad habitan 700 mil mexicanos, lo que representa la segunda poblaci\u00f3n de mexicanos m\u00e1s grande fuera del pa\u00eds.<\/p>\n<p>Adem\u00e1s, como una de las \u00e1ereas metropolitanas m\u00e1s grandes de los Estados Unidos, Chicago es una fuerza econ\u00f3mica importante y un centro cultural que tiene mucho que ofrecer a los viajeros mexicanos.<\/p>\n<p>Por otra parte, Monterrey es tambi\u00e9n una de las ciudades m\u00e1s importantes de nuestro pa\u00eds y representa una zona de alto desarrollo en diversos aspectos, sobre todo en el sector industrial y de negocios.<\/p>\n<p>\u201cEstamos muy orgullosos de poder conectar estas dos ciudades tan importantes para ambos pa\u00edses, con el objetivo de estrechar la relaci\u00f3n entre naciones. Estamos convencidos de que las acciones realizadas contribuir\u00e1n a impulsar el desarrollo y el intercambio entre ambas latitudes, adem\u00e1s de ofrecer una eficaz opci\u00f3n de conectividad para la gran comunidad mexicana en Chicago\u201d, dijo <strong>Holger Blankenstein<\/strong>, director Comercial de la compa\u00f1\u00eda a\u00e9rea.<\/p>\n<p>Las frecuencias y horarios con las que cuenta esta ruta: Monterrey, Nuevo Le\u00f3n Chicago, Illinois), (Lunes y viernes). Salida de Monterrey a las 6:45 am, llegando a Chicago a las 10:00 am. Salida de Chicago a las 11:15 am., llegando a Monterrey a las 2:44 pm.<\/p>\n<p>Los boletos se pueden adquirir con una tarifa desde 106 d\u00f3lares por vuelo sencillo y con impuestos incluidos, gracias a la compra anticipada y al programa \u201cT\u00fa decides\u201d, donde s\u00f3lo pagas por los servicios que necesitas. M\u00e1s informaci\u00f3n: Volaris.com.<\/p>\n<p><em><a href=\"mailto:victoriagprado@gmail.com\" target=\"_blank\">victoriagprado@gmail.com<\/a><\/em><br \/>\n<em> Twitter: <a href=\"https:\/\/twitter.com\/victoriagprado\" target=\"_blank\">@victoriagprado<\/a><\/em><\/p>\n","protected":false},"excerpt":{"rendered":"<p>Hace unos d\u00edas, <em>Copa Airlines<\/em> inici\u00f3 operaciones hacia y desde la hermosa ciudad de Holgu\u00edn, en Cuba, conectando, por medio del <em>Hub <\/em>de las Am\u00e9ricas, en la Ciudad de Panam\u00e1, el atractivo oriente de la isla con la extensa red de destinos de la aerol\u00ednea de bandera paname\u00f1a (74 destinos en 31 pa\u00edses de Norte, Centro, Sur Am\u00e9rica y el Caribe).<\/p>\n","protected":false},"author":3,"featured_media":276096,"comment_status":"open","ping_status":"open","sticky":false,"template":"","format":"standard","meta":{"_monsterinsights_skip_tracking":false,"_monsterinsights_sitenote_active":false,"_monsterinsights_sitenote_note":"","_monsterinsights_sitenote_category":0,"footnotes":""},"categories":[11],"tags":[107,43674,106],"class_list":["post-276070","post","type-post","status-publish","format-standard","has-post-thumbnail","hentry","category-turismo","tag-de-cinco-estrellas","tag-opinion","tag-victoria-gonzalez-prado"],"_links":{"self":[{"href":"https:\/\/www.diarioimagen.net\/index.php?rest_route=\/wp\/v2\/posts\/276070","targetHints":{"allow":["GET"]}}],"collection":[{"href":"https:\/\/www.diarioimagen.net\/index.php?rest_route=\/wp\/v2\/posts"}],"about":[{"href":"https:\/\/www.diarioimagen.net\/index.php?rest_route=\/wp\/v2\/types\/post"}],"author":[{"embeddable":true,"href":"https:\/\/www.diarioimagen.net\/index.php?rest_route=\/wp\/v2\/users\/3"}],"replies":[{"embeddable":true,"href":"https:\/\/www.diarioimagen.net\/index.php?rest_route=%2Fwp%2Fv2%2Fcomments&post=276070"}],"version-history":[{"count":0,"href":"https:\/\/www.diarioimagen.net\/index.php?rest_route=\/wp\/v2\/posts\/276070\/revisions"}],"wp:featuredmedia":[{"embeddable":true,"href":"https:\/\/www.diarioimagen.net\/index.php?rest_route=\/wp\/v2\/media\/276096"}],"wp:attachment":[{"href":"https:\/\/www.diarioimagen.net\/index.php?rest_route=%2Fwp%2Fv2%2Fmedia&parent=276070"}],"wp:term":[{"taxonomy":"category","embeddable":true,"href":"https:\/\/www.diarioimagen.net\/index.php?rest_route=%2Fwp%2Fv2%2Fcategories&post=276070"},{"taxonomy":"post_tag","embeddable":true,"href":"https:\/\/www.diarioimagen.net\/index.php?rest_route=%2Fwp%2Fv2%2Ftags&post=276070"}],"curies":[{"name":"wp","href":"https:\/\/api.w.org\/{rel}","templated":true}]}}