{"id":276195,"date":"2016-06-27T00:10:39","date_gmt":"2016-06-27T05:10:39","guid":{"rendered":"http:\/\/www.diarioimagen.net\/?p=276195"},"modified":"2016-06-27T04:52:17","modified_gmt":"2016-06-27T09:52:17","slug":"hay-firmeza-para-proteger-a-mujeres-afirma-eruviel-avila","status":"publish","type":"post","link":"https:\/\/www.diarioimagen.net\/?p=276195","title":{"rendered":"Hay firmeza para proteger a mujeres, afirma Eruviel \u00c1vila"},"content":{"rendered":"<ul>\n<li><em><strong>Combate a la impunidad<\/strong><\/em><\/li>\n<\/ul>\n<p>&nbsp;<\/p>\n<div id=\"attachment_276293\" style=\"width: 430px\" class=\"wp-caption aligncenter\"><a href=\"http:\/\/www.diarioimagen.net\/?attachment_id=276293\" rel=\"attachment wp-att-276293\"><img loading=\"lazy\" decoding=\"async\" aria-describedby=\"caption-attachment-276293\" class=\"size-large wp-image-276293\" src=\"http:\/\/www.diarioimagen.net\/wp-content\/uploads\/2016\/06\/eruviel-2897-420x236.jpg\" alt=\"Eruviel \u00c1vila sostuvo que en el Estado de M\u00e9xico se seguir\u00e1 castigando a los criminales, delincuentes cobardes que abusan de su fuerza para afectar a una mujer, m\u00e1s en casos como \u00e9ste, que era su pareja.\" width=\"420\" height=\"236\" srcset=\"https:\/\/www.diarioimagen.net\/wp-content\/uploads\/2016\/06\/eruviel-2897-420x236.jpg 420w, https:\/\/www.diarioimagen.net\/wp-content\/uploads\/2016\/06\/eruviel-2897-240x135.jpg 240w, https:\/\/www.diarioimagen.net\/wp-content\/uploads\/2016\/06\/eruviel-2897-768x432.jpg 768w, https:\/\/www.diarioimagen.net\/wp-content\/uploads\/2016\/06\/eruviel-2897-480x270.jpg 480w, https:\/\/www.diarioimagen.net\/wp-content\/uploads\/2016\/06\/eruviel-2897-235x132.jpg 235w, https:\/\/www.diarioimagen.net\/wp-content\/uploads\/2016\/06\/eruviel-2897-202x114.jpg 202w, https:\/\/www.diarioimagen.net\/wp-content\/uploads\/2016\/06\/eruviel-2897-350x196.jpg 350w, https:\/\/www.diarioimagen.net\/wp-content\/uploads\/2016\/06\/eruviel-2897-220x123.jpg 220w, https:\/\/www.diarioimagen.net\/wp-content\/uploads\/2016\/06\/eruviel-2897-237x132.jpg 237w, https:\/\/www.diarioimagen.net\/wp-content\/uploads\/2016\/06\/eruviel-2897.jpg 1200w\" sizes=\"auto, (max-width: 420px) 100vw, 420px\" \/><\/a><p id=\"caption-attachment-276293\" class=\"wp-caption-text\">Eruviel \u00c1vila sostuvo que en el Estado de M\u00e9xico se seguir\u00e1 castigando a los criminales, delincuentes cobardes que abusan de su fuerza para afectar a una mujer, m\u00e1s en casos como \u00e9ste, que era su pareja.<\/p><\/div>\n<p>&nbsp;<\/p>\n<p><strong>Almoloya de Ju\u00e1rez, Estado de M\u00e9xico<\/strong>.- Luego de dar a conocer la detenci\u00f3n del esposo de Mariana Lima, como presunto responsable de su homicidio en 2010, el gobernador Eruviel \u00c1vila Villegas destac\u00f3 este logro es resultado de una investigaci\u00f3n que las autoridades ministeriales mexiquenses realizaron desde la perspectiva de g\u00e9nero, con lo cual se hace justicia a la v\u00edctima y a sus familiares, que lucharon durante seis a\u00f1os por aclarar el caso.<\/p>\n<p>Por ello, asegur\u00f3 que este sujeto, que en aquel tiempo se desempe\u00f1aba como polic\u00eda ministerial, estar\u00e1 en la c\u00e1rcel y pagar\u00e1 por su delito, porque en el Estado de M\u00e9xico se cuenta con instituciones s\u00f3lidas en el combate a la impunidad y la corrupci\u00f3n, mediante las cuales se ejerce toda la fuerza de la ley para quien atente contra las mujeres.<\/p>\n<p>\u201cEl juez, estoy cierto, le habr\u00e1 de imponer una sanci\u00f3n ejemplar para que pague este homicidio, que pague la comisi\u00f3n de este delito. Pero, sobre todo, para que le quede claro a aquellos que se atreven a tocar a una mujer, que sepan que vamos sobre de ellos, a una mujer no se le debe tocar ni con el p\u00e9talo de una rosa, a la mujer se le respeta, a la mujer se le apoya, se le quiere, se le protege. As\u00ed es que sepan que la autoridad ejerce la ley con toda la fuerza, con toda la firmeza\u201d, afirm\u00f3.<\/p>\n<p>Este caso es hist\u00f3rico, pues se trata del primero que la Suprema Corte de Justicia de la Naci\u00f3n ordena reabrir, pues en principio se ten\u00eda considerado como suicidio, para que se investigara desde la perspectiva de g\u00e9nero.<\/p>\n<p>Por ello, aplaudi\u00f3 el valor de la familia de Mariana Lima Buend\u00eda, quien perdiera la vida en 2010, en el municipio de Chimalhuac\u00e1n, supuestamente por suicidio, pero ellos lucharon para que no se cerrara el caso, y con el apoyo del Observatorio Ciudadano Nacional del Feminicidio, se present\u00f3 una demanda ante la Suprema Corte, que determin\u00f3 reabrirlo, con el resultado de la detenci\u00f3n de Julio C\u00e9sar Hern\u00e1ndez Ballinas, quien era pareja de la v\u00edctima.<\/p>\n<p>\u201cYo soy un hombre de instituciones, son un hombre derecho y del estado de Derecho; soy un hombre que acata la ley y que acata las instrucciones de las instituciones, como es el caso del m\u00e1ximo tribunal del pa\u00eds. Reabrimos el caso tal y como se nos orden\u00f3, y hoy les quiero informar que, de entrada, esto no fue un suicidio como se hab\u00eda referido, fue un homicidio cometido por la pareja de Mariana Lima Buend\u00eda\u201d, concluy\u00f3.<\/p>\n<p>Eruviel \u00c1vila sostuvo que en el Estado de M\u00e9xico se seguir\u00e1 castigando a los criminales, delincuentes cobardes que abusan de su fuerza para afectar a una mujer, m\u00e1s en casos como \u00e9ste, que era su pareja.<\/p>\n<p>Julio C\u00e9sar Hern\u00e1ndez Ballinas fue trasladado a un Centro Preventivo en Nezahualc\u00f3tyotl\u00a0 y puesto a disposici\u00f3n de un juez.<\/p>\n","protected":false},"excerpt":{"rendered":"<p>Luego de dar a conocer la detenci\u00f3n del esposo de Mariana Lima, como presunto responsable de su homicidio en 2010, el gobernador Eruviel \u00c1vila Villegas destac\u00f3 este logro es resultado de una investigaci\u00f3n que las autoridades ministeriales mexiquenses realizaron desde la perspectiva de g\u00e9nero, con lo cual se hace justicia a la v\u00edctima y a sus familiares, que lucharon durante seis a\u00f1os por aclarar el caso.<\/p>\n","protected":false},"author":3,"featured_media":276293,"comment_status":"open","ping_status":"open","sticky":false,"template":"","format":"standard","meta":{"_monsterinsights_skip_tracking":false,"_monsterinsights_sitenote_active":false,"_monsterinsights_sitenote_note":"","_monsterinsights_sitenote_category":0,"footnotes":""},"categories":[5],"tags":[1046,5828,43675,37069],"class_list":["post-276195","post","type-post","status-publish","format-standard","has-post-thumbnail","hentry","category-estado-de-mexico","tag-almoloya-de-juarez","tag-eruviel-avila-villegas","tag-estado-de-mexico","tag-proteger"],"_links":{"self":[{"href":"https:\/\/www.diarioimagen.net\/index.php?rest_route=\/wp\/v2\/posts\/276195","targetHints":{"allow":["GET"]}}],"collection":[{"href":"https:\/\/www.diarioimagen.net\/index.php?rest_route=\/wp\/v2\/posts"}],"about":[{"href":"https:\/\/www.diarioimagen.net\/index.php?rest_route=\/wp\/v2\/types\/post"}],"author":[{"embeddable":true,"href":"https:\/\/www.diarioimagen.net\/index.php?rest_route=\/wp\/v2\/users\/3"}],"replies":[{"embeddable":true,"href":"https:\/\/www.diarioimagen.net\/index.php?rest_route=%2Fwp%2Fv2%2Fcomments&post=276195"}],"version-history":[{"count":0,"href":"https:\/\/www.diarioimagen.net\/index.php?rest_route=\/wp\/v2\/posts\/276195\/revisions"}],"wp:featuredmedia":[{"embeddable":true,"href":"https:\/\/www.diarioimagen.net\/index.php?rest_route=\/wp\/v2\/media\/276293"}],"wp:attachment":[{"href":"https:\/\/www.diarioimagen.net\/index.php?rest_route=%2Fwp%2Fv2%2Fmedia&parent=276195"}],"wp:term":[{"taxonomy":"category","embeddable":true,"href":"https:\/\/www.diarioimagen.net\/index.php?rest_route=%2Fwp%2Fv2%2Fcategories&post=276195"},{"taxonomy":"post_tag","embeddable":true,"href":"https:\/\/www.diarioimagen.net\/index.php?rest_route=%2Fwp%2Fv2%2Ftags&post=276195"}],"curies":[{"name":"wp","href":"https:\/\/api.w.org\/{rel}","templated":true}]}}