{"id":276197,"date":"2016-06-27T00:08:20","date_gmt":"2016-06-27T05:08:20","guid":{"rendered":"http:\/\/www.diarioimagen.net\/?p=276197"},"modified":"2016-06-27T05:10:21","modified_gmt":"2016-06-27T10:10:21","slug":"continuaran-programas-y-desarrollo-social-pese-a-condicion-economica-mundial","status":"publish","type":"post","link":"https:\/\/www.diarioimagen.net\/?p=276197","title":{"rendered":"Continuar\u00e1n programas y desarrollo social, pese a condici\u00f3n econ\u00f3mica mundial"},"content":{"rendered":"<p><a href=\"http:\/\/www.diarioimagen.net\/?attachment_id=276317\" rel=\"attachment wp-att-276317\"><img loading=\"lazy\" decoding=\"async\" class=\"aligncenter size-large wp-image-276317\" src=\"http:\/\/www.diarioimagen.net\/wp-content\/uploads\/2016\/06\/programas-edomex-2897-420x267.jpg\" alt=\"programas-edomex-2897\" width=\"420\" height=\"267\" srcset=\"https:\/\/www.diarioimagen.net\/wp-content\/uploads\/2016\/06\/programas-edomex-2897-420x267.jpg 420w, https:\/\/www.diarioimagen.net\/wp-content\/uploads\/2016\/06\/programas-edomex-2897-240x153.jpg 240w, https:\/\/www.diarioimagen.net\/wp-content\/uploads\/2016\/06\/programas-edomex-2897.jpg 700w\" sizes=\"auto, (max-width: 420px) 100vw, 420px\" \/><\/a><\/p>\n<p>&nbsp;<\/p>\n<p><strong>Almoloya de Ju\u00e1rez, Estado de M\u00e9xico.-<\/strong> El gobernador Eruviel \u00c1vila garantiz\u00f3 que los programas de salud, educaci\u00f3n para mujeres y de desarrollo social del Estado de M\u00e9xico se mantendr\u00e1n y no ser\u00e1n afectados por las condiciones de la econom\u00eda mundial, luego de la decisi\u00f3n de Gran Breta\u00f1a de salir de la Uni\u00f3n Europea; adem\u00e1s, aclar\u00f3 que el recorte del presupuesto federal anunciado por la Secretar\u00eda de Hacienda no afectar\u00e1 a ning\u00fan estado del pa\u00eds.<\/p>\n","protected":false},"excerpt":{"rendered":"<p>El gobernador Eruviel \u00c1vila garantiz\u00f3 que los programas de salud, educaci\u00f3n para mujeres y de desarrollo social del Estado de M\u00e9xico se mantendr\u00e1n y no ser\u00e1n afectados por las condiciones de la econom\u00eda mundial, luego de la decisi\u00f3n de Gran Breta\u00f1a de salir de la Uni\u00f3n Europea; adem\u00e1s, aclar\u00f3 que el recorte del presupuesto federal anunciado por la Secretar\u00eda de Hacienda no afectar\u00e1 a ning\u00fan estado del pa\u00eds.<\/p>\n","protected":false},"author":3,"featured_media":276317,"comment_status":"open","ping_status":"open","sticky":false,"template":"","format":"standard","meta":{"_monsterinsights_skip_tracking":false,"_monsterinsights_sitenote_active":false,"_monsterinsights_sitenote_note":"","_monsterinsights_sitenote_category":0,"footnotes":""},"categories":[35155],"tags":[1046,43675],"class_list":["post-276197","post","type-post","status-publish","format-standard","has-post-thumbnail","hentry","category-estado-de-mexico-estado-de-mexico","tag-almoloya-de-juarez","tag-estado-de-mexico"],"_links":{"self":[{"href":"https:\/\/www.diarioimagen.net\/index.php?rest_route=\/wp\/v2\/posts\/276197","targetHints":{"allow":["GET"]}}],"collection":[{"href":"https:\/\/www.diarioimagen.net\/index.php?rest_route=\/wp\/v2\/posts"}],"about":[{"href":"https:\/\/www.diarioimagen.net\/index.php?rest_route=\/wp\/v2\/types\/post"}],"author":[{"embeddable":true,"href":"https:\/\/www.diarioimagen.net\/index.php?rest_route=\/wp\/v2\/users\/3"}],"replies":[{"embeddable":true,"href":"https:\/\/www.diarioimagen.net\/index.php?rest_route=%2Fwp%2Fv2%2Fcomments&post=276197"}],"version-history":[{"count":0,"href":"https:\/\/www.diarioimagen.net\/index.php?rest_route=\/wp\/v2\/posts\/276197\/revisions"}],"wp:featuredmedia":[{"embeddable":true,"href":"https:\/\/www.diarioimagen.net\/index.php?rest_route=\/wp\/v2\/media\/276317"}],"wp:attachment":[{"href":"https:\/\/www.diarioimagen.net\/index.php?rest_route=%2Fwp%2Fv2%2Fmedia&parent=276197"}],"wp:term":[{"taxonomy":"category","embeddable":true,"href":"https:\/\/www.diarioimagen.net\/index.php?rest_route=%2Fwp%2Fv2%2Fcategories&post=276197"},{"taxonomy":"post_tag","embeddable":true,"href":"https:\/\/www.diarioimagen.net\/index.php?rest_route=%2Fwp%2Fv2%2Ftags&post=276197"}],"curies":[{"name":"wp","href":"https:\/\/api.w.org\/{rel}","templated":true}]}}