{"id":276201,"date":"2016-06-27T00:06:49","date_gmt":"2016-06-27T05:06:49","guid":{"rendered":"http:\/\/www.diarioimagen.net\/?p=276201"},"modified":"2016-06-27T05:01:02","modified_gmt":"2016-06-27T10:01:02","slug":"en-atizapan-acercan-el-ayuntamiento-a-la-ciudadania","status":"publish","type":"post","link":"https:\/\/www.diarioimagen.net\/?p=276201","title":{"rendered":"En Atizap\u00e1n acercan el ayuntamiento a la ciudadan\u00eda"},"content":{"rendered":"<ul>\n<li><strong><em>Realiza Primer Gobierno Infantil<\/em><\/strong><\/li>\n<\/ul>\n<p>&nbsp;<\/p>\n<div id=\"attachment_276300\" style=\"width: 430px\" class=\"wp-caption aligncenter\"><a href=\"http:\/\/www.diarioimagen.net\/?attachment_id=276300\" rel=\"attachment wp-att-276300\"><img loading=\"lazy\" decoding=\"async\" aria-describedby=\"caption-attachment-276300\" class=\"size-large wp-image-276300\" src=\"http:\/\/www.diarioimagen.net\/wp-content\/uploads\/2016\/06\/ATIZAPAN-2897-420x236.jpg\" alt=\"La alcaldesa Ana Balderas Trejo dio la bienvenida a los m\u00e1s de 40 peque\u00f1os que participaron en el Primer Gobierno Infantil.\" width=\"420\" height=\"236\" srcset=\"https:\/\/www.diarioimagen.net\/wp-content\/uploads\/2016\/06\/ATIZAPAN-2897-420x236.jpg 420w, https:\/\/www.diarioimagen.net\/wp-content\/uploads\/2016\/06\/ATIZAPAN-2897-240x135.jpg 240w, https:\/\/www.diarioimagen.net\/wp-content\/uploads\/2016\/06\/ATIZAPAN-2897-235x132.jpg 235w, https:\/\/www.diarioimagen.net\/wp-content\/uploads\/2016\/06\/ATIZAPAN-2897-202x114.jpg 202w, https:\/\/www.diarioimagen.net\/wp-content\/uploads\/2016\/06\/ATIZAPAN-2897-350x196.jpg 350w, https:\/\/www.diarioimagen.net\/wp-content\/uploads\/2016\/06\/ATIZAPAN-2897-220x123.jpg 220w, https:\/\/www.diarioimagen.net\/wp-content\/uploads\/2016\/06\/ATIZAPAN-2897-237x132.jpg 237w, https:\/\/www.diarioimagen.net\/wp-content\/uploads\/2016\/06\/ATIZAPAN-2897.jpg 480w\" sizes=\"auto, (max-width: 420px) 100vw, 420px\" \/><\/a><p id=\"caption-attachment-276300\" class=\"wp-caption-text\">La alcaldesa Ana Balderas Trejo dio la bienvenida a los m\u00e1s de 40 peque\u00f1os que participaron en el Primer Gobierno Infantil.<\/p><\/div>\n<p>&nbsp;<\/p>\n<p><strong>Atizap\u00e1n, Estado de M\u00e9xico<\/strong>.- Como parte de las actividades que lleva a cabo la administraci\u00f3n que encabeza Ana Balderas Trejo, se realiz\u00f3 el Primer Gobierno Infantil, que tiene como objetivo acercar el ayuntamiento a la ciudadan\u00eda, especialmente con los ni\u00f1os para que conozcan de primera mano las actividades que en \u00e9l se llevan a cabo en beneficio de la comunidad.<\/p>\n<p>Durante el evento se cont\u00f3 con la presencia de \u00a0la alcaldesa, quien dio la bienvenida a los m\u00e1s de 40 peque\u00f1os que participaron de este Primer Gobierno Infantil, en el que los elegidos representaron a miembros del cabildo y directores de \u00e1rea.<\/p>\n<p>Asimismo, la alumna Valeria dio el mensaje de bienvenida y agradeci\u00f3 la oportunidad que se les brind\u00f3 de representar a cada uno de los directores y regidores de la administraci\u00f3n, de igual forma coment\u00f3 que es de suma importancia que las ni\u00f1as y ni\u00f1os conozcan como funciona el gobierno desde cada una de las direcciones que lo conforman.<\/p>\n<p>Por su parte, el secretario del Ayuntamiento, Juan Mauro Granja Jim\u00e9nez, subray\u00f3 la importancia de brindarle a la ni\u00f1ez y juventud del municipio todas las herramientas para salir adelante y contar con informaci\u00f3n para que en un futuro ellos comprendan las acciones que se realizan dentro del ayuntamiento.<\/p>\n<p>Entre las peticiones que realizaron los ni\u00f1os destac\u00f3 la seguridad p\u00fablica, por lo que\u00a0la presidenta municipal se\u00f1al\u00f3 que se ha disminuido un 5% el indice delictivo,\u00a0y record\u00f3 la adquisici\u00f3n de nuevo equipo para que los elementos de Seguridad P\u00fablica cuenten con las herramientas que les permitan combatir a la delincuencia.<\/p>\n<p>&nbsp;<\/p>\n","protected":false},"excerpt":{"rendered":"<p>Como parte de las actividades que lleva a cabo la administraci\u00f3n que encabeza Ana Balderas Trejo, se realiz\u00f3 el Primer Gobierno Infantil, que tiene como objetivo acercar el ayuntamiento a la ciudadan\u00eda, especialmente con los ni\u00f1os para que conozcan de primera mano las actividades que en \u00e9l se llevan a cabo en beneficio de la comunidad.<\/p>\n","protected":false},"author":3,"featured_media":276300,"comment_status":"open","ping_status":"open","sticky":false,"template":"","format":"standard","meta":{"_monsterinsights_skip_tracking":false,"_monsterinsights_sitenote_active":false,"_monsterinsights_sitenote_note":"","_monsterinsights_sitenote_category":0,"footnotes":""},"categories":[35155],"tags":[969,43675],"class_list":["post-276201","post","type-post","status-publish","format-standard","has-post-thumbnail","hentry","category-estado-de-mexico-estado-de-mexico","tag-atizapan","tag-estado-de-mexico"],"_links":{"self":[{"href":"https:\/\/www.diarioimagen.net\/index.php?rest_route=\/wp\/v2\/posts\/276201","targetHints":{"allow":["GET"]}}],"collection":[{"href":"https:\/\/www.diarioimagen.net\/index.php?rest_route=\/wp\/v2\/posts"}],"about":[{"href":"https:\/\/www.diarioimagen.net\/index.php?rest_route=\/wp\/v2\/types\/post"}],"author":[{"embeddable":true,"href":"https:\/\/www.diarioimagen.net\/index.php?rest_route=\/wp\/v2\/users\/3"}],"replies":[{"embeddable":true,"href":"https:\/\/www.diarioimagen.net\/index.php?rest_route=%2Fwp%2Fv2%2Fcomments&post=276201"}],"version-history":[{"count":0,"href":"https:\/\/www.diarioimagen.net\/index.php?rest_route=\/wp\/v2\/posts\/276201\/revisions"}],"wp:featuredmedia":[{"embeddable":true,"href":"https:\/\/www.diarioimagen.net\/index.php?rest_route=\/wp\/v2\/media\/276300"}],"wp:attachment":[{"href":"https:\/\/www.diarioimagen.net\/index.php?rest_route=%2Fwp%2Fv2%2Fmedia&parent=276201"}],"wp:term":[{"taxonomy":"category","embeddable":true,"href":"https:\/\/www.diarioimagen.net\/index.php?rest_route=%2Fwp%2Fv2%2Fcategories&post=276201"},{"taxonomy":"post_tag","embeddable":true,"href":"https:\/\/www.diarioimagen.net\/index.php?rest_route=%2Fwp%2Fv2%2Ftags&post=276201"}],"curies":[{"name":"wp","href":"https:\/\/api.w.org\/{rel}","templated":true}]}}