{"id":276204,"date":"2016-06-27T00:05:44","date_gmt":"2016-06-27T05:05:44","guid":{"rendered":"http:\/\/www.diarioimagen.net\/?p=276204"},"modified":"2016-06-27T05:04:33","modified_gmt":"2016-06-27T10:04:33","slug":"recibe-gobierno-de-metepec-el-premio-escoba-de-oro","status":"publish","type":"post","link":"https:\/\/www.diarioimagen.net\/?p=276204","title":{"rendered":"Recibe gobierno de Metepec el premio \u201cEscoba de Oro\u201d"},"content":{"rendered":"<ul>\n<li><strong><em>Distinci\u00f3n por su estrategia de limpieza<\/em><\/strong><\/li>\n<\/ul>\n<p>&nbsp;<\/p>\n<div id=\"attachment_276306\" style=\"width: 430px\" class=\"wp-caption aligncenter\"><a href=\"http:\/\/www.diarioimagen.net\/?attachment_id=276306\" rel=\"attachment wp-att-276306\"><img loading=\"lazy\" decoding=\"async\" aria-describedby=\"caption-attachment-276306\" class=\"size-large wp-image-276306\" src=\"http:\/\/www.diarioimagen.net\/wp-content\/uploads\/2016\/06\/METEPEC-2897-420x236.jpg\" alt=\"Reconocen en Espa\u00f1a el esfuerzo del gobierno municipal por aplicaci\u00f3n de estrategia de limpieza el prestigiado premio \u201cEscoba de Oro\u201d.\" width=\"420\" height=\"236\" srcset=\"https:\/\/www.diarioimagen.net\/wp-content\/uploads\/2016\/06\/METEPEC-2897-420x236.jpg 420w, https:\/\/www.diarioimagen.net\/wp-content\/uploads\/2016\/06\/METEPEC-2897-240x135.jpg 240w, https:\/\/www.diarioimagen.net\/wp-content\/uploads\/2016\/06\/METEPEC-2897-235x132.jpg 235w, https:\/\/www.diarioimagen.net\/wp-content\/uploads\/2016\/06\/METEPEC-2897-202x114.jpg 202w, https:\/\/www.diarioimagen.net\/wp-content\/uploads\/2016\/06\/METEPEC-2897-350x196.jpg 350w, https:\/\/www.diarioimagen.net\/wp-content\/uploads\/2016\/06\/METEPEC-2897-220x123.jpg 220w, https:\/\/www.diarioimagen.net\/wp-content\/uploads\/2016\/06\/METEPEC-2897-237x132.jpg 237w, https:\/\/www.diarioimagen.net\/wp-content\/uploads\/2016\/06\/METEPEC-2897.jpg 480w\" sizes=\"auto, (max-width: 420px) 100vw, 420px\" \/><\/a><p id=\"caption-attachment-276306\" class=\"wp-caption-text\">Reconocen en Espa\u00f1a el esfuerzo del gobierno municipal por aplicaci\u00f3n de estrategia de limpieza el prestigiado premio \u201cEscoba de Oro\u201d.<\/p><\/div>\n<p>&nbsp;<\/p>\n<p><strong>Metepec, Estado de M\u00e9xico<\/strong>.- La buena noticia lleg\u00f3 en esta ocasi\u00f3n de Metepec. En el marco de la d\u00e9cima quinta edici\u00f3n de la Feria Internacional de Urbanismo y Medio Ambiente celebrada en Madrid, Espa\u00f1a, el Ayuntamiento de Metepec que encabeza el alcalde David L\u00f3pez C\u00e1rdenas, recibi\u00f3 el prestigiado premio \u201cEscoba de Oro\u201d, por la aplicaci\u00f3n eficaz de estrategias de limpieza, entre ellas, el reordenamiento de las rutas y cobertura de recolecci\u00f3n de residuos s\u00f3lidos dom\u00e9sticos, as\u00ed como acciones colaterales que han incidido en beneficio directo para la poblaci\u00f3n.<\/p>\n<p>El reconocimiento fue otorgado el pasado 16 de junio por parte de la calificada y honorable Asociaci\u00f3n T\u00e9cnica para la Gesti\u00f3n de Residuos y Medio Ambiente (ATEGRUS), quien eval\u00faa y califica a municipios, mancomunidades, empresas, ingenier\u00edas y consultor\u00edas destacadas en limpieza urbana.<\/p>\n<p>La ceremonia de premiaci\u00f3n fue presidida por los embajadores de M\u00e9xico y Argentina en Espa\u00f1a, excelent\u00edsimos se\u00f1ora do\u00f1a Roberta Lajous Vargas y Federico Ram\u00f3n Puerta, respectivamente, quienes estuvieron acompa\u00f1ados por el director general de IFEMA, Ferm\u00edn Lucas; el coordinador general de Medio Ambiente, Sostenibilidad y Movilidad del Ayuntamiento de Madrid, Jos\u00e9\u0301 Antonio D\u00edaz; por el presidente de la Asociaci\u00f3n Nacional de Empresas P\u00fablicas del Medio Ambiente ANEPMA, Rafael Arjona y Rafael Apraiz, vicepresidente de ATEGRUS.<\/p>\n<p>&nbsp;<\/p>\n","protected":false},"excerpt":{"rendered":"<p>La buena noticia lleg\u00f3 en esta ocasi\u00f3n de Metepec. En el marco de la d\u00e9cima quinta edici\u00f3n de la Feria Internacional de Urbanismo y Medio Ambiente celebrada en Madrid, Espa\u00f1a, el Ayuntamiento de Metepec que encabeza el alcalde David L\u00f3pez C\u00e1rdenas, recibi\u00f3 el prestigiado premio \u201cEscoba de Oro\u201d,&#8230;<\/p>\n","protected":false},"author":3,"featured_media":276306,"comment_status":"open","ping_status":"open","sticky":false,"template":"","format":"standard","meta":{"_monsterinsights_skip_tracking":false,"_monsterinsights_sitenote_active":false,"_monsterinsights_sitenote_note":"","_monsterinsights_sitenote_category":0,"footnotes":""},"categories":[35155],"tags":[43675,876],"class_list":["post-276204","post","type-post","status-publish","format-standard","has-post-thumbnail","hentry","category-estado-de-mexico-estado-de-mexico","tag-estado-de-mexico","tag-metepec"],"_links":{"self":[{"href":"https:\/\/www.diarioimagen.net\/index.php?rest_route=\/wp\/v2\/posts\/276204","targetHints":{"allow":["GET"]}}],"collection":[{"href":"https:\/\/www.diarioimagen.net\/index.php?rest_route=\/wp\/v2\/posts"}],"about":[{"href":"https:\/\/www.diarioimagen.net\/index.php?rest_route=\/wp\/v2\/types\/post"}],"author":[{"embeddable":true,"href":"https:\/\/www.diarioimagen.net\/index.php?rest_route=\/wp\/v2\/users\/3"}],"replies":[{"embeddable":true,"href":"https:\/\/www.diarioimagen.net\/index.php?rest_route=%2Fwp%2Fv2%2Fcomments&post=276204"}],"version-history":[{"count":0,"href":"https:\/\/www.diarioimagen.net\/index.php?rest_route=\/wp\/v2\/posts\/276204\/revisions"}],"wp:featuredmedia":[{"embeddable":true,"href":"https:\/\/www.diarioimagen.net\/index.php?rest_route=\/wp\/v2\/media\/276306"}],"wp:attachment":[{"href":"https:\/\/www.diarioimagen.net\/index.php?rest_route=%2Fwp%2Fv2%2Fmedia&parent=276204"}],"wp:term":[{"taxonomy":"category","embeddable":true,"href":"https:\/\/www.diarioimagen.net\/index.php?rest_route=%2Fwp%2Fv2%2Fcategories&post=276204"},{"taxonomy":"post_tag","embeddable":true,"href":"https:\/\/www.diarioimagen.net\/index.php?rest_route=%2Fwp%2Fv2%2Ftags&post=276204"}],"curies":[{"name":"wp","href":"https:\/\/api.w.org\/{rel}","templated":true}]}}