{"id":276206,"date":"2016-06-27T00:04:58","date_gmt":"2016-06-27T05:04:58","guid":{"rendered":"http:\/\/www.diarioimagen.net\/?p=276206"},"modified":"2016-06-27T05:05:56","modified_gmt":"2016-06-27T10:05:56","slug":"entregan-apoyos-a-adultos-mayores-en-cuautitlan-izcalli","status":"publish","type":"post","link":"https:\/\/www.diarioimagen.net\/?p=276206","title":{"rendered":"Entregan apoyos a adultos mayores en Cuautitl\u00e1n Izcalli"},"content":{"rendered":"<ul>\n<li><strong><em>Coordinaci\u00f3n entre DIF local y nacional<\/em><\/strong><\/li>\n<\/ul>\n<p>&nbsp;<\/p>\n<div id=\"attachment_276309\" style=\"width: 430px\" class=\"wp-caption aligncenter\"><a href=\"http:\/\/www.diarioimagen.net\/?attachment_id=276309\" rel=\"attachment wp-att-276309\"><img loading=\"lazy\" decoding=\"async\" aria-describedby=\"caption-attachment-276309\" class=\"size-large wp-image-276309\" src=\"http:\/\/www.diarioimagen.net\/wp-content\/uploads\/2016\/06\/CUAUTITLAN-2897-420x359.jpg\" alt=\"El gobierno de Cuautitl\u00e1n Izcalli, a trav\u00e9s del DIF, entreg\u00f3 apoyos funcionales a los adultos mayores de escasos recursos.\" width=\"420\" height=\"359\" srcset=\"https:\/\/www.diarioimagen.net\/wp-content\/uploads\/2016\/06\/CUAUTITLAN-2897-420x359.jpg 420w, https:\/\/www.diarioimagen.net\/wp-content\/uploads\/2016\/06\/CUAUTITLAN-2897-240x205.jpg 240w, https:\/\/www.diarioimagen.net\/wp-content\/uploads\/2016\/06\/CUAUTITLAN-2897.jpg 700w\" sizes=\"auto, (max-width: 420px) 100vw, 420px\" \/><\/a><p id=\"caption-attachment-276309\" class=\"wp-caption-text\">El gobierno de Cuautitl\u00e1n Izcalli, a trav\u00e9s del DIF, entreg\u00f3 apoyos funcionales a los adultos mayores de escasos recursos.<\/p><\/div>\n<p>&nbsp;<\/p>\n<p><strong>Cuautitl\u00e1n Izcalli, Estado de M\u00e9xico<\/strong>.- Con\u00a0 el objetivo de beneficiar a la ciudadan\u00eda izcallense, el presidente municipal, V\u00edctor Estrada Garibay y el Sistema Municipal DIF Izcalli, encabezado por su presidenta, Am\u00e9rica Rangel Guti\u00e9rrez, se coordinaron con el DIF nacional para realizar la entrega de apoyos funcionales a los adultos mayores de escasos recursos del municipio y de esta forma, mejorar su calidad de vida.<\/p>\n<p>Como parte del apoyo que proporcion\u00f3 DIF nacional, se entregaron 30 sillas de ruedas para adultos, mientras que el DIF municipal, aport\u00f3 una silla infantil, 4 andaderas, una silla de ducha, 4 bastones y unas muletas.<\/p>\n<p>Ante la presencia de los adultos mayores, Am\u00e9rica Rangel Guti\u00e9rrez, reiter\u00f3 el compromiso con todos los adultos mayores del municipio para que sean parte de la inclusi\u00f3n social donde d\u00eda con d\u00eda se busca diferentes iniciativas que mejoren sus condiciones y las permitan desempe\u00f1arse en sus actividades.<\/p>\n<p>Aunado a esto, la directora de Enlace Interinstitucional del DIF Nacional, Lili\u00e1n Amparo Espinoza Fern\u00e1ndez, dijo estar pendientes de las actividades que desempe\u00f1a el Ayuntamiento de Cuautitl\u00e1n Izcalli y que el DIF nacional, siempre estar\u00e1 con las puertas abiertas para\u00a0 brindar el mayor apoyo posible.<\/p>\n<p>&nbsp;<\/p>\n","protected":false},"excerpt":{"rendered":"<p>Con  el objetivo de beneficiar a la ciudadan\u00eda izcallense, el presidente municipal, V\u00edctor Estrada Garibay y el Sistema Municipal DIF Izcalli, encabezado por su presidenta, Am\u00e9rica Rangel Guti\u00e9rrez, se coordinaron con el DIF nacional para realizar la entrega de apoyos funcionales a los adultos mayores de escasos recursos del municipio y de esta forma, mejorar su calidad de vida.<\/p>\n","protected":false},"author":3,"featured_media":276309,"comment_status":"open","ping_status":"open","sticky":false,"template":"","format":"standard","meta":{"_monsterinsights_skip_tracking":false,"_monsterinsights_sitenote_active":false,"_monsterinsights_sitenote_note":"","_monsterinsights_sitenote_category":0,"footnotes":""},"categories":[35155],"tags":[22805,2701,971,43675],"class_list":["post-276206","post","type-post","status-publish","format-standard","has-post-thumbnail","hentry","category-estado-de-mexico-estado-de-mexico","tag-adulto-mayor","tag-apoyo","tag-cuautitlan-izcalli","tag-estado-de-mexico"],"_links":{"self":[{"href":"https:\/\/www.diarioimagen.net\/index.php?rest_route=\/wp\/v2\/posts\/276206","targetHints":{"allow":["GET"]}}],"collection":[{"href":"https:\/\/www.diarioimagen.net\/index.php?rest_route=\/wp\/v2\/posts"}],"about":[{"href":"https:\/\/www.diarioimagen.net\/index.php?rest_route=\/wp\/v2\/types\/post"}],"author":[{"embeddable":true,"href":"https:\/\/www.diarioimagen.net\/index.php?rest_route=\/wp\/v2\/users\/3"}],"replies":[{"embeddable":true,"href":"https:\/\/www.diarioimagen.net\/index.php?rest_route=%2Fwp%2Fv2%2Fcomments&post=276206"}],"version-history":[{"count":0,"href":"https:\/\/www.diarioimagen.net\/index.php?rest_route=\/wp\/v2\/posts\/276206\/revisions"}],"wp:featuredmedia":[{"embeddable":true,"href":"https:\/\/www.diarioimagen.net\/index.php?rest_route=\/wp\/v2\/media\/276309"}],"wp:attachment":[{"href":"https:\/\/www.diarioimagen.net\/index.php?rest_route=%2Fwp%2Fv2%2Fmedia&parent=276206"}],"wp:term":[{"taxonomy":"category","embeddable":true,"href":"https:\/\/www.diarioimagen.net\/index.php?rest_route=%2Fwp%2Fv2%2Fcategories&post=276206"},{"taxonomy":"post_tag","embeddable":true,"href":"https:\/\/www.diarioimagen.net\/index.php?rest_route=%2Fwp%2Fv2%2Ftags&post=276206"}],"curies":[{"name":"wp","href":"https:\/\/api.w.org\/{rel}","templated":true}]}}