{"id":276223,"date":"2016-06-27T00:09:45","date_gmt":"2016-06-27T05:09:45","guid":{"rendered":"http:\/\/www.diarioimagen.net\/?p=276223"},"modified":"2016-06-27T04:50:08","modified_gmt":"2016-06-27T09:50:08","slug":"reconoce-desarrollo-tecnologico-del-edomex","status":"publish","type":"post","link":"https:\/\/www.diarioimagen.net\/?p=276223","title":{"rendered":"Reconoce desarrollo tecnol\u00f3gico del Edomex"},"content":{"rendered":"<ul>\n<li><strong><em>Gobierno de Corea<\/em><\/strong><\/li>\n<\/ul>\n<p>&nbsp;<\/p>\n<div id=\"attachment_276291\" style=\"width: 430px\" class=\"wp-caption aligncenter\"><a href=\"http:\/\/www.diarioimagen.net\/?attachment_id=276291\" rel=\"attachment wp-att-276291\"><img loading=\"lazy\" decoding=\"async\" aria-describedby=\"caption-attachment-276291\" class=\"size-large wp-image-276291\" src=\"http:\/\/www.diarioimagen.net\/wp-content\/uploads\/2016\/06\/corea-edomex-2897-420x236.jpg\" alt=\"A nombre del gobernador Eruviel \u00c1vila Villegas, el secretario de Desarrollo Social, Arturo Osornio S\u00e1nchez, inaugur\u00f3 el primer centro de Cooperaci\u00f3n Academia-Industria (CAI), acompa\u00f1ado del embajador de la Rep\u00fablica de Corea, Chun Beeho, y el subsecretario de Educaci\u00f3n Media Superior y Superior, Guillermo Alfredo Mart\u00ednez Gonz\u00e1lez.\" width=\"420\" height=\"236\" srcset=\"https:\/\/www.diarioimagen.net\/wp-content\/uploads\/2016\/06\/corea-edomex-2897-420x236.jpg 420w, https:\/\/www.diarioimagen.net\/wp-content\/uploads\/2016\/06\/corea-edomex-2897-240x135.jpg 240w, https:\/\/www.diarioimagen.net\/wp-content\/uploads\/2016\/06\/corea-edomex-2897-235x132.jpg 235w, https:\/\/www.diarioimagen.net\/wp-content\/uploads\/2016\/06\/corea-edomex-2897-202x114.jpg 202w, https:\/\/www.diarioimagen.net\/wp-content\/uploads\/2016\/06\/corea-edomex-2897-350x196.jpg 350w, https:\/\/www.diarioimagen.net\/wp-content\/uploads\/2016\/06\/corea-edomex-2897-220x123.jpg 220w, https:\/\/www.diarioimagen.net\/wp-content\/uploads\/2016\/06\/corea-edomex-2897-237x132.jpg 237w, https:\/\/www.diarioimagen.net\/wp-content\/uploads\/2016\/06\/corea-edomex-2897.jpg 480w\" sizes=\"auto, (max-width: 420px) 100vw, 420px\" \/><\/a><p id=\"caption-attachment-276291\" class=\"wp-caption-text\">A nombre del gobernador Eruviel \u00c1vila Villegas, el secretario de Desarrollo Social, Arturo Osornio S\u00e1nchez, inaugur\u00f3 el primer centro de Cooperaci\u00f3n Academia-Industria (CAI), acompa\u00f1ado del embajador de la Rep\u00fablica de Corea, Chun Beeho, y el subsecretario de Educaci\u00f3n Media Superior y Superior, Guillermo Alfredo Mart\u00ednez Gonz\u00e1lez.<\/p><\/div>\n<p>&nbsp;<\/p>\n<p>Con el respaldo de la Rep\u00fablica de Corea, el gobierno del Estado de M\u00e9xico instalar\u00e1 cuatro centros de Cooperaci\u00f3n Academia-Industria (CAI) para promover la investigaci\u00f3n, desarrollo e innovaci\u00f3n tecnol\u00f3gica de manera conjunta entre universidades de control estatal y empresas.<\/p>\n<p>En la Universidad Polit\u00e9cnica del Valle de M\u00e9xico, con una inversi\u00f3n superior a los 32 millones de pesos, se inaugur\u00f3 la primera de estas instituciones, que ser\u00e1 la base de la cooperaci\u00f3n econ\u00f3mica, tecnol\u00f3gica y educativa entre la naci\u00f3n asi\u00e1tica y nuestra entidad, seg\u00fan lo destac\u00f3 el embajador Chun Beeho, quien encabez\u00f3 la ceremonia junto con el secretario de Desarrollo Social y presidente del Gabinete Regional XVIII de Tultitl\u00e1n, Arturo Osornio S\u00e1nchez.<\/p>\n<p>El diplom\u00e1tico extranjero reconoci\u00f3 el desarrollo acad\u00e9mico y tecnol\u00f3gico del Estado de M\u00e9xico, al se\u00f1alar que por ello se decidi\u00f3 impulsar la instalaci\u00f3n de cuatro centros de este tipo, lo que significa el mayor apoyo que otorga su gobierno dentro del territorio mexicano.<\/p>\n<p>Dijo que el gobernador Eruviel \u00c1vila Villegas ha mostrado una gran visi\u00f3n al poner en marcha proyectos como el CAI, que da a las alumnas y alumnos una oportunidad de poder emplearse y experimentar una formaci\u00f3n directa con las empresas.<\/p>\n<p>Por su parte, Lee Siwook, director ejecutivo del Centro de Cooperaci\u00f3n Internacional del Instituto para el Desarrollo de Corea (KDI, por sus siglas en ingl\u00e9s) resalt\u00f3 que el organismo inaugurado representa un s\u00edmbolo de coexistencia y colaboraci\u00f3n entre M\u00e9xico y su pa\u00eds.<\/p>\n<p>A su vez, el ex ministro de Comercio, Industria y Energ\u00eda coreano, Kim Young Ju, indic\u00f3 que en este lugar se podr\u00e1n crear productos y tecnolog\u00edas para mejorar la competitividad de ambas naciones a nivel mundial.<\/p>\n<p>El titular de la Sedesem, Osornio S\u00e1nchez, agradeci\u00f3 a nombre del gobernador la participaci\u00f3n\u00a0 y asesoramiento que la Rep\u00fablica de Corea brind\u00f3 en la implementaci\u00f3n de este importante proyecto y resalt\u00f3 que el gobierno del Estado de M\u00e9xico tiene como pilar fundamental impulsar la educaci\u00f3n. Se\u00f1al\u00f3 que los Centros CAI en el Estado de M\u00e9xico ser\u00e1n un recurso eficaz de desarrollo tecnol\u00f3gico de composici\u00f3n dual, universidad-industria, con una vocaci\u00f3n de innovaci\u00f3n continua, para acelerar el desarrollo econ\u00f3mico de nuestra entidad.<\/p>\n<p>Asimismo entreg\u00f3 un reconocimiento al KDI por su apoyo en la implementaci\u00f3n del centro y devel\u00f3 la placa conmemorativa, para posteriormente encabezar un recorrido por las instalaciones, en las que se realizaron demostraciones y se presentaron casos de \u00e9xito del trabajo resultante hasta el momento por parte de estudiantes y personal acad\u00e9mico.<\/p>\n","protected":false},"excerpt":{"rendered":"<p>Con el respaldo de la Rep\u00fablica de Corea, el gobierno del Estado de M\u00e9xico instalar\u00e1 cuatro centros de Cooperaci\u00f3n Academia-Industria (CAI) para promover la investigaci\u00f3n, desarrollo e innovaci\u00f3n tecnol\u00f3gica de manera conjunta entre universidades de control estatal y empresas.<\/p>\n","protected":false},"author":3,"featured_media":276291,"comment_status":"open","ping_status":"open","sticky":false,"template":"","format":"standard","meta":{"_monsterinsights_skip_tracking":false,"_monsterinsights_sitenote_active":false,"_monsterinsights_sitenote_note":"","_monsterinsights_sitenote_category":0,"footnotes":""},"categories":[5],"tags":[7265,43675,48108,4149],"class_list":["post-276223","post","type-post","status-publish","format-standard","has-post-thumbnail","hentry","category-estado-de-mexico","tag-corea-del-sur","tag-estado-de-mexico","tag-reconoce","tag-tecnologia"],"_links":{"self":[{"href":"https:\/\/www.diarioimagen.net\/index.php?rest_route=\/wp\/v2\/posts\/276223","targetHints":{"allow":["GET"]}}],"collection":[{"href":"https:\/\/www.diarioimagen.net\/index.php?rest_route=\/wp\/v2\/posts"}],"about":[{"href":"https:\/\/www.diarioimagen.net\/index.php?rest_route=\/wp\/v2\/types\/post"}],"author":[{"embeddable":true,"href":"https:\/\/www.diarioimagen.net\/index.php?rest_route=\/wp\/v2\/users\/3"}],"replies":[{"embeddable":true,"href":"https:\/\/www.diarioimagen.net\/index.php?rest_route=%2Fwp%2Fv2%2Fcomments&post=276223"}],"version-history":[{"count":0,"href":"https:\/\/www.diarioimagen.net\/index.php?rest_route=\/wp\/v2\/posts\/276223\/revisions"}],"wp:featuredmedia":[{"embeddable":true,"href":"https:\/\/www.diarioimagen.net\/index.php?rest_route=\/wp\/v2\/media\/276291"}],"wp:attachment":[{"href":"https:\/\/www.diarioimagen.net\/index.php?rest_route=%2Fwp%2Fv2%2Fmedia&parent=276223"}],"wp:term":[{"taxonomy":"category","embeddable":true,"href":"https:\/\/www.diarioimagen.net\/index.php?rest_route=%2Fwp%2Fv2%2Fcategories&post=276223"},{"taxonomy":"post_tag","embeddable":true,"href":"https:\/\/www.diarioimagen.net\/index.php?rest_route=%2Fwp%2Fv2%2Ftags&post=276223"}],"curies":[{"name":"wp","href":"https:\/\/api.w.org\/{rel}","templated":true}]}}