{"id":276431,"date":"2016-06-28T00:06:36","date_gmt":"2016-06-28T05:06:36","guid":{"rendered":"http:\/\/www.diarioimagen.net\/?p=276431"},"modified":"2016-06-28T06:30:40","modified_gmt":"2016-06-28T11:30:40","slug":"interes-especial-de-metepec-en-atender-a-la-juventud","status":"publish","type":"post","link":"https:\/\/www.diarioimagen.net\/?p=276431","title":{"rendered":"Inter\u00e9s especial de Metepec en atender a la juventud"},"content":{"rendered":"<ul>\n<li><strong><em>Instala Ayuntamiento Consejo Municipal<\/em><\/strong><\/li>\n<\/ul>\n<p>&nbsp;<\/p>\n<div id=\"attachment_276530\" style=\"width: 430px\" class=\"wp-caption aligncenter\"><a href=\"http:\/\/www.diarioimagen.net\/?attachment_id=276530\" rel=\"attachment wp-att-276530\"><img loading=\"lazy\" decoding=\"async\" aria-describedby=\"caption-attachment-276530\" class=\"size-large wp-image-276530\" src=\"http:\/\/www.diarioimagen.net\/wp-content\/uploads\/2016\/06\/METEPEC-2898-420x151.jpg\" alt=\"El gobierno de David L\u00f3pez C\u00e1rdenas instal\u00f3 el Consejo Municipal de la Juventud en Metepec.\" width=\"420\" height=\"151\" srcset=\"https:\/\/www.diarioimagen.net\/wp-content\/uploads\/2016\/06\/METEPEC-2898-420x151.jpg 420w, https:\/\/www.diarioimagen.net\/wp-content\/uploads\/2016\/06\/METEPEC-2898-240x86.jpg 240w, https:\/\/www.diarioimagen.net\/wp-content\/uploads\/2016\/06\/METEPEC-2898-768x275.jpg 768w, https:\/\/www.diarioimagen.net\/wp-content\/uploads\/2016\/06\/METEPEC-2898.jpg 1012w\" sizes=\"auto, (max-width: 420px) 100vw, 420px\" \/><\/a><p id=\"caption-attachment-276530\" class=\"wp-caption-text\">El gobierno de David L\u00f3pez C\u00e1rdenas instal\u00f3 el Consejo Municipal de la Juventud en Metepec.<\/p><\/div>\n<p>&nbsp;<\/p>\n<p><strong>Metepec, Estado de M\u00e9xico<\/strong>.- Con el objetivo de canalizar y materializar las inquietudes y necesidades de las y los j\u00f3venes metepequenses, el gobierno de David L\u00f3pez C\u00e1rdenas instal\u00f3 el Consejo Municipal de la Juventud.<\/p>\n<p>Destinado a crear pol\u00edticas p\u00fablicas, proyectos y programas que deriven en acciones concretas en beneficio de los 67 mil habitantes de 12 a 29 a\u00f1os de edad que hay en Metepec, la creaci\u00f3n del Consejo, avala la base de operaci\u00f3n\u00a0 e intenso trabajo para atender las peticiones juveniles, as\u00ed como apertura hacia las organizaciones sociales y la rendici\u00f3n de cuentas en todas sus actividades y manejo de recursos.<\/p>\n<p>\u201cEste gobierno municipal est\u00e1 comprometido con el desarrollo integral de las nuevas generaciones, con la visi\u00f3n y compromiso de generar oportunidades para este sector\u201d, se\u00f1al\u00f3 el tambi\u00e9n presidente del Consejo, David L\u00f3pez C\u00e1rdenas.<\/p>\n<p>En el acto de instauraci\u00f3n celebrado en auditorio del CBT \u201cEzequiel Capistr\u00e1n Rodr\u00edguez\u201d, el alcalde exhort\u00f3 a sus integrantes, trabajar incansablemente por alcanzar los prop\u00f3sitos planteados y cumplir con las expectativas que los j\u00f3venes metepequenses han depositado en su gobierno, \u201clos motivamos a continuar sus estudios y sobre todo a que mantengan su esp\u00edritu expresivo y creativo, enfocados en ser hombres y mujeres de bien\u201d.<\/p>\n<p>Con la presencia del director del Instituto Mexiquense de la Juventud (IMEJ), Mariano Camacho San Mart\u00edn; del diputado presidente de la Comisi\u00f3n legislativa de la Juventud y el Deporte, Anthony Dom\u00ednguez Vargas; de autoridades educativas y de los miembros del nuevo organismo en pleno, conformado por regidores y directores de \u00e1rea de la \u00a0administraci\u00f3n que tienen que ver con el sector juvenil, el alcalde David L\u00f3pez, enlist\u00f3 algunos de las acciones de su gobierno para contribuir al desarrollo pleno de los j\u00f3venes.<\/p>\n<p>Entre ellos, resalt\u00f3 la incorporaci\u00f3n de una agenda cultural permanente, la pr\u00f3xima publicaci\u00f3n de la convocatoria de becas econ\u00f3micas con la que se apoyar\u00e1 a estudiantes.<\/p>\n<p>&nbsp;<\/p>\n","protected":false},"excerpt":{"rendered":"<p> Con el objetivo de canalizar y materializar las inquietudes y necesidades de las y los j\u00f3venes metepequenses, el gobierno de David L\u00f3pez C\u00e1rdenas instal\u00f3 el Consejo Municipal de la Juventud.<\/p>\n","protected":false},"author":3,"featured_media":276532,"comment_status":"open","ping_status":"open","sticky":false,"template":"","format":"standard","meta":{"_monsterinsights_skip_tracking":false,"_monsterinsights_sitenote_active":false,"_monsterinsights_sitenote_note":"","_monsterinsights_sitenote_category":0,"footnotes":""},"categories":[35155],"tags":[14250,43675,876],"class_list":["post-276431","post","type-post","status-publish","format-standard","has-post-thumbnail","hentry","category-estado-de-mexico-estado-de-mexico","tag-david-lopez-cardenas","tag-estado-de-mexico","tag-metepec"],"_links":{"self":[{"href":"https:\/\/www.diarioimagen.net\/index.php?rest_route=\/wp\/v2\/posts\/276431","targetHints":{"allow":["GET"]}}],"collection":[{"href":"https:\/\/www.diarioimagen.net\/index.php?rest_route=\/wp\/v2\/posts"}],"about":[{"href":"https:\/\/www.diarioimagen.net\/index.php?rest_route=\/wp\/v2\/types\/post"}],"author":[{"embeddable":true,"href":"https:\/\/www.diarioimagen.net\/index.php?rest_route=\/wp\/v2\/users\/3"}],"replies":[{"embeddable":true,"href":"https:\/\/www.diarioimagen.net\/index.php?rest_route=%2Fwp%2Fv2%2Fcomments&post=276431"}],"version-history":[{"count":0,"href":"https:\/\/www.diarioimagen.net\/index.php?rest_route=\/wp\/v2\/posts\/276431\/revisions"}],"wp:featuredmedia":[{"embeddable":true,"href":"https:\/\/www.diarioimagen.net\/index.php?rest_route=\/wp\/v2\/media\/276532"}],"wp:attachment":[{"href":"https:\/\/www.diarioimagen.net\/index.php?rest_route=%2Fwp%2Fv2%2Fmedia&parent=276431"}],"wp:term":[{"taxonomy":"category","embeddable":true,"href":"https:\/\/www.diarioimagen.net\/index.php?rest_route=%2Fwp%2Fv2%2Fcategories&post=276431"},{"taxonomy":"post_tag","embeddable":true,"href":"https:\/\/www.diarioimagen.net\/index.php?rest_route=%2Fwp%2Fv2%2Ftags&post=276431"}],"curies":[{"name":"wp","href":"https:\/\/api.w.org\/{rel}","templated":true}]}}