{"id":276475,"date":"2016-06-28T00:10:48","date_gmt":"2016-06-28T05:10:48","guid":{"rendered":"http:\/\/www.diarioimagen.net\/?p=276475"},"modified":"2016-06-28T08:03:03","modified_gmt":"2016-06-28T13:03:03","slug":"fuera-de-la-realidad-mexicana","status":"publish","type":"post","link":"https:\/\/www.diarioimagen.net\/?p=276475","title":{"rendered":"\u00bfFuera de la realidad mexicana?"},"content":{"rendered":"<h2>Tras la puerta del poder<\/h2>\n<h5>Roberto Vizca\u00edno<\/h5>\n<p>&nbsp;<\/p>\n<ul>\n<li><strong><em>Ciro G\u00f3mez Leyva relata un encuentro con un Pe\u00f1a Nieto no s\u00f3lo relajado y con buen humor<\/em><\/strong><\/li>\n<li><strong><em>Ana Mar\u00eda Lomel\u00ed lo presenta atento a los conflictos y molesto con quienes pretenden enga\u00f1arlo \u00a0\u00a0<\/em><\/strong><\/li>\n<li><strong><em>Ahora resulta que s\u00ed lee y que adem\u00e1s eso le ayuda a sus batallas desde el poder<\/em><\/strong><\/li>\n<\/ul>\n<p>&nbsp;<\/p>\n<div id=\"attachment_276592\" style=\"width: 430px\" class=\"wp-caption aligncenter\"><a href=\"http:\/\/www.diarioimagen.net\/?attachment_id=276592\" rel=\"attachment wp-att-276592\"><img loading=\"lazy\" decoding=\"async\" aria-describedby=\"caption-attachment-276592\" class=\"size-large wp-image-276592\" src=\"http:\/\/www.diarioimagen.net\/wp-content\/uploads\/2016\/06\/TALENTO-A-PRUEBA-jose-luis-2898-420x333.jpg\" alt=\"Talento a prueba... | Jos\u00e9 Luis\" width=\"420\" height=\"333\" srcset=\"https:\/\/www.diarioimagen.net\/wp-content\/uploads\/2016\/06\/TALENTO-A-PRUEBA-jose-luis-2898-420x333.jpg 420w, https:\/\/www.diarioimagen.net\/wp-content\/uploads\/2016\/06\/TALENTO-A-PRUEBA-jose-luis-2898-240x190.jpg 240w, https:\/\/www.diarioimagen.net\/wp-content\/uploads\/2016\/06\/TALENTO-A-PRUEBA-jose-luis-2898-768x608.jpg 768w, https:\/\/www.diarioimagen.net\/wp-content\/uploads\/2016\/06\/TALENTO-A-PRUEBA-jose-luis-2898.jpg 1200w\" sizes=\"auto, (max-width: 420px) 100vw, 420px\" \/><\/a><p id=\"caption-attachment-276592\" class=\"wp-caption-text\">Talento a prueba&#8230; | Jos\u00e9 Luis<\/p><\/div>\n<p>&nbsp;<\/p>\n<p>Durante la semana anterior varios advertimos en nuestros espacios en medios que M\u00e9xico atravesaba un momento altamente complicado.<\/p>\n<p>Nos referimos por supuesto al enfrentamiento con muertos en Nochixtl\u00e1n, Oaxaca; los bloqueos carreteros de la CNTE que ahogan gravemente a poblaciones y ciudades en Oaxaca; al conflicto de m\u00e9dicos; a los problemas de inseguridad que vuelven a crecer exponencialmente en algunas regiones del pa\u00eds, y a otros m\u00e1s.<\/p>\n<p>Al menos lo de la CNTE fue abordadpor el propio secretario de Gobernaci\u00f3n Miguel \u00c1ngel Osorio Chong con una mesa de di\u00e1logo que no alivi\u00f3 la situaci\u00f3n de los bloqueos en Oaxaca, y que por el contrario los extendi\u00f3 a Chiapas.<\/p>\n<p>As\u00ed entramos al s\u00e1bado y domingo donde algunos no descansamos porque estuvimos pendientes del proceso en que al final una mayor\u00eda precaria conducida por pol\u00edticos populistas en Gran Breta\u00f1a decidi\u00f3 salirse de la Uni\u00f3n Europea, y porque en Espa\u00f1a se dio una nueva votaci\u00f3n que dej\u00f3 casi igual que en las elecciones de diciembre pasado el desequilibrio de fuerzas pol\u00edticas.<\/p>\n<p>En medio de todo eso nos enteramos que Pe\u00f1a Nieto se reuni\u00f3 por la tarde del viernes con un grupo de periodistas y el s\u00e1bado que dio una entrevista a la conductora de TV Azteca, Ana Mar\u00eda Lomel\u00ed, que fue transmitida el s\u00e1bado por la noche.<\/p>\n<p>Del encuentro del viernes el periodista y conductor Ciro G\u00f3mez Leyva hizo una cr\u00f3nica ayer mismo en su columna en El Universal.<\/p>\n<p>En ambos trabajos se muestra a un mandatario atento a las cuestiones mexicanas, pero a su vez relajado y hasta de buen humor. Sobre todo, de buen humor, cosa que a algunos les hace chuza frente al mal humor social predominante en el pa\u00eds.<\/p>\n<p><strong>NI DEPRIMIDO NI DERROTADO<\/strong><\/p>\n<p>Perceptivo como ha mostrado ser, G\u00f3mez Leyva vio a un Pe\u00f1a Nieto ajeno a la depresi\u00f3n, ni derrotado por los resultados de su partido el pasado 5 de junio.<\/p>\n<p>Menos a\u00fan deca\u00eddo o preocupado por el nuevo y duro estallido de la CNTE en Chiapas, Oaxaca, Guerrero, Michoac\u00e1n y la Ciudad de M\u00e9xico.<\/p>\n<p>Tampoco lo percibi\u00f3 abatido ante los p\u00e9simos acontecimientos por el rechazo brit\u00e1nico a su pertenencia a la Uni\u00f3n Europea.<\/p>\n<p>\u201cAl Presidente se le ve\u00eda animado en la larga pl\u00e1tica en Los Pinos con un grupo de periodistas el viernes en la tarde.<\/p>\n<p>Es m\u00e1s, estaba de muy buen humor\u201d, escribe G\u00f3mez Leyva.<\/p>\n<p>El relato period\u00edstico indica que Pe\u00f1a Nieto desech\u00f3 considerar su encuentro con los periodistas como \u201coff the record\u201d, es decir, no publicable.<\/p>\n<p>\u201cPorque el <em>off the record<\/em> no existe, es lo primero que te ense\u00f1an en un media training\u201d, dir\u00eda.<\/p>\n<p>Bajo esa premisa G\u00f3mez Leyva public\u00f3 lo visto y hablado en ese encuentro.<\/p>\n<p>\u201cMis colegas (escribe el periodista) se fueron marchando. Quedar al final de la cola me permiti\u00f3 charlar unos minutos a solas con \u00e9l. Me pregunt\u00f3 si hab\u00eda le\u00eddo la trilog\u00eda El Africano, de Santiago Posteguillo. No la he le\u00eddo. El Presidente me hizo una r\u00e1pida sinopsis interpretativa sobre Publio Cornelio Escipi\u00f3n, el pol\u00edtico y general romano conocido como El Africano, y la forma en que termin\u00f3 derrotando a An\u00edbal, luego de que los ej\u00e9rcitos de Cartago cercaron Roma y estuvieron a un zarpazo de apoderarse de la capital del imperio. \u201cL\u00e9ela, te va a gustar\u201d, me despidi\u00f3. \u201cLo cerca que estuvo Roma de caer en manos de los que representaban los valores opuestos\u201d.<\/p>\n<p>\u201cQuiero pensar que con esa referencia literaria e hist\u00f3rica buscaba reforzar su secuencia de respuestas sobre Andr\u00e9s Manuel L\u00f3pez Obrador y el 2018. Yo le hab\u00eda dicho en la mesa que la escena est\u00e1 puesta para que gane. Porque no hay a la vista un candidato fuerte que lo pueda vencer, cuenta con un voto duro del orden de los 15 millones, parece que aprendi\u00f3 de sus errores de campa\u00f1a y, especialmente, competir\u00e1 en un momento antisist\u00e9mico que le debe ser favorable.<\/p>\n<p>Habr\u00eda agregado la frase sobre el Brexit del ex primer ministro brit\u00e1nico, Tony Blair, pero la le\u00ed hasta el s\u00e1bado:<\/p>\n<p>\u201cHoy hay pruebas de que la pol\u00edtica insurgente puede tomar un pa\u00eds\u201d.<\/p>\n<p>\u201cSin ostentar la investidura, respondi\u00f3 que el M\u00e9xico sist\u00e9mico, institucional, es m\u00e1s grande que el antisist\u00e9mico, y que ya lo \u00edbamos a ver, porque son millones m\u00e1s los mexicanos que expresar\u00e1n su defensa por un pa\u00eds con visi\u00f3n de futuro, de libertades, responsabilidad econ\u00f3mica y reformas estructurales. Y que no nos obsesion\u00e1ramos con el candidato del PRI, porque una elecci\u00f3n nacional es algo tan grande que puede darle oportunidad de ganar a alguien que hoy s\u00f3lo sea conocido por el 1% de la poblaci\u00f3n\u201d, indic\u00f3 Pe\u00f1a.<\/p>\n<p>\u2014\u00bfUn personaje que hoy es conocido por el 1% de los mexicanos podr\u00eda ser el candidato del PRI?, interrog\u00f3 G\u00f3mez Leyva.<\/p>\n<p>\u2014\u00bfPor qu\u00e9 no?, \u2014respondi\u00f3 con otra sonrisa\u2014. De que te conocen en una campa\u00f1a nacional, te conocen.<\/p>\n<p>La conclusi\u00f3n del periodista es la de que Pe\u00f1a Nieto \u201cno est\u00e1 reflexionando sobre la muerte, sino sobre la vida.<\/p>\n<p>Esa para m\u00ed fue la nota de la conversaci\u00f3n de cuatro horas. Adem\u00e1s de su buen humor, claro. Y de Escipi\u00f3n El Africano. El Pe\u00f1a Nieto del viernes 24 de junio nada ten\u00eda que ver con aquel personaje de visi\u00f3n monocrom\u00e1tica de hace no tanto. Hoy tiene la \u00f3ptica multicolor de la incertidumbre, los riesgos y los desaf\u00edos. Entre bromas y risas, parece todo, menos un alma simple con poder\u201d.<\/p>\n<p style=\"text-align: center;\"><strong>PE\u00d1A S\u00cd LEE<\/strong><\/p>\n<p>Sobre este mismo escrito de G\u00f3mez Leyva, el periodista Federico Arreola \u2014quien colabor\u00f3 durante varios a\u00f1os al lado de Andr\u00e9s Manuel L\u00f3pez Obrador-, hizo una serie de reflexiones para concluir que:<\/p>\n<p>\u201c<strong><em>La nota<\/em><\/strong> en la columna de Ciro es que era falsa la versi\u00f3n, que tantos difundimos en 2011, de que Pe\u00f1a Nieto no lee. Claro que lee y, por lo tanto, entiende. Y usa la historia para planear el futuro\u201d.<\/p>\n<p style=\"text-align: center;\"><strong>CONSCIENTE DEL MAxLESTAR<\/strong><\/p>\n<p>En su encuentro con Ana Mar\u00eda Lomel\u00ed de TV Azteca, Pe\u00f1a Nieto dijo estar consciente de que un importante segmento de mexicanos est\u00e1 indignado y molesto con \u00e9l y su gobierno.<\/p>\n<p>\u201cEstoy muy consciente\u2026 hago mi mayor esfuerzo, me entrego aut\u00e9nticamente a esta responsabilidad. Es un privilegio ser Presidente.<\/p>\n<p>Evidentemente lo que haces, est\u00e1s en el gusto de algunos y en el no gusto de otros, y eso yo lo respeto.<\/p>\n<p>\u201cYo al final de cuentas s\u00e9 que hago un gobierno para todos los mexicanos. Al final de cuentas en la b\u00fasqueda de que toda la sociedad tenga los mismos derechos, las mismas oportunidades, facilidad para poder crecer, desarrollarse y realizarse en lo personal\u201d, indic\u00f3.<\/p>\n<p>Pese a todo dijo, habr\u00eda que reconocer que M\u00e9xico hoy es un mejor pa\u00eds del que era hace 10 o 20 a\u00f1os.<\/p>\n<p>Consider\u00f3 que la cr\u00edtica es parte regular del ejercicio de gobernar y que ella le ayuda a orientar la forma de hacer las cosas, de instrumentar y operar pol\u00edticas p\u00fablicas o acciones de gobierno.<\/p>\n<p>En este punto acept\u00f3 que algo que le molesta es que sus colaboradores u otros, intenten enga\u00f1arlo o esconderle la realidad de los errores cometidos.<\/p>\n<p>\u201c\u2026 eso me frustra, me enoja y cuando pasa as\u00ed pues obviamente tienes que actuar y he actuado\u2026 Yo no quiero ser un Presidente al que todos le digan s\u00ed, s\u00ed, s\u00ed, lo que Usted diga Presidente.<\/p>\n<p>\u201cM\u00e1s les voy a reconocer y agradecer que me digan las cosas como realmente las ven a que s\u00f3lo sean consecuentes o s\u00f3lo sean complacientes con el Presidente\u201d, coment\u00f3.<\/p>\n<p>As\u00ed, inesperadamente, Pe\u00f1a Nieto se mostr\u00f3 durante dos encuentros period\u00edsticos en un momento en que M\u00e9xico pasa por situaciones cr\u00edticas.<\/p>\n<p>Y al hacerlo se presenta no solo atento y consciente de este momento, sino seguro de que las cosas se pueden resolver. Y sabe que habr\u00e1 quien crea lo contrario. En fin\u2026<\/p>\n<p><em><a href=\"mailto:rvizcainoa@gmail.com\" target=\"_blank\">vizcainoa@gmail.com<\/a><\/em><br \/>\n<em><a href=\"http:\/\/www.endirecto.com.mx\/\" target=\"_blank\">www.endirecto.com.mx<\/a><\/em><br \/>\n<em><a href=\"https:\/\/twitter.com\/_rvizcaino\" target=\"_blank\">@_RVizcaino<\/a><\/em><br \/>\n<a href=\"https:\/\/www.facebook.com\/rvizcainoa\" target=\"_blank\">f<em>acebook.com\/rvizcainoa<\/em><\/a><\/p>\n","protected":false},"excerpt":{"rendered":"<p><span style=\"color: #005497;\"><strong>Roberto Vizca\u00edno<\/strong><\/span><br \/>\n<br \/>\nDurante la semana anterior varios advertimos en nuestros espacios en medios que M\u00e9xico atravesaba un momento altamente complicado.<\/p>\n","protected":false},"author":3,"featured_media":276592,"comment_status":"open","ping_status":"open","sticky":false,"template":"","format":"standard","meta":{"_monsterinsights_skip_tracking":false,"_monsterinsights_sitenote_active":false,"_monsterinsights_sitenote_note":"","_monsterinsights_sitenote_category":0,"footnotes":""},"categories":[136],"tags":[43674,93,94],"class_list":["post-276475","post","type-post","status-publish","format-standard","has-post-thumbnail","hentry","category-roberto-vizcaino-opinion","tag-opinion","tag-roberto-vizcaino","tag-tras-la-puerta-del-poder"],"_links":{"self":[{"href":"https:\/\/www.diarioimagen.net\/index.php?rest_route=\/wp\/v2\/posts\/276475","targetHints":{"allow":["GET"]}}],"collection":[{"href":"https:\/\/www.diarioimagen.net\/index.php?rest_route=\/wp\/v2\/posts"}],"about":[{"href":"https:\/\/www.diarioimagen.net\/index.php?rest_route=\/wp\/v2\/types\/post"}],"author":[{"embeddable":true,"href":"https:\/\/www.diarioimagen.net\/index.php?rest_route=\/wp\/v2\/users\/3"}],"replies":[{"embeddable":true,"href":"https:\/\/www.diarioimagen.net\/index.php?rest_route=%2Fwp%2Fv2%2Fcomments&post=276475"}],"version-history":[{"count":0,"href":"https:\/\/www.diarioimagen.net\/index.php?rest_route=\/wp\/v2\/posts\/276475\/revisions"}],"wp:featuredmedia":[{"embeddable":true,"href":"https:\/\/www.diarioimagen.net\/index.php?rest_route=\/wp\/v2\/media\/276592"}],"wp:attachment":[{"href":"https:\/\/www.diarioimagen.net\/index.php?rest_route=%2Fwp%2Fv2%2Fmedia&parent=276475"}],"wp:term":[{"taxonomy":"category","embeddable":true,"href":"https:\/\/www.diarioimagen.net\/index.php?rest_route=%2Fwp%2Fv2%2Fcategories&post=276475"},{"taxonomy":"post_tag","embeddable":true,"href":"https:\/\/www.diarioimagen.net\/index.php?rest_route=%2Fwp%2Fv2%2Ftags&post=276475"}],"curies":[{"name":"wp","href":"https:\/\/api.w.org\/{rel}","templated":true}]}}