{"id":276488,"date":"2016-06-28T00:06:46","date_gmt":"2016-06-28T05:06:46","guid":{"rendered":"http:\/\/www.diarioimagen.net\/?p=276488"},"modified":"2016-06-28T05:59:47","modified_gmt":"2016-06-28T10:59:47","slug":"el-efecto-boomerang-de-los-maestros","status":"publish","type":"post","link":"https:\/\/www.diarioimagen.net\/?p=276488","title":{"rendered":"El efecto boomerang de los maestros"},"content":{"rendered":"<h2>Detr\u00e1s del Poder<\/h2>\n<h5>Jos\u00e9 Antonio L\u00f3pez Sosa<\/h5>\n<p>&nbsp;<\/p>\n<p>Ahora todos se quejan de los maestros, sobre todo desde las entidades del gobierno de la Rep\u00fablica, pero no de todos los maestros, particularmente de los que agrupa la Coordinadora Nacional de Trabajadores de la Educaci\u00f3n (CNTE), pues tras el encarcelamiento de Elba Esther Gordillo Morales, las relaciones con el Sindicato Nacional de Trabajadores de la Educaci\u00f3n (SNTE) mejoraron e incluso, se normalizaron a pesar de la reforma educativa.<\/p>\n<p>Que los maestros \u2013en este caso la disidencia del CNTE\u2014, se comporten como entes pol\u00edticos combativos, no es cosa de ayer o antes de ayer, obedece a un proceso emanado del propio Partido Revolucionario Institucional (PRI) en el siglo pasado, esa parte no la explican quienes formaron parte de esa \u00faltima etapa, gente como Manlio Fabio Beltrones o como Emilio Gamboa, por citar solo a dos.<\/p>\n<p>Los maestros no estaban para dar clases en las aulas a partir de la segunda mitad del Siglo XX, fue la red de promoci\u00f3n pol\u00edtica y de voto a favor del PRI m\u00e1s grande que tuvo el sistema, bajo su mano el PRI estaba presente en cada comunidad, en cada calle y en cada rancher\u00eda del pa\u00eds, fue la forma m\u00e1s barata \u2013y ruin\u2014que el viejo sistema pri\u00edsta encontr\u00f3 para con nuestros recursos, tener una amplia cobertura pol\u00edtica.<\/p>\n<p>El PRI pon\u00eda y quitaba dirigentes, lo mismo promovi\u00f3, mantuvo y quit\u00f3 a Carlos Jonguitud Barrios, que a\u00f1os m\u00e1s tarde a Elba Esther Gordillo, el viejo PRI foment\u00f3 la herencia de plazas, los aviadores, los maestros formados para el activismo y no para la docencia.<\/p>\n<p>Cuando el PRI y el magisterio se divorciaron \u2014en manos de Roberto Madrazo y Elba Esther Gordillo\u2014, los maestros siguieron su vocaci\u00f3n (tambi\u00e9n los disidentes en el caso de la CNTE) y formaron el Partido Nueva Alianza (PANAL), con todo y que Gabriel Quadri diga que no son de los pol\u00edticos de siempre, jam\u00e1s ha dicho que son los maestros activistas de siempre quienes lo fundaron.<\/p>\n<p>\u00bfPor qu\u00e9 solo ver el problema y no el origen del problema?, si se entendiera, reconociera y explicara con claridad el mismo, habr\u00eda mayor oportunidad de regresar a los maestros a las aulas, no con la fuerza p\u00fablica, sino llegando a acuerdos donde tambi\u00e9n existan beneficios para los docentes, que tienen uno de los peores ingresos a nivel nacional.<\/p>\n<p>Al PRI el efecto boomerang les ha llegado, parte de los responsables a\u00fan militan, \u00bftendr\u00e1n habilidad de salir de esta?<\/p>\n<p>Por cierto, el PAN de Vicente Fox y Felipe Calder\u00f3n, aprovecharon al m\u00e1ximo el viejo sistema y tambi\u00e9n gozaron de las mieles del activismo magisterial a su favor, que no lo olvide Anaya.<\/p>\n<p style=\"text-align: center;\"><strong>CANAD\u00c1 Y LAS VISAS<\/strong><\/p>\n<p>Al cierre de esta columna se lleva al cabo una cena en Canad\u00e1 que ofrece el primer ministro Trudeau al presidente Pe\u00f1a Nieto, no hay confirmaci\u00f3n alguna pero se prev\u00e9 que en las pr\u00f3ximos d\u00edas durante la cumbre, se anuncie la supresi\u00f3n del visado, seguramente no como era antes, sino con una autorizaci\u00f3n electr\u00f3nica bajo ciertos requisitos. Ya veremos<\/p>\n<p style=\"text-align: center;\"><strong>DE LO QUE NO HABLA MADURO<\/strong><\/p>\n<p>Nicol\u00e1s Maduro en Venezuela difunde con alegr\u00eda que Venezuela es v\u00edctima de todos los que no piensan como \u00e9l, sin embargo no ha dado a conocer el contenido de la conversaci\u00f3n entre su ministra del exterior Delcy Rodr\u00edguez y el secretario de estado de los Estados Unidos John Kerry. Sucede que en el socialismo bolivariano el derecho a la informaci\u00f3n es pleno, toda vez que sus dirigentes est\u00e9n de acuerdo, solo con algunos temas.<\/p>\n<p><em><a href=\"http:\/\/www.lopezsosa.com\" target=\"_blank\">www.lopezsosa.com<\/a><\/em><br \/>\n<em><a href=\"mailto:joseantonio@lopezsosa.com\" target=\"_blank\">joseantonio@lopezsosa.com<\/a><\/em><br \/>\n<em><a href=\"http:\/\/twitter.com\/joseantonio1977\" target=\"_blank\">@joseantonio197<\/a><\/em><\/p>\n","protected":false},"excerpt":{"rendered":"<p><span style=\"color: #005497;\"><strong>Jos\u00e9 Antonio L\u00f3pez Sosa<\/strong><\/span><\/p>\n","protected":false},"author":3,"featured_media":0,"comment_status":"open","ping_status":"open","sticky":false,"template":"","format":"standard","meta":{"_monsterinsights_skip_tracking":false,"_monsterinsights_sitenote_active":false,"_monsterinsights_sitenote_note":"","_monsterinsights_sitenote_category":0,"footnotes":""},"categories":[637],"tags":[638,43690,43674],"class_list":["post-276488","post","type-post","status-publish","format-standard","hentry","category-jose-antonio-lopez-sosa","tag-detras-del-poder","tag-jose-antonio-lopez-sosa","tag-opinion"],"_links":{"self":[{"href":"https:\/\/www.diarioimagen.net\/index.php?rest_route=\/wp\/v2\/posts\/276488","targetHints":{"allow":["GET"]}}],"collection":[{"href":"https:\/\/www.diarioimagen.net\/index.php?rest_route=\/wp\/v2\/posts"}],"about":[{"href":"https:\/\/www.diarioimagen.net\/index.php?rest_route=\/wp\/v2\/types\/post"}],"author":[{"embeddable":true,"href":"https:\/\/www.diarioimagen.net\/index.php?rest_route=\/wp\/v2\/users\/3"}],"replies":[{"embeddable":true,"href":"https:\/\/www.diarioimagen.net\/index.php?rest_route=%2Fwp%2Fv2%2Fcomments&post=276488"}],"version-history":[{"count":0,"href":"https:\/\/www.diarioimagen.net\/index.php?rest_route=\/wp\/v2\/posts\/276488\/revisions"}],"wp:attachment":[{"href":"https:\/\/www.diarioimagen.net\/index.php?rest_route=%2Fwp%2Fv2%2Fmedia&parent=276488"}],"wp:term":[{"taxonomy":"category","embeddable":true,"href":"https:\/\/www.diarioimagen.net\/index.php?rest_route=%2Fwp%2Fv2%2Fcategories&post=276488"},{"taxonomy":"post_tag","embeddable":true,"href":"https:\/\/www.diarioimagen.net\/index.php?rest_route=%2Fwp%2Fv2%2Ftags&post=276488"}],"curies":[{"name":"wp","href":"https:\/\/api.w.org\/{rel}","templated":true}]}}