{"id":276640,"date":"2016-06-28T22:10:30","date_gmt":"2016-06-29T03:10:30","guid":{"rendered":"http:\/\/www.diarioimagen.net\/?p=276640"},"modified":"2016-06-29T03:24:47","modified_gmt":"2016-06-29T08:24:47","slug":"andres-calamaro-abre-nueva-fecha-en-el-metropolitan","status":"publish","type":"post","link":"https:\/\/www.diarioimagen.net\/?p=276640","title":{"rendered":"Andr\u00e9s Calamaro abre nueva fecha en el Metrop\u00f3litan"},"content":{"rendered":"<ul>\n<li>\u00a0<em><strong>Los boletos para su nuevo concierto del 4 de diciembre comenzar\u00e1n a venderse a partir de este 29 de junio<\/strong><\/em><\/li>\n<\/ul>\n<p>&nbsp;<\/p>\n<div id=\"attachment_276641\" style=\"width: 417px\" class=\"wp-caption aligncenter\"><a href=\"http:\/\/www.diarioimagen.net\/?attachment_id=276641\" rel=\"attachment wp-att-276641\"><img loading=\"lazy\" decoding=\"async\" aria-describedby=\"caption-attachment-276641\" class=\"size-large wp-image-276641\" src=\"http:\/\/www.diarioimagen.net\/wp-content\/uploads\/2016\/06\/andres-calamaro-pooortal-407x420.jpg\" alt=\"Para que nadie se quede sin verlo, Andr\u00e9s Calamaro ofrecer\u00e1 dos shows en la Ciudad de M\u00e9xico, s\u00e1bado 3 y domingo 4 de diciembre en el Teatro Metrop\u00f3litan.\" width=\"407\" height=\"420\" srcset=\"https:\/\/www.diarioimagen.net\/wp-content\/uploads\/2016\/06\/andres-calamaro-pooortal-407x420.jpg 407w, https:\/\/www.diarioimagen.net\/wp-content\/uploads\/2016\/06\/andres-calamaro-pooortal-232x240.jpg 232w, https:\/\/www.diarioimagen.net\/wp-content\/uploads\/2016\/06\/andres-calamaro-pooortal.jpg 700w\" sizes=\"auto, (max-width: 407px) 100vw, 407px\" \/><\/a><p id=\"caption-attachment-276641\" class=\"wp-caption-text\">Para que nadie se quede sin verlo, Andr\u00e9s Calamaro ofrecer\u00e1 dos shows en la Ciudad de M\u00e9xico, s\u00e1bado 3 y domingo 4 de diciembre en el Teatro Metrop\u00f3litan.<\/p><\/div>\n<p>Debido a la gran demanda de boletos de su show del s\u00e1bado 3 de diciembre, Andr\u00e9s Calamaro en conjunto con Ocesa anuncian una nueva fecha en la Ciudad de M\u00e9xico, que ser\u00e1 el domingo 4 de diciembre de su \u201cGira licencia para cantar\u201d, donde presenta sus grandes \u00e9xitos en ac\u00fastico y en estado m\u00e1s \u00edntimo. La preventa Banamex se realizar\u00e1 los d\u00edas 29 y 30 de junio, mientras que la venta al p\u00fablico en general comenzar\u00e1 el 1 de julio en las taquillas del inmueble y a trav\u00e9s del Sistema Ticketmaster.<\/p>\n<p>Despu\u00e9s de tocar en importantes recintos de nuestro pa\u00eds, como el Auditorio Nacional y El Foro Sol, dentro del Festival Vive Latino, a nivel masivo, Calamaro retornar\u00e1 a tierra azteca para ofrecer un concierto completamente \u201cunplugged\u201d, o como bien se le conoce \u201cdesenchufado\u201d, llegando a lo \u00edntimo, donde el setlist estar\u00e1 plagado de temas tan emblem\u00e1ticos como \u201cEstadio Azteca\u201d, \u201cFlaca\u201d, entre otros.<\/p>\n<p>Sin duda, un show totalmente distinto a lo que nos tiene acostumbrados, donde permear\u00e1 lo ac\u00fastico y sencillo, pero con el toque que siempre le ha caracterizado a Andr\u00e9s, lo fino, la bohemia y la buena m\u00fasica. El cantante argentino se har\u00e1 acompa\u00f1ar en el escenario de tres talentosos m\u00fasicos que son Germ\u00e1n Wiedemer (piano), Antonio Miguel (contrabajo) y Mart\u00edn Bruhn (percusi\u00f3n).<\/p>\n","protected":false},"excerpt":{"rendered":"<p>Debido a la gran demanda de boletos de su show del s\u00e1bado 3 de diciembre, Andr\u00e9s Calamaro en conjunto con Ocesa anuncian una nueva fecha en la Ciudad de M\u00e9xico, que ser\u00e1 el domingo 4 de diciembre de su \u201cGira licencia para cantar\u201d, donde presenta sus grandes \u00e9xitos en ac\u00fastico y en estado m\u00e1s \u00edntimo. La preventa Banamex se realizar\u00e1 los d\u00edas 29 y 30 de junio, mientras que la venta al p\u00fablico en general comenzar\u00e1 el 1 de julio en las taquillas del inmueble y a trav\u00e9s del Sistema Ticketmaster.<\/p>\n","protected":false},"author":5,"featured_media":276642,"comment_status":"open","ping_status":"open","sticky":false,"template":"","format":"standard","meta":{"_monsterinsights_skip_tracking":false,"_monsterinsights_sitenote_active":false,"_monsterinsights_sitenote_note":"","_monsterinsights_sitenote_category":0,"footnotes":""},"categories":[17,12],"tags":[2345],"class_list":["post-276640","post","type-post","status-publish","format-standard","has-post-thumbnail","hentry","category-especiales","category-espectaculos","tag-metropolitan"],"_links":{"self":[{"href":"https:\/\/www.diarioimagen.net\/index.php?rest_route=\/wp\/v2\/posts\/276640","targetHints":{"allow":["GET"]}}],"collection":[{"href":"https:\/\/www.diarioimagen.net\/index.php?rest_route=\/wp\/v2\/posts"}],"about":[{"href":"https:\/\/www.diarioimagen.net\/index.php?rest_route=\/wp\/v2\/types\/post"}],"author":[{"embeddable":true,"href":"https:\/\/www.diarioimagen.net\/index.php?rest_route=\/wp\/v2\/users\/5"}],"replies":[{"embeddable":true,"href":"https:\/\/www.diarioimagen.net\/index.php?rest_route=%2Fwp%2Fv2%2Fcomments&post=276640"}],"version-history":[{"count":0,"href":"https:\/\/www.diarioimagen.net\/index.php?rest_route=\/wp\/v2\/posts\/276640\/revisions"}],"wp:featuredmedia":[{"embeddable":true,"href":"https:\/\/www.diarioimagen.net\/index.php?rest_route=\/wp\/v2\/media\/276642"}],"wp:attachment":[{"href":"https:\/\/www.diarioimagen.net\/index.php?rest_route=%2Fwp%2Fv2%2Fmedia&parent=276640"}],"wp:term":[{"taxonomy":"category","embeddable":true,"href":"https:\/\/www.diarioimagen.net\/index.php?rest_route=%2Fwp%2Fv2%2Fcategories&post=276640"},{"taxonomy":"post_tag","embeddable":true,"href":"https:\/\/www.diarioimagen.net\/index.php?rest_route=%2Fwp%2Fv2%2Ftags&post=276640"}],"curies":[{"name":"wp","href":"https:\/\/api.w.org\/{rel}","templated":true}]}}