{"id":276662,"date":"2016-06-29T00:08:23","date_gmt":"2016-06-29T05:08:23","guid":{"rendered":"http:\/\/www.diarioimagen.net\/?p=276662"},"modified":"2016-06-30T04:00:43","modified_gmt":"2016-06-30T09:00:43","slug":"anuncia-eruviel-avila-acciones-para-mitigar-contaminacion","status":"publish","type":"post","link":"https:\/\/www.diarioimagen.net\/?p=276662","title":{"rendered":"Anuncia Eruviel \u00c1vila acciones\u00a0para mitigar contaminaci\u00f3n"},"content":{"rendered":"<ul>\n<li><em><b>Se busca mejorar calidad del aire en el Valle de M\u00e9xico<\/b><\/em><\/li>\n<\/ul>\n<p>&nbsp;<\/p>\n<div id=\"attachment_276663\" style=\"width: 430px\" class=\"wp-caption aligncenter\"><a href=\"http:\/\/www.diarioimagen.net\/?attachment_id=276663\" rel=\"attachment wp-att-276663\"><img loading=\"lazy\" decoding=\"async\" aria-describedby=\"caption-attachment-276663\" class=\"size-large wp-image-276663\" src=\"http:\/\/www.diarioimagen.net\/wp-content\/uploads\/2016\/06\/eruviel-2899-420x236.jpg\" alt=\"El gobernador Eruviel \u00c1vila Villegas anunci\u00f3 un plan de acci\u00f3n con cinco medidas, con las que el Estado de M\u00e9xico contribuye al mejoramiento de la calidad del aire en el Valle de M\u00e9xico.\" width=\"420\" height=\"236\" srcset=\"https:\/\/www.diarioimagen.net\/wp-content\/uploads\/2016\/06\/eruviel-2899-420x236.jpg 420w, https:\/\/www.diarioimagen.net\/wp-content\/uploads\/2016\/06\/eruviel-2899-240x135.jpg 240w, https:\/\/www.diarioimagen.net\/wp-content\/uploads\/2016\/06\/eruviel-2899-768x432.jpg 768w, https:\/\/www.diarioimagen.net\/wp-content\/uploads\/2016\/06\/eruviel-2899-480x270.jpg 480w, https:\/\/www.diarioimagen.net\/wp-content\/uploads\/2016\/06\/eruviel-2899-235x132.jpg 235w, https:\/\/www.diarioimagen.net\/wp-content\/uploads\/2016\/06\/eruviel-2899-202x114.jpg 202w, https:\/\/www.diarioimagen.net\/wp-content\/uploads\/2016\/06\/eruviel-2899-350x196.jpg 350w, https:\/\/www.diarioimagen.net\/wp-content\/uploads\/2016\/06\/eruviel-2899-220x123.jpg 220w, https:\/\/www.diarioimagen.net\/wp-content\/uploads\/2016\/06\/eruviel-2899-237x132.jpg 237w, https:\/\/www.diarioimagen.net\/wp-content\/uploads\/2016\/06\/eruviel-2899.jpg 1200w\" sizes=\"auto, (max-width: 420px) 100vw, 420px\" \/><\/a><p id=\"caption-attachment-276663\" class=\"wp-caption-text\">El gobernador Eruviel \u00c1vila Villegas anunci\u00f3 un plan de acci\u00f3n con cinco medidas, con las que el Estado de M\u00e9xico contribuye al mejoramiento de la calidad del aire en el Valle de M\u00e9xico.<\/p><\/div>\n<p>&nbsp;<\/p>\n<p><strong>Pachuca, Hidalgo.-<\/strong> Para fortalecer el cuidado del medio ambiente, apoyar la econom\u00eda de los mexiquenses y cumplir con la norma emergente de verificaci\u00f3n vehicular, el gobernador Eruviel \u00c1vila Villegas anunci\u00f3 un plan de acci\u00f3n con cinco medidas, con las que el Estado de M\u00e9xico contribuye al mejoramiento de la calidad de vida en la Megal\u00f3polis.<\/p>\n<p>Las medidas expuestas por el gobernador mexiquense son:<\/p>\n<p>&#8211; Condonaci\u00f3n de multas por verificaci\u00f3n extempor\u00e1nea a mexiquenses, para que se pongan al corriente en este tr\u00e1mite.<\/p>\n<p>&#8211; Entrega de un convertidor catal\u00edtico gratuito para 25 mil campesinos o comerciantes que para el traslado de sus productos\u00a0 cuenten con veh\u00edculos modelos 1994 a 2005 y no pasen la verificaci\u00f3n vehicular.<\/p>\n<p>&#8211; Se realizan los procedimientos necesarios para conseguir\u00a0 la certificaci\u00f3n de la norma ISO-IEC27000\u00a0 del Sistema de Control de Hologramas de los verificentros, para mejorar la calidad de atenci\u00f3n y evitar actos de corrupci\u00f3n en estos lugares. El Edomex ser\u00eda la primera entidad en obtenerla.<\/p>\n<p>&#8211; Se invirtieron 11 millones de pesos para adquirir dos sensores remotos para medir las emisiones de contaminantes de los veh\u00edculos en circulaci\u00f3n, con lo cual se podr\u00e1 detener a las unidades ostensiblemente contaminantes aun cuando hayan pasado la verificaci\u00f3n.\u00a0 Con ello, tambi\u00e9n se podr\u00e1 identificar los verificentros que cometan actos de corrupci\u00f3n.<\/p>\n<p>&#8211; Con el apoyo del Centro Mario Molina, se implementar\u00e1n 45 medidas estatales en materia de cuidado ambiental, adicionales a las acciones que anunciar\u00e1 en breve la Comisi\u00f3n Ambiental de la Megal\u00f3polis.<\/p>\n<p>Esto, durante la primera sesi\u00f3n plenaria de la Comisi\u00f3n Ejecutiva de Coordinaci\u00f3n Metropolitana 2016, que encabez\u00f3 Luis Felipe Puente Espinosa, coordinador nacional de Protecci\u00f3n Civil, en representaci\u00f3n de Miguel \u00c1ngel Osorio Chong, secretario de Gobernaci\u00f3n y a la que asisti\u00f3 la procuradora general de la Rep\u00fablica, Arely G\u00f3mez Gonz\u00e1lez.<\/p>\n<p>Ante el jefe de gobierno de la Ciudad de M\u00e9xico, Miguel \u00c1ngel Mancera Espinosa, y el gobernador de Hidalgo, Francisco Olvera Ruiz, Eruviel \u00c1vila dijo tambi\u00e9n que, para fomentar el transporte p\u00fablico de bajas emisiones se adquirir\u00e1n taxis el\u00e9ctricos e h\u00edbridos.<\/p>\n<p>\u201cSeguiremos trabajando con visi\u00f3n metropolitana y con toda disposici\u00f3n para coordinarnos debidamente en diferentes materias que son de importancia para nuestros habitantes. Es justo reconocer que hemos avanzado, que ha habido voluntad, que ha habido disposici\u00f3n para poder atender los retos que tenemos en esta gran zona metropolitana\u201d, afirm\u00f3.<\/p>\n<p>El gobernador mexiquense indic\u00f3 que actualmente se han retirado de circulaci\u00f3n 3 mil 179 unidades contaminantes, entre autobuses, micros y combis; adem\u00e1s todos los verificentros del Edomex cuentan con la tecnolog\u00eda\u00a0 OBD II, que permite detectar c\u00f3digos de falla en los autom\u00f3viles y leer correctamente sus emisiones, para los veh\u00edculos que a\u00fan no cuenten con este sistema, se utilizar\u00e1 en el proceso de verificaci\u00f3n los dinam\u00f3metros.<\/p>\n<p>&nbsp;<\/p>\n","protected":false},"excerpt":{"rendered":"<p>Para fortalecer el cuidado del medio ambiente, apoyar la econom\u00eda de los mexiquenses y cumplir con la norma emergente de verificaci\u00f3n vehicular, el gobernador Eruviel \u00c1vila Villegas anunci\u00f3 un plan de acci\u00f3n con cinco medidas, con las que el Estado de M\u00e9xico contribuye al mejoramiento de la calidad de vida en la Megal\u00f3polis.<\/p>\n","protected":false},"author":1,"featured_media":276663,"comment_status":"open","ping_status":"open","sticky":false,"template":"","format":"standard","meta":{"_monsterinsights_skip_tracking":false,"_monsterinsights_sitenote_active":false,"_monsterinsights_sitenote_note":"","_monsterinsights_sitenote_category":0,"footnotes":""},"categories":[5],"tags":[5828,43675,49714],"class_list":["post-276662","post","type-post","status-publish","format-standard","has-post-thumbnail","hentry","category-estado-de-mexico","tag-eruviel-avila-villegas","tag-estado-de-mexico","tag-megalopolis"],"_links":{"self":[{"href":"https:\/\/www.diarioimagen.net\/index.php?rest_route=\/wp\/v2\/posts\/276662","targetHints":{"allow":["GET"]}}],"collection":[{"href":"https:\/\/www.diarioimagen.net\/index.php?rest_route=\/wp\/v2\/posts"}],"about":[{"href":"https:\/\/www.diarioimagen.net\/index.php?rest_route=\/wp\/v2\/types\/post"}],"author":[{"embeddable":true,"href":"https:\/\/www.diarioimagen.net\/index.php?rest_route=\/wp\/v2\/users\/1"}],"replies":[{"embeddable":true,"href":"https:\/\/www.diarioimagen.net\/index.php?rest_route=%2Fwp%2Fv2%2Fcomments&post=276662"}],"version-history":[{"count":0,"href":"https:\/\/www.diarioimagen.net\/index.php?rest_route=\/wp\/v2\/posts\/276662\/revisions"}],"wp:featuredmedia":[{"embeddable":true,"href":"https:\/\/www.diarioimagen.net\/index.php?rest_route=\/wp\/v2\/media\/276663"}],"wp:attachment":[{"href":"https:\/\/www.diarioimagen.net\/index.php?rest_route=%2Fwp%2Fv2%2Fmedia&parent=276662"}],"wp:term":[{"taxonomy":"category","embeddable":true,"href":"https:\/\/www.diarioimagen.net\/index.php?rest_route=%2Fwp%2Fv2%2Fcategories&post=276662"},{"taxonomy":"post_tag","embeddable":true,"href":"https:\/\/www.diarioimagen.net\/index.php?rest_route=%2Fwp%2Fv2%2Ftags&post=276662"}],"curies":[{"name":"wp","href":"https:\/\/api.w.org\/{rel}","templated":true}]}}