{"id":276694,"date":"2016-06-29T00:03:48","date_gmt":"2016-06-29T05:03:48","guid":{"rendered":"http:\/\/www.diarioimagen.net\/?p=276694"},"modified":"2016-06-29T03:50:19","modified_gmt":"2016-06-29T08:50:19","slug":"firman-contrato-colectivo-de-trabajadores-de-la-legislatura","status":"publish","type":"post","link":"https:\/\/www.diarioimagen.net\/?p=276694","title":{"rendered":"Firman contrato colectivo de trabajadores de la Legislatura"},"content":{"rendered":"<ul>\n<li><strong><em>Jucopo y SUTEyM<\/em><\/strong><\/li>\n<\/ul>\n<p>&nbsp;<\/p>\n<div id=\"attachment_276756\" style=\"width: 430px\" class=\"wp-caption aligncenter\"><a href=\"http:\/\/www.diarioimagen.net\/?attachment_id=276756\" rel=\"attachment wp-att-276756\"><img loading=\"lazy\" decoding=\"async\" aria-describedby=\"caption-attachment-276756\" class=\"size-large wp-image-276756\" src=\"http:\/\/www.diarioimagen.net\/wp-content\/uploads\/2016\/06\/LEGISLATURA-2899-420x236.jpg\" alt=\"La Jucopo y el sindicato refrendaron su alianza en favor de un servicio p\u00fablico eficiente y el bienestar de los trabajadores y de sus familias.\" width=\"420\" height=\"236\" srcset=\"https:\/\/www.diarioimagen.net\/wp-content\/uploads\/2016\/06\/LEGISLATURA-2899-420x236.jpg 420w, https:\/\/www.diarioimagen.net\/wp-content\/uploads\/2016\/06\/LEGISLATURA-2899-240x135.jpg 240w, https:\/\/www.diarioimagen.net\/wp-content\/uploads\/2016\/06\/LEGISLATURA-2899-480x270.jpg 480w, https:\/\/www.diarioimagen.net\/wp-content\/uploads\/2016\/06\/LEGISLATURA-2899-235x132.jpg 235w, https:\/\/www.diarioimagen.net\/wp-content\/uploads\/2016\/06\/LEGISLATURA-2899-202x114.jpg 202w, https:\/\/www.diarioimagen.net\/wp-content\/uploads\/2016\/06\/LEGISLATURA-2899-350x196.jpg 350w, https:\/\/www.diarioimagen.net\/wp-content\/uploads\/2016\/06\/LEGISLATURA-2899-220x123.jpg 220w, https:\/\/www.diarioimagen.net\/wp-content\/uploads\/2016\/06\/LEGISLATURA-2899-237x132.jpg 237w, https:\/\/www.diarioimagen.net\/wp-content\/uploads\/2016\/06\/LEGISLATURA-2899.jpg 700w\" sizes=\"auto, (max-width: 420px) 100vw, 420px\" \/><\/a><p id=\"caption-attachment-276756\" class=\"wp-caption-text\">La Jucopo y el sindicato refrendaron su alianza en favor de un servicio p\u00fablico eficiente y el bienestar de los trabajadores y de sus familias.<\/p><\/div>\n<p>&nbsp;<\/p>\n<p>El diputado Cruz Roa S\u00e1nchez, presidente de la Junta de Coordinaci\u00f3n Pol\u00edtica (Jucopo) de la 59 Legislatura mexiquense, y Herminio Cahue Calder\u00f3n, secretario general del Sindicato \u00danico de Trabajadores de los Poderes, Municipios e Instituciones Descentralizadas del Estado de M\u00e9xico (SUTEyM), firmaron las Condiciones Generales de Trabajo y el Convenio de Sueldos y Prestaciones de los trabajadores del Poder Legislativo mexiquense.<\/p>\n<p>Cruz Roa subray\u00f3 que de esta manera se benefician mil 741 servidores p\u00fablicos, entre ellos 327 sindicalizados, a quienes exhort\u00f3 a refrendar su compromiso laboral y desempe\u00f1ar su trabajo con responsabilidad y eficiencia.<\/p>\n<p>Reiter\u00f3 su compromiso de trabajar de manera cercana con los servidores p\u00fablicos, ya que, dijo, si existe un buen trato a los dem\u00e1s es posible entregar buenos resultados.<\/p>\n<p>Herminio Cahue reconoci\u00f3 al diputado Cruz Roa por conducir los trabajos de la 59 Legislatura con el sentido humano que le caracteriza, y consider\u00f3 a la firma de convenio como la posibilidad de reafirmar la buena relaci\u00f3n entre los servidores p\u00fablicos y la Jucopo.<\/p>\n<p>Las Condiciones Generales de Trabajo, explic\u00f3 el secretario de Administraci\u00f3n y Finanzas, Pablo D\u00edaz G\u00f3mez, establecen las jornadas de trabajo, d\u00edas de descanso, asistencia y puntualidad, sueldos y formas de pago, derechos, obligaciones y sanciones de los servidores p\u00fablicos, condiciones de seguridad e higiene y los riesgos de trabajo.<\/p>\n<p>Por su parte, ante integrantes del Comit\u00e9 Ejecutivo Estatal del SUTEyM, el delegado sindical del Poder Legislativo, Gerardo Le\u00f3n Casado, dijo que la actualizaci\u00f3n es resultado del trabajo en equipo con el secretario, Pablo D\u00edaz.<\/p>\n<p>&nbsp;<\/p>\n","protected":false},"excerpt":{"rendered":"<p>El diputado Cruz Roa S\u00e1nchez, presidente de la Junta de Coordinaci\u00f3n Pol\u00edtica (Jucopo) de la 59 Legislatura mexiquense, y Herminio Cahue Calder\u00f3n, secretario general del Sindicato \u00danico de Trabajadores de los Poderes, Municipios e Instituciones Descentralizadas del Estado de M\u00e9xico (SUTEyM), firmaron las Condiciones Generales de Trabajo y el Convenio de Sueldos y Prestaciones de los trabajadores del Poder Legislativo mexiquense.<\/p>\n","protected":false},"author":3,"featured_media":276756,"comment_status":"open","ping_status":"open","sticky":false,"template":"","format":"standard","meta":{"_monsterinsights_skip_tracking":false,"_monsterinsights_sitenote_active":false,"_monsterinsights_sitenote_note":"","_monsterinsights_sitenote_category":0,"footnotes":""},"categories":[35155],"tags":[50923,43675,1752],"class_list":["post-276694","post","type-post","status-publish","format-standard","has-post-thumbnail","hentry","category-estado-de-mexico-estado-de-mexico","tag-cruz-roa-sanchez","tag-estado-de-mexico","tag-legislatura"],"_links":{"self":[{"href":"https:\/\/www.diarioimagen.net\/index.php?rest_route=\/wp\/v2\/posts\/276694","targetHints":{"allow":["GET"]}}],"collection":[{"href":"https:\/\/www.diarioimagen.net\/index.php?rest_route=\/wp\/v2\/posts"}],"about":[{"href":"https:\/\/www.diarioimagen.net\/index.php?rest_route=\/wp\/v2\/types\/post"}],"author":[{"embeddable":true,"href":"https:\/\/www.diarioimagen.net\/index.php?rest_route=\/wp\/v2\/users\/3"}],"replies":[{"embeddable":true,"href":"https:\/\/www.diarioimagen.net\/index.php?rest_route=%2Fwp%2Fv2%2Fcomments&post=276694"}],"version-history":[{"count":0,"href":"https:\/\/www.diarioimagen.net\/index.php?rest_route=\/wp\/v2\/posts\/276694\/revisions"}],"wp:featuredmedia":[{"embeddable":true,"href":"https:\/\/www.diarioimagen.net\/index.php?rest_route=\/wp\/v2\/media\/276756"}],"wp:attachment":[{"href":"https:\/\/www.diarioimagen.net\/index.php?rest_route=%2Fwp%2Fv2%2Fmedia&parent=276694"}],"wp:term":[{"taxonomy":"category","embeddable":true,"href":"https:\/\/www.diarioimagen.net\/index.php?rest_route=%2Fwp%2Fv2%2Fcategories&post=276694"},{"taxonomy":"post_tag","embeddable":true,"href":"https:\/\/www.diarioimagen.net\/index.php?rest_route=%2Fwp%2Fv2%2Ftags&post=276694"}],"curies":[{"name":"wp","href":"https:\/\/api.w.org\/{rel}","templated":true}]}}