{"id":276710,"date":"2016-06-29T00:03:18","date_gmt":"2016-06-29T05:03:18","guid":{"rendered":"http:\/\/www.diarioimagen.net\/?p=276710"},"modified":"2016-06-30T03:59:47","modified_gmt":"2016-06-30T08:59:47","slug":"a-cuidar-reserva-ecologica-ante-aumento-de-polucion","status":"publish","type":"post","link":"https:\/\/www.diarioimagen.net\/?p=276710","title":{"rendered":"A cuidar reserva ecol\u00f3gica ante aumento de poluci\u00f3n"},"content":{"rendered":"<ul>\n<li><strong><em>Plantar\u00e1n 726 mil 464 \u00e1rboles en una superficie de mil 90 has<\/em><\/strong><\/li>\n<\/ul>\n<p>&nbsp;<\/p>\n<div id=\"attachment_276773\" style=\"width: 430px\" class=\"wp-caption aligncenter\"><a href=\"http:\/\/www.diarioimagen.net\/?attachment_id=276773\" rel=\"attachment wp-att-276773\"><img loading=\"lazy\" decoding=\"async\" aria-describedby=\"caption-attachment-276773\" class=\"size-large wp-image-276773\" src=\"http:\/\/www.diarioimagen.net\/wp-content\/uploads\/2016\/06\/MANCERA-2899-420x236.jpg\" alt=\"Miguel \u00c1ngel Mancera encabez\u00f3 el inicio de labores de reforestaci\u00f3n en el ejido de San Nicol\u00e1s Totolapan, en el marco del D\u00eda Internacional del \u00c1rbol.\" width=\"420\" height=\"236\" srcset=\"https:\/\/www.diarioimagen.net\/wp-content\/uploads\/2016\/06\/MANCERA-2899-420x236.jpg 420w, https:\/\/www.diarioimagen.net\/wp-content\/uploads\/2016\/06\/MANCERA-2899-240x135.jpg 240w, https:\/\/www.diarioimagen.net\/wp-content\/uploads\/2016\/06\/MANCERA-2899-235x132.jpg 235w, https:\/\/www.diarioimagen.net\/wp-content\/uploads\/2016\/06\/MANCERA-2899-202x114.jpg 202w, https:\/\/www.diarioimagen.net\/wp-content\/uploads\/2016\/06\/MANCERA-2899-350x196.jpg 350w, https:\/\/www.diarioimagen.net\/wp-content\/uploads\/2016\/06\/MANCERA-2899-220x123.jpg 220w, https:\/\/www.diarioimagen.net\/wp-content\/uploads\/2016\/06\/MANCERA-2899-237x132.jpg 237w, https:\/\/www.diarioimagen.net\/wp-content\/uploads\/2016\/06\/MANCERA-2899.jpg 480w\" sizes=\"auto, (max-width: 420px) 100vw, 420px\" \/><\/a><p id=\"caption-attachment-276773\" class=\"wp-caption-text\">Miguel \u00c1ngel Mancera encabez\u00f3 el inicio de labores de reforestaci\u00f3n en el ejido de San Nicol\u00e1s Totolapan, en el marco del D\u00eda Internacional del \u00c1rbol.<\/p><\/div>\n<p>&nbsp;<\/p>\n<p>El jefe de gobierno, Miguel \u00c1ngel Mancera, llam\u00f3 a la ciudadan\u00eda a cuidar las \u00e1reas de reserva ecol\u00f3gica que hay en la Ciudad de M\u00e9xico, pues ante los problemas de contingencia ambiental que se enfrentan estas \u201cson los pulmones\u201d de la capital del pa\u00eds.<\/p>\n<p>En el marco del D\u00eda Internacional del \u00c1rbol, que se conmemora el 28 de junio, afirm\u00f3 que es fundamental continuar con el cuidado de esas \u00e1reas y por ello celebr\u00f3 esta fecha con labores de reforestaci\u00f3n en el ejido de San Nicol\u00e1s Totolapan, delegaci\u00f3n Magdalena Contreras.<\/p>\n<p>\u201cNuestro llamado reiterado, porque ahora con las contingencias ambientales estos son los pulmones que hay que cuidar; esto es lo que queremos mostrarles; en este importante D\u00eda Internacional del \u00c1rbol, que vamos a seguir con el cuidado de nuestras \u00e1reas de reserva ecol\u00f3gica\u201d, expres\u00f3.<\/p>\n<p>En ese contexto, Mancera reconoci\u00f3 que a pesar de la invasi\u00f3n de zonas de reserva, 60 por ciento de la ciudad es suelo de conservaci\u00f3n ecol\u00f3gica, \u201cm\u00e1s all\u00e1 de lo que se ha acabado con invasiones \u2013o no- sigue siendo un territorio muy, muy amplio, muy importante el que hay que cuidar\u201d.<\/p>\n<p>De ah\u00ed que \u201ctambi\u00e9n es muy importante el combate a la tala de \u00e1rboles, una tarea que seguimos reiterando con la Federaci\u00f3n que se debe intensificar en los patrullajes, por supuesto tambi\u00e9n en la operatividad\u201d, tema que seguir\u00e1n impulsando en las reuniones de la Comisi\u00f3n Ambiental de la Megal\u00f3polis (Came).<\/p>\n<p>En el inici\u00f3 de labores de reforestaci\u00f3n en el ejido de San Nicol\u00e1s Totolapan, acompa\u00f1ado de ni\u00f1os y familias que habitan las colonias cercanas a la zona, Mancera Espinosa resalt\u00f3 la importancia de acciones como la estrategia de reforestaci\u00f3n rural y reconversi\u00f3n productiva.<\/p>\n<p>Record\u00f3 que con esa estrategia se pretende plantar hasta el 30 de septiembre, un total de 726 mil 464 \u00e1rboles en una superficie de mil 90 hect\u00e1reas, adem\u00e1s de dar mantenimiento a un mill\u00f3n 285 mil 521 \u00e1rboles, que ocupan dos mil 635 hect\u00e1reas.<\/p>\n<p>\u201cEs de alt\u00edsimo impacto esto que se est\u00e1 haciendo hoy, porque estamos hablando de mejorar la calidad del aire, de la captura de carbono, de incrementar nuestra cubierta vegetal en la Ciudad de M\u00e9xico y de seguir con esta tarea de reforestaci\u00f3n\u201d, afirm\u00f3.<\/p>\n<p>Otro punto que resalt\u00f3, fue el de diferenciar las especies adecuadas para suelo urbano y las propias de la zona boscosa, para garantizar la supervivencia de los \u00e1rboles y los servicios ambientales que prestan a la Ciudad de M\u00e9xico.<\/p>\n<p>Por otra parte, destac\u00f3 que estas \u00e1reas de valor ambiental tambi\u00e9n tienen vocaci\u00f3n tur\u00edstica, pues como en el ejido de San Nicol\u00e1s Totolapan ofrecen espacios para acampar, practicar senderismo y ciclismo de monta\u00f1a, entre otras actividades que generan recursos para los habitantes de la zona y fomenta el cuidado de la riqueza natural.<\/p>\n<p>&nbsp;<\/p>\n","protected":false},"excerpt":{"rendered":"<p>El jefe de gobierno, Miguel \u00c1ngel Mancera, llam\u00f3 a la ciudadan\u00eda a cuidar las \u00e1reas de reserva ecol\u00f3gica que hay en la Ciudad de M\u00e9xico, pues ante los problemas de contingencia ambiental que se enfrentan estas \u201cson los pulmones\u201d de la capital del pa\u00eds.<\/p>\n","protected":false},"author":3,"featured_media":276773,"comment_status":"open","ping_status":"open","sticky":false,"template":"","format":"standard","meta":{"_monsterinsights_skip_tracking":false,"_monsterinsights_sitenote_active":false,"_monsterinsights_sitenote_note":"","_monsterinsights_sitenote_category":0,"footnotes":""},"categories":[6],"tags":[5314],"class_list":["post-276710","post","type-post","status-publish","format-standard","has-post-thumbnail","hentry","category-cd-de-mexico","tag-miguel-angel-mancera-espinosa"],"_links":{"self":[{"href":"https:\/\/www.diarioimagen.net\/index.php?rest_route=\/wp\/v2\/posts\/276710","targetHints":{"allow":["GET"]}}],"collection":[{"href":"https:\/\/www.diarioimagen.net\/index.php?rest_route=\/wp\/v2\/posts"}],"about":[{"href":"https:\/\/www.diarioimagen.net\/index.php?rest_route=\/wp\/v2\/types\/post"}],"author":[{"embeddable":true,"href":"https:\/\/www.diarioimagen.net\/index.php?rest_route=\/wp\/v2\/users\/3"}],"replies":[{"embeddable":true,"href":"https:\/\/www.diarioimagen.net\/index.php?rest_route=%2Fwp%2Fv2%2Fcomments&post=276710"}],"version-history":[{"count":0,"href":"https:\/\/www.diarioimagen.net\/index.php?rest_route=\/wp\/v2\/posts\/276710\/revisions"}],"wp:featuredmedia":[{"embeddable":true,"href":"https:\/\/www.diarioimagen.net\/index.php?rest_route=\/wp\/v2\/media\/276773"}],"wp:attachment":[{"href":"https:\/\/www.diarioimagen.net\/index.php?rest_route=%2Fwp%2Fv2%2Fmedia&parent=276710"}],"wp:term":[{"taxonomy":"category","embeddable":true,"href":"https:\/\/www.diarioimagen.net\/index.php?rest_route=%2Fwp%2Fv2%2Fcategories&post=276710"},{"taxonomy":"post_tag","embeddable":true,"href":"https:\/\/www.diarioimagen.net\/index.php?rest_route=%2Fwp%2Fv2%2Ftags&post=276710"}],"curies":[{"name":"wp","href":"https:\/\/api.w.org\/{rel}","templated":true}]}}