{"id":276719,"date":"2016-06-29T00:04:45","date_gmt":"2016-06-29T05:04:45","guid":{"rendered":"http:\/\/www.diarioimagen.net\/?p=276719"},"modified":"2016-06-29T04:10:27","modified_gmt":"2016-06-29T09:10:27","slug":"hallan-a-estudiantes-que-escapan-de-castigo","status":"publish","type":"post","link":"https:\/\/www.diarioimagen.net\/?p=276719","title":{"rendered":"Hallan a estudiantes que escapan de castigo"},"content":{"rendered":"<ul>\n<li><strong><em>Sismo: aprovechan confusi\u00f3n en primaria<\/em><\/strong><\/li>\n<\/ul>\n<p>&nbsp;<\/p>\n<div id=\"attachment_276782\" style=\"width: 430px\" class=\"wp-caption aligncenter\"><a href=\"http:\/\/www.diarioimagen.net\/?attachment_id=276782\" rel=\"attachment wp-att-276782\"><img loading=\"lazy\" decoding=\"async\" aria-describedby=\"caption-attachment-276782\" class=\"size-large wp-image-276782\" src=\"http:\/\/www.diarioimagen.net\/wp-content\/uploads\/2016\/06\/seguridad-2899-420x236.jpg\" alt=\"Los menores fueron encontrados en una tienda de autoservicio, en la colonia Victoria de las Democracias, delegaci\u00f3n Azcapotzalco.\" width=\"420\" height=\"236\" srcset=\"https:\/\/www.diarioimagen.net\/wp-content\/uploads\/2016\/06\/seguridad-2899-420x236.jpg 420w, https:\/\/www.diarioimagen.net\/wp-content\/uploads\/2016\/06\/seguridad-2899-240x135.jpg 240w, https:\/\/www.diarioimagen.net\/wp-content\/uploads\/2016\/06\/seguridad-2899-235x132.jpg 235w, https:\/\/www.diarioimagen.net\/wp-content\/uploads\/2016\/06\/seguridad-2899-202x114.jpg 202w, https:\/\/www.diarioimagen.net\/wp-content\/uploads\/2016\/06\/seguridad-2899-350x196.jpg 350w, https:\/\/www.diarioimagen.net\/wp-content\/uploads\/2016\/06\/seguridad-2899-220x123.jpg 220w, https:\/\/www.diarioimagen.net\/wp-content\/uploads\/2016\/06\/seguridad-2899-237x132.jpg 237w, https:\/\/www.diarioimagen.net\/wp-content\/uploads\/2016\/06\/seguridad-2899.jpg 480w\" sizes=\"auto, (max-width: 420px) 100vw, 420px\" \/><\/a><p id=\"caption-attachment-276782\" class=\"wp-caption-text\">Los menores fueron encontrados en una tienda de autoservicio, en la colonia Victoria de las Democracias, delegaci\u00f3n Azcapotzalco.<\/p><\/div>\n<p>&nbsp;<\/p>\n<p>Polic\u00edas de la Secretar\u00eda de Seguridad P\u00fablica capitalina localizaron a dos menores de edad, quienes escaparon de la primaria Jos\u00e9 Vasconcelos, ubicada en la colonia Tlatilco, luego del sismo de la tarde del lunes.<\/p>\n<p>Los alumnos pasaron la noche en un parque, por temor a ser castigados por sus padres, tras recibir la queja de que fueron llevados a la direcci\u00f3n porque se estaban besando.<\/p>\n<p>Hiromi Guadalupe Nieto Balderas y Sebasti\u00e1n S\u00e1nchez Cruz, de 12 y 11 a\u00f1os de edad, alumnos de sexto de primaria, fueron encontrados la ma\u00f1ana de ayer en una tienda de autoservicio, en la colonia Victoria de las Democracias, delegaci\u00f3n Azcapotzalco.<\/p>\n<p>Los padres de los menores al no saber d\u00f3nde estaban sus hijos presentaron el lunes una denuncia ante el Centro de Atenci\u00f3n para Personas Extraviadas y Ausentes (CAPEA) donde se emiti\u00f3 la Alerta Amber.<\/p>\n<p>El informe se\u00f1ala que los adolescentes aprovecharon la confusi\u00f3n del momento del sismo para huir del colegio y evitar el rega\u00f1o de la directora, luego de que un compa\u00f1ero los acusara de encontrarse bes\u00e1ndose dentro del plantel.<\/p>\n<p>Los ni\u00f1os hab\u00edan sido llevados ante la directora de la escuela y justo antes de pasar al rega\u00f1o se registr\u00f3 el sismo que gener\u00f3 la alerta para evacuar las instalaciones, lo que fue visto como la oportunidad de escapar e irse de \u201cpinta\u201d.<\/p>\n<p>Uniformados del Sector Cuitl\u00e1huac recibieron un llamado del Centro de Control y Comando C2 Norte, para acudir a una entrevista a la tienda de autoservicio, donde fueron hallados ambos peque\u00f1os.<\/p>\n<p>Los menores e\u00f1alaron que tras pasar la noche en un parque fueron en busca de comida, ya que no hab\u00edan probado alimento desde el lunes.<\/p>\n<p>Ellos y sus familiares fueron llevados a la agencia 50 del Ministerio P\u00fablico a presentarse ante el Centro de Apoyo a Personas Extraviadas y Ausentes (CAPEA) para declarar que estaban ya con sus familiares y desactivar la Alerta Amber.<strong><br \/>\n<\/strong><\/p>\n<p>&nbsp;<\/p>\n","protected":false},"excerpt":{"rendered":"<p>Polic\u00edas de la Secretar\u00eda de Seguridad P\u00fablica capitalina localizaron a dos menores de edad, quienes escaparon de la primaria Jos\u00e9 Vasconcelos, ubicada en la colonia Tlatilco, luego del sismo de la tarde del lunes.<\/p>\n","protected":false},"author":3,"featured_media":276782,"comment_status":"open","ping_status":"open","sticky":false,"template":"","format":"standard","meta":{"_monsterinsights_skip_tracking":false,"_monsterinsights_sitenote_active":false,"_monsterinsights_sitenote_note":"","_monsterinsights_sitenote_category":0,"footnotes":""},"categories":[7],"tags":[2014,43677,677],"class_list":["post-276719","post","type-post","status-publish","format-standard","has-post-thumbnail","hentry","category-seguridad","tag-estudiantes","tag-seguridad","tag-sismo"],"_links":{"self":[{"href":"https:\/\/www.diarioimagen.net\/index.php?rest_route=\/wp\/v2\/posts\/276719","targetHints":{"allow":["GET"]}}],"collection":[{"href":"https:\/\/www.diarioimagen.net\/index.php?rest_route=\/wp\/v2\/posts"}],"about":[{"href":"https:\/\/www.diarioimagen.net\/index.php?rest_route=\/wp\/v2\/types\/post"}],"author":[{"embeddable":true,"href":"https:\/\/www.diarioimagen.net\/index.php?rest_route=\/wp\/v2\/users\/3"}],"replies":[{"embeddable":true,"href":"https:\/\/www.diarioimagen.net\/index.php?rest_route=%2Fwp%2Fv2%2Fcomments&post=276719"}],"version-history":[{"count":0,"href":"https:\/\/www.diarioimagen.net\/index.php?rest_route=\/wp\/v2\/posts\/276719\/revisions"}],"wp:featuredmedia":[{"embeddable":true,"href":"https:\/\/www.diarioimagen.net\/index.php?rest_route=\/wp\/v2\/media\/276782"}],"wp:attachment":[{"href":"https:\/\/www.diarioimagen.net\/index.php?rest_route=%2Fwp%2Fv2%2Fmedia&parent=276719"}],"wp:term":[{"taxonomy":"category","embeddable":true,"href":"https:\/\/www.diarioimagen.net\/index.php?rest_route=%2Fwp%2Fv2%2Fcategories&post=276719"},{"taxonomy":"post_tag","embeddable":true,"href":"https:\/\/www.diarioimagen.net\/index.php?rest_route=%2Fwp%2Fv2%2Ftags&post=276719"}],"curies":[{"name":"wp","href":"https:\/\/api.w.org\/{rel}","templated":true}]}}