{"id":276890,"date":"2016-06-30T00:05:03","date_gmt":"2016-06-30T05:05:03","guid":{"rendered":"http:\/\/www.diarioimagen.net\/?p=276890"},"modified":"2016-07-01T06:05:06","modified_gmt":"2016-07-01T11:05:06","slug":"tsjcdmx-pilar-de-la-paz-publica-elias-azar","status":"publish","type":"post","link":"https:\/\/www.diarioimagen.net\/?p=276890","title":{"rendered":"TSJCDMX, pilar de la paz p\u00fablica: El\u00edas Azar"},"content":{"rendered":"<ul>\n<li><strong><em>Se fortalece la democracia, haciendo justicia<\/em><\/strong><\/li>\n<\/ul>\n<p>&nbsp;<\/p>\n<div id=\"attachment_276986\" style=\"width: 430px\" class=\"wp-caption aligncenter\"><a href=\"http:\/\/www.diarioimagen.net\/?attachment_id=276986\" rel=\"attachment wp-att-276986\"><img loading=\"lazy\" decoding=\"async\" aria-describedby=\"caption-attachment-276986\" class=\"size-large wp-image-276986\" src=\"http:\/\/www.diarioimagen.net\/wp-content\/uploads\/2016\/06\/elias-azar-2900-420x236.jpg\" alt=\"\u00a0El magistrado presidente, Edgar El\u00edas Azar, suscribi\u00f3 un convenio de colaboraci\u00f3n con el Instituto Electoral del Distrito Federal.\" width=\"420\" height=\"236\" srcset=\"https:\/\/www.diarioimagen.net\/wp-content\/uploads\/2016\/06\/elias-azar-2900-420x236.jpg 420w, https:\/\/www.diarioimagen.net\/wp-content\/uploads\/2016\/06\/elias-azar-2900-240x135.jpg 240w, https:\/\/www.diarioimagen.net\/wp-content\/uploads\/2016\/06\/elias-azar-2900-480x270.jpg 480w, https:\/\/www.diarioimagen.net\/wp-content\/uploads\/2016\/06\/elias-azar-2900-235x132.jpg 235w, https:\/\/www.diarioimagen.net\/wp-content\/uploads\/2016\/06\/elias-azar-2900-202x114.jpg 202w, https:\/\/www.diarioimagen.net\/wp-content\/uploads\/2016\/06\/elias-azar-2900-350x196.jpg 350w, https:\/\/www.diarioimagen.net\/wp-content\/uploads\/2016\/06\/elias-azar-2900-220x123.jpg 220w, https:\/\/www.diarioimagen.net\/wp-content\/uploads\/2016\/06\/elias-azar-2900-237x132.jpg 237w, https:\/\/www.diarioimagen.net\/wp-content\/uploads\/2016\/06\/elias-azar-2900.jpg 700w\" sizes=\"auto, (max-width: 420px) 100vw, 420px\" \/><\/a><p id=\"caption-attachment-276986\" class=\"wp-caption-text\">El magistrado presidente, Edgar El\u00edas Azar, suscribi\u00f3 un convenio de colaboraci\u00f3n con el Instituto Electoral del Distrito Federal.<\/p><\/div>\n<p>&nbsp;<\/p>\n<p>El Tribunal Superior de Justicia de la Ciudad de M\u00e9xico fortalece la democracia, haciendo justicia, y junto con el Instituto Electoral del Distrito Federal es un pilar de la paz p\u00fablica, toda vez que en el caso de aquel, la paz se impone a trav\u00e9s de la administraci\u00f3n de justicia, en tanto que en el caso del Instituto Electoral del Distrito Federal, la paz se impone a trav\u00e9s de la democracia.<\/p>\n<p>As\u00ed lo asever\u00f3 el presidente del Tribunal Superior de Justicia de la Ciudad de M\u00e9xico, magistrado Edgar El\u00edas Azar, al suscribir un convenio de colaboraci\u00f3n con el Instituto Electoral del Distrito Federal, a fin de que ambas instituciones se apoyen mutuamente mediante la impartici\u00f3n de cursos, conferencias, talleres y asesor\u00edas, impartidos a sus servidores p\u00fablicos en diversas materias jur\u00eddicas.<\/p>\n<p>El magistrado presidente del TSJCDMX, subray\u00f3 ante el consejero presidente del Instituto Electoral del Distrito Federal, Mario Vel\u00e1zquez Miranda, que la suscripci\u00f3n del convenio entre las dos instituciones representa un gran avance para ambas, pues contrario a lo que pareciera en el sentido de que el objeto del acuerdo sale del campo de acci\u00f3n normal de ambos institutos, lo cierto es que su importancia radica en el intercambio de experiencias y saberes entre dos conceptos que son cada d\u00eda m\u00e1s interdependientes en la vida de nuestra gran capital: democracia y justicia, as\u00ed como la implantaci\u00f3n de una agenda de cooperaci\u00f3n, para trabajar a favor de toma de decisiones plurales, representativas e incluyentes de toda la ciudadan\u00eda, con estricto apego a la ley.<\/p>\n<p>Abund\u00f3 que dicha agenda de cooperaci\u00f3n reviste un significado especial en el escenario de la elaboraci\u00f3n de la Constituci\u00f3n de la Ciudad de M\u00e9xico, pues representa el ejercicio de acciones conjuntas compartiendo el Tribunal al Instituto, pol\u00edticas judiciales, criterios procesales, as\u00ed como formas de soluci\u00f3n alternativa de conflictos, que podr\u00e1 aprovechar el Instituto Electoral, en lo que a modelos de\u00a0 participaci\u00f3n social se refiere.<\/p>\n<p>Record\u00f3 que: \u201cDemocracia y Justicia emergen de manera diferente, pero se resuelven en climas que aspiran a la legalidad y legitimidad, pues ambas infunden respeto y\u00a0 magnificencia a la comunidad humana\u201d y puntualiz\u00f3, que para que democracia y justicia pervivan y convivan, es preciso justamente concretar compromisos y acciones como la que hoy se ha formalizado.<\/p>\n<p>Al acto asistieron jueces, magistradas y magistrados del Tribunal, consejeras y consejeros del Consejo de la Judicatura de la Ciudad de M\u00e9xico; consejeros y consejeras del Instituto Electoral capitalino y representantes de los medios de comunicaci\u00f3n.<\/p>\n<p>&nbsp;<\/p>\n","protected":false},"excerpt":{"rendered":"<p>El Tribunal Superior de Justicia de la Ciudad de M\u00e9xico fortalece la democracia, haciendo justicia, y junto con el Instituto Electoral del Distrito Federal es un pilar de la paz p\u00fablica, toda vez que en el caso de aquel, la paz se impone a trav\u00e9s de la administraci\u00f3n de justicia, en tanto que en el caso del Instituto Electoral del Distrito Federal, la paz se impone a trav\u00e9s de la democracia.<\/p>\n","protected":false},"author":3,"featured_media":276986,"comment_status":"open","ping_status":"open","sticky":false,"template":"","format":"standard","meta":{"_monsterinsights_skip_tracking":false,"_monsterinsights_sitenote_active":false,"_monsterinsights_sitenote_note":"","_monsterinsights_sitenote_category":0,"footnotes":""},"categories":[6],"tags":[204,1925,51325],"class_list":["post-276890","post","type-post","status-publish","format-standard","has-post-thumbnail","hentry","category-cd-de-mexico","tag-ciudad-de-mexico","tag-edgar-elias-azar","tag-tsjcdmx"],"_links":{"self":[{"href":"https:\/\/www.diarioimagen.net\/index.php?rest_route=\/wp\/v2\/posts\/276890","targetHints":{"allow":["GET"]}}],"collection":[{"href":"https:\/\/www.diarioimagen.net\/index.php?rest_route=\/wp\/v2\/posts"}],"about":[{"href":"https:\/\/www.diarioimagen.net\/index.php?rest_route=\/wp\/v2\/types\/post"}],"author":[{"embeddable":true,"href":"https:\/\/www.diarioimagen.net\/index.php?rest_route=\/wp\/v2\/users\/3"}],"replies":[{"embeddable":true,"href":"https:\/\/www.diarioimagen.net\/index.php?rest_route=%2Fwp%2Fv2%2Fcomments&post=276890"}],"version-history":[{"count":0,"href":"https:\/\/www.diarioimagen.net\/index.php?rest_route=\/wp\/v2\/posts\/276890\/revisions"}],"wp:featuredmedia":[{"embeddable":true,"href":"https:\/\/www.diarioimagen.net\/index.php?rest_route=\/wp\/v2\/media\/276986"}],"wp:attachment":[{"href":"https:\/\/www.diarioimagen.net\/index.php?rest_route=%2Fwp%2Fv2%2Fmedia&parent=276890"}],"wp:term":[{"taxonomy":"category","embeddable":true,"href":"https:\/\/www.diarioimagen.net\/index.php?rest_route=%2Fwp%2Fv2%2Fcategories&post=276890"},{"taxonomy":"post_tag","embeddable":true,"href":"https:\/\/www.diarioimagen.net\/index.php?rest_route=%2Fwp%2Fv2%2Ftags&post=276890"}],"curies":[{"name":"wp","href":"https:\/\/api.w.org\/{rel}","templated":true}]}}