{"id":276917,"date":"2016-06-30T00:06:40","date_gmt":"2016-06-30T05:06:40","guid":{"rendered":"http:\/\/www.diarioimagen.net\/?p=276917"},"modified":"2016-06-30T07:01:47","modified_gmt":"2016-06-30T12:01:47","slug":"el-prd-y-el-olvido-de-sus-bases","status":"publish","type":"post","link":"https:\/\/www.diarioimagen.net\/?p=276917","title":{"rendered":"El PRD y el olvido de sus bases"},"content":{"rendered":"<h2>Detr\u00e1s del Poder<\/h2>\n<h5>Jos\u00e9 Antonio L\u00f3pez Sosa<\/h5>\n<p>&nbsp;<\/p>\n<p>Al Partido de la Revoluci\u00f3n Democr\u00e1tica (PRD) en la Ciudad de M\u00e9xico, le est\u00e1 pasando el mismo fen\u00f3meno que al Partido Revolucionario Institucional (PRI) a nivel nacional; se est\u00e1n olvidando de las bases.<\/p>\n<p>La elecci\u00f3n presidencial de 2012, as\u00ed como la que llev\u00f3 a Miguel \u00c1ngel Mancera a la jefatura de gobierno de la capital, fueron logradas con tanta holgura si nos remitimos a la diferencia de votos, que las dirigencias partidistas y los propios liderazgos han cre\u00eddo que esos votantes son cautivos y no racionales, piensan a\u00fan que votar\u00e1n de nueva cuenta en autom\u00e1tico por sus partidos. Afortunadamente, para la democracia, en las \u00faltimas dos elecciones se demostr\u00f3 que no es as\u00ed.<\/p>\n<p>Ahora bien, en el caso del PRD justifica su derrota por el cisma y la existencia de Morena; sin embargo al mismo tiempo hay una separaci\u00f3n tit\u00e1nica entre las bases y la dirigencia, no hay una cercan\u00eda m\u00e1s all\u00e1 del discurso. Al igual que el PRI, el PRD no conoce la democracia en el ejercicio del poder, s\u00f3lo en el ascenso, en el tema electoral.<\/p>\n<p>El PRD se olvid\u00f3 de sus bases y ello lo ha capitalizado Morena, en el seno del partido siguen pensando en las candidaturas presidenciales. Miguel \u00c1ngel Mancera se ve ya como candidato ganador y como buenos integrantes de la clase pol\u00edtica mexicana, viven en un mundo paralelo alejado de la realidad ciudadana.<\/p>\n<p>\u00bfQu\u00e9 fue de ese PRD que en 1989 se comprometi\u00f3 a estar cercano a la gente y a las luchas populares?, sencillamente mut\u00f3 hacia la comodidad de la pol\u00edtica mexicana.<\/p>\n<p>Hasta el d\u00eda de hoy, el PRD sigue despreciando a sus propias organizaciones sociales, sigue pensando que la gente votar\u00e1 por ellos en autom\u00e1tico y sigue perfil\u00e1ndose a la derrota en la Ciudad de M\u00e9xico, as\u00ed como derrotaron a sus candidatos en las alianzas estatales con el PAN, porque habr\u00eda que notar que s\u00f3lo ganaron los candidatos panistas o ex pri\u00edstas en dichas alianzas.<\/p>\n<p>No hay un solo partido pol\u00edtico que cumpla su plataforma ideol\u00f3gica, el PRD menos que nunca.<\/p>\n<p>&nbsp;<\/p>\n<p><em><a href=\"http:\/\/www.lopezsosa.com\" target=\"_blank\">www.lopezsosa.com<\/a><\/em><br \/>\n<em><a href=\"mailto:joseantonio@lopezsosa.com\" target=\"_blank\">joseantonio@lopezsosa.com<\/a><\/em><br \/>\n<em><a href=\"http:\/\/twitter.com\/joseantonio1977\" target=\"_blank\">@joseantonio197<\/a><\/em><\/p>\n","protected":false},"excerpt":{"rendered":"<p><span style=\"color: #005497;\"><strong>Jos\u00e9 Antonio L\u00f3pez Sosa<\/strong><\/span><\/p>\n","protected":false},"author":1,"featured_media":0,"comment_status":"open","ping_status":"open","sticky":false,"template":"","format":"standard","meta":{"_monsterinsights_skip_tracking":false,"_monsterinsights_sitenote_active":false,"_monsterinsights_sitenote_note":"","_monsterinsights_sitenote_category":0,"footnotes":""},"categories":[637],"tags":[638,43690,43674],"class_list":["post-276917","post","type-post","status-publish","format-standard","hentry","category-jose-antonio-lopez-sosa","tag-detras-del-poder","tag-jose-antonio-lopez-sosa","tag-opinion"],"_links":{"self":[{"href":"https:\/\/www.diarioimagen.net\/index.php?rest_route=\/wp\/v2\/posts\/276917","targetHints":{"allow":["GET"]}}],"collection":[{"href":"https:\/\/www.diarioimagen.net\/index.php?rest_route=\/wp\/v2\/posts"}],"about":[{"href":"https:\/\/www.diarioimagen.net\/index.php?rest_route=\/wp\/v2\/types\/post"}],"author":[{"embeddable":true,"href":"https:\/\/www.diarioimagen.net\/index.php?rest_route=\/wp\/v2\/users\/1"}],"replies":[{"embeddable":true,"href":"https:\/\/www.diarioimagen.net\/index.php?rest_route=%2Fwp%2Fv2%2Fcomments&post=276917"}],"version-history":[{"count":0,"href":"https:\/\/www.diarioimagen.net\/index.php?rest_route=\/wp\/v2\/posts\/276917\/revisions"}],"wp:attachment":[{"href":"https:\/\/www.diarioimagen.net\/index.php?rest_route=%2Fwp%2Fv2%2Fmedia&parent=276917"}],"wp:term":[{"taxonomy":"category","embeddable":true,"href":"https:\/\/www.diarioimagen.net\/index.php?rest_route=%2Fwp%2Fv2%2Fcategories&post=276917"},{"taxonomy":"post_tag","embeddable":true,"href":"https:\/\/www.diarioimagen.net\/index.php?rest_route=%2Fwp%2Fv2%2Ftags&post=276917"}],"curies":[{"name":"wp","href":"https:\/\/api.w.org\/{rel}","templated":true}]}}