{"id":276923,"date":"2016-06-30T00:01:05","date_gmt":"2016-06-30T05:01:05","guid":{"rendered":"http:\/\/www.diarioimagen.net\/?p=276923"},"modified":"2016-06-30T05:46:50","modified_gmt":"2016-06-30T10:46:50","slug":"h-consejo-universitario-de-uaem-aprobo-creacion-de-beca-grupo-relampagos-del-gobierno-del-estado-de-mexico","status":"publish","type":"post","link":"https:\/\/www.diarioimagen.net\/?p=276923","title":{"rendered":"H. Consejo Universitario de UAEM aprob\u00f3 creaci\u00f3n de Beca \u201cGrupo Rel\u00e1mpagos del Gobierno del Estado de M\u00e9xico\u201d"},"content":{"rendered":"<p><a href=\"http:\/\/www.diarioimagen.net\/?attachment_id=277005\" rel=\"attachment wp-att-277005\"><img loading=\"lazy\" decoding=\"async\" class=\"aligncenter size-large wp-image-277005\" src=\"http:\/\/www.diarioimagen.net\/wp-content\/uploads\/2016\/06\/UAEM-2900-420x236.jpg\" alt=\"UAEM-2900\" width=\"420\" height=\"236\" srcset=\"https:\/\/www.diarioimagen.net\/wp-content\/uploads\/2016\/06\/UAEM-2900-420x236.jpg 420w, https:\/\/www.diarioimagen.net\/wp-content\/uploads\/2016\/06\/UAEM-2900-240x135.jpg 240w, https:\/\/www.diarioimagen.net\/wp-content\/uploads\/2016\/06\/UAEM-2900-480x270.jpg 480w, https:\/\/www.diarioimagen.net\/wp-content\/uploads\/2016\/06\/UAEM-2900-235x132.jpg 235w, https:\/\/www.diarioimagen.net\/wp-content\/uploads\/2016\/06\/UAEM-2900-202x114.jpg 202w, https:\/\/www.diarioimagen.net\/wp-content\/uploads\/2016\/06\/UAEM-2900-350x196.jpg 350w, https:\/\/www.diarioimagen.net\/wp-content\/uploads\/2016\/06\/UAEM-2900-220x123.jpg 220w, https:\/\/www.diarioimagen.net\/wp-content\/uploads\/2016\/06\/UAEM-2900-237x132.jpg 237w, https:\/\/www.diarioimagen.net\/wp-content\/uploads\/2016\/06\/UAEM-2900.jpg 700w\" sizes=\"auto, (max-width: 420px) 100vw, 420px\" \/><\/a><\/p>\n<p>&nbsp;<\/p>\n<p>El H. Consejo Universitario de la Universidad Aut\u00f3noma del Estado de M\u00e9xico aprob\u00f3 por unanimidad de votos la creaci\u00f3n de la Beca \u201cGrupo Rel\u00e1mpagos del Gobierno del Estado de M\u00e9xico\u201d, en reconocimiento a la entrega, valent\u00eda y compromiso de los integrantes de la Unidad de Rescate A\u00e9reo Rel\u00e1mpagos, digno ejemplo de responsabilidad social.<\/p>\n","protected":false},"excerpt":{"rendered":"<p>El H. Consejo Universitario de la Universidad Aut\u00f3noma del Estado de M\u00e9xico aprob\u00f3 por unanimidad de votos la creaci\u00f3n de la Beca \u201cGrupo Rel\u00e1mpagos del Gobierno del Estado de M\u00e9xico\u201d, en reconocimiento a la entrega, valent\u00eda y compromiso de los integrantes de la Unidad de Rescate A\u00e9reo Rel\u00e1mpagos, digno ejemplo de responsabilidad social.           <\/p>\n","protected":false},"author":3,"featured_media":277005,"comment_status":"open","ping_status":"open","sticky":false,"template":"","format":"standard","meta":{"_monsterinsights_skip_tracking":false,"_monsterinsights_sitenote_active":false,"_monsterinsights_sitenote_note":"","_monsterinsights_sitenote_category":0,"footnotes":""},"categories":[35155],"tags":[43675],"class_list":["post-276923","post","type-post","status-publish","format-standard","has-post-thumbnail","hentry","category-estado-de-mexico-estado-de-mexico","tag-estado-de-mexico"],"_links":{"self":[{"href":"https:\/\/www.diarioimagen.net\/index.php?rest_route=\/wp\/v2\/posts\/276923","targetHints":{"allow":["GET"]}}],"collection":[{"href":"https:\/\/www.diarioimagen.net\/index.php?rest_route=\/wp\/v2\/posts"}],"about":[{"href":"https:\/\/www.diarioimagen.net\/index.php?rest_route=\/wp\/v2\/types\/post"}],"author":[{"embeddable":true,"href":"https:\/\/www.diarioimagen.net\/index.php?rest_route=\/wp\/v2\/users\/3"}],"replies":[{"embeddable":true,"href":"https:\/\/www.diarioimagen.net\/index.php?rest_route=%2Fwp%2Fv2%2Fcomments&post=276923"}],"version-history":[{"count":0,"href":"https:\/\/www.diarioimagen.net\/index.php?rest_route=\/wp\/v2\/posts\/276923\/revisions"}],"wp:featuredmedia":[{"embeddable":true,"href":"https:\/\/www.diarioimagen.net\/index.php?rest_route=\/wp\/v2\/media\/277005"}],"wp:attachment":[{"href":"https:\/\/www.diarioimagen.net\/index.php?rest_route=%2Fwp%2Fv2%2Fmedia&parent=276923"}],"wp:term":[{"taxonomy":"category","embeddable":true,"href":"https:\/\/www.diarioimagen.net\/index.php?rest_route=%2Fwp%2Fv2%2Fcategories&post=276923"},{"taxonomy":"post_tag","embeddable":true,"href":"https:\/\/www.diarioimagen.net\/index.php?rest_route=%2Fwp%2Fv2%2Ftags&post=276923"}],"curies":[{"name":"wp","href":"https:\/\/api.w.org\/{rel}","templated":true}]}}