{"id":277114,"date":"2016-07-01T00:08:59","date_gmt":"2016-07-01T05:08:59","guid":{"rendered":"http:\/\/www.diarioimagen.net\/?p=277114"},"modified":"2016-07-01T05:59:46","modified_gmt":"2016-07-01T10:59:46","slug":"llamado-a-ip-a-generar-mas-empleos-formales","status":"publish","type":"post","link":"https:\/\/www.diarioimagen.net\/?p=277114","title":{"rendered":"Llamado a IP a generar m\u00e1s empleos formales"},"content":{"rendered":"<h2>Arco Norte<\/h2>\n<h5>Jos\u00e9 Luis Monta\u00f1ez Aguilar<\/h5>\n<p>&nbsp;<\/p>\n<div id=\"attachment_277128\" style=\"width: 430px\" class=\"wp-caption aligncenter\"><a href=\"http:\/\/www.diarioimagen.net\/?attachment_id=277128\" rel=\"attachment wp-att-277128\"><img loading=\"lazy\" decoding=\"async\" aria-describedby=\"caption-attachment-277128\" class=\"wp-image-277128 size-large\" src=\"http:\/\/www.diarioimagen.net\/wp-content\/uploads\/2016\/07\/garcia-bejos-2901-420x236.jpg\" alt=\"El secretario del Trabajo del Estado de M\u00e9xico, Javier Garc\u00eda Bejos.\" width=\"420\" height=\"236\" srcset=\"https:\/\/www.diarioimagen.net\/wp-content\/uploads\/2016\/07\/garcia-bejos-2901-420x236.jpg 420w, https:\/\/www.diarioimagen.net\/wp-content\/uploads\/2016\/07\/garcia-bejos-2901-240x135.jpg 240w, https:\/\/www.diarioimagen.net\/wp-content\/uploads\/2016\/07\/garcia-bejos-2901-235x132.jpg 235w, https:\/\/www.diarioimagen.net\/wp-content\/uploads\/2016\/07\/garcia-bejos-2901-202x114.jpg 202w, https:\/\/www.diarioimagen.net\/wp-content\/uploads\/2016\/07\/garcia-bejos-2901-350x196.jpg 350w, https:\/\/www.diarioimagen.net\/wp-content\/uploads\/2016\/07\/garcia-bejos-2901-220x123.jpg 220w, https:\/\/www.diarioimagen.net\/wp-content\/uploads\/2016\/07\/garcia-bejos-2901-237x132.jpg 237w, https:\/\/www.diarioimagen.net\/wp-content\/uploads\/2016\/07\/garcia-bejos-2901.jpg 480w\" sizes=\"auto, (max-width: 420px) 100vw, 420px\" \/><\/a><p id=\"caption-attachment-277128\" class=\"wp-caption-text\">El secretario del Trabajo del Estado de M\u00e9xico, Javier Garc\u00eda Bejos.<\/p><\/div>\n<p>&nbsp;<\/p>\n<p>Un trabajador que labora en la informalidad es una persona que el d\u00eda de ma\u00f1ana no va a tener una pensi\u00f3n, ni acceso a servicios de salud ni cr\u00e9ditos para adquirir vivienda o bienes muebles, por lo que la Secretar\u00eda del Trabajo, invita a las micro, peque\u00f1as y medianas empresas (Pymes), a fomentar trabajos formales, ya que \u00e9stas generan el 70 por ciento de los empleos en nuestro pa\u00eds, y es en donde la incidencia de la informalidad es casi del 80 por ciento, es decir, 8 de cada 10 personas est\u00e1n en esta situaci\u00f3n.<\/p>\n<p>Al participar en un encuentro con empresarios de Ciudad Nezahualc\u00f3yotl, el secretario del Trabajo, Javier Garc\u00eda Bejos indic\u00f3 que \u00e9ste es un problema estructural en la econom\u00eda de nuestro pa\u00eds y Latinoam\u00e9rica, donde seis de cada diez personas trabajan con alg\u00fan grado de informalidad, por lo que invit\u00f3 al sector empresarial del Estado de M\u00e9xico a continuar generando empleos dignos, decentes y formales.<\/p>\n<p>Durante el foro, en el que estuvieron presentes Mar\u00eda de Lourdes Medina Ortega, presidenta del Consejo de C\u00e1maras y Asociaciones del Estado de M\u00e9xico (Concaem) y Gerardo Rej\u00f3n y Ruiz de Velasco, secretario general del Instituto Pol\u00edtico Empresarial Nacional, Javier Garc\u00eda Bejos se\u00f1al\u00f3 que para combatir este flagelo, la administraci\u00f3n del gobernador Eruviel \u00c1vila, a trav\u00e9s de diversos organismos, como el Comit\u00e9 de Productividad del Estado de M\u00e9xico, busca trabajar con visi\u00f3n empresarial de responsabilidad y paradigmas diferentes, buscando el beneficio compartido, donde a todos les vaya mejor.<\/p>\n<p>\u201cEn el comit\u00e9 trabajamos de manera tripartita, empresarios, sindicatos y gobierno, en materia de competitividad, capacitaci\u00f3n y productividad, con una agenda que vaya ensanchando los canales para ir generando oportunidades y resultados.<\/p>\n<p><em><a href=\"mailto:montanezaguilar@gmail.com\" target=\"_blank\">montanezaguilar@gmail.com<\/a><\/em><\/p>\n","protected":false},"excerpt":{"rendered":"<p><span style=\"color: #005497;\">Jos\u00e9 Luis Monta\u00f1ez Aguilar<\/span><br \/>\n<br \/>\nUn trabajador que labora en la informalidad es una persona que el d\u00eda de ma\u00f1ana no va a tener una pensi\u00f3n, ni acceso a servicios de salud ni cr\u00e9ditos para adquirir vivienda o bienes muebles, por lo que la Secretar\u00eda del Trabajo, invita a las micro, peque\u00f1as y medianas empresas (Pymes), a fomentar trabajos formales, ya que \u00e9stas generan el 70 por ciento de los empleos en nuestro pa\u00eds, y es en donde la incidencia de la informalidad es casi del 80 por ciento, es decir, 8 de cada 10 personas est\u00e1n en esta situaci\u00f3n.<\/p>\n","protected":false},"author":3,"featured_media":277128,"comment_status":"open","ping_status":"open","sticky":false,"template":"","format":"standard","meta":{"_monsterinsights_skip_tracking":false,"_monsterinsights_sitenote_active":false,"_monsterinsights_sitenote_note":"","_monsterinsights_sitenote_category":0,"footnotes":""},"categories":[5],"tags":[481],"class_list":["post-277114","post","type-post","status-publish","format-standard","has-post-thumbnail","hentry","category-estado-de-mexico","tag-empleo"],"_links":{"self":[{"href":"https:\/\/www.diarioimagen.net\/index.php?rest_route=\/wp\/v2\/posts\/277114","targetHints":{"allow":["GET"]}}],"collection":[{"href":"https:\/\/www.diarioimagen.net\/index.php?rest_route=\/wp\/v2\/posts"}],"about":[{"href":"https:\/\/www.diarioimagen.net\/index.php?rest_route=\/wp\/v2\/types\/post"}],"author":[{"embeddable":true,"href":"https:\/\/www.diarioimagen.net\/index.php?rest_route=\/wp\/v2\/users\/3"}],"replies":[{"embeddable":true,"href":"https:\/\/www.diarioimagen.net\/index.php?rest_route=%2Fwp%2Fv2%2Fcomments&post=277114"}],"version-history":[{"count":0,"href":"https:\/\/www.diarioimagen.net\/index.php?rest_route=\/wp\/v2\/posts\/277114\/revisions"}],"wp:featuredmedia":[{"embeddable":true,"href":"https:\/\/www.diarioimagen.net\/index.php?rest_route=\/wp\/v2\/media\/277128"}],"wp:attachment":[{"href":"https:\/\/www.diarioimagen.net\/index.php?rest_route=%2Fwp%2Fv2%2Fmedia&parent=277114"}],"wp:term":[{"taxonomy":"category","embeddable":true,"href":"https:\/\/www.diarioimagen.net\/index.php?rest_route=%2Fwp%2Fv2%2Fcategories&post=277114"},{"taxonomy":"post_tag","embeddable":true,"href":"https:\/\/www.diarioimagen.net\/index.php?rest_route=%2Fwp%2Fv2%2Ftags&post=277114"}],"curies":[{"name":"wp","href":"https:\/\/api.w.org\/{rel}","templated":true}]}}