{"id":277277,"date":"2016-07-04T00:09:25","date_gmt":"2016-07-04T05:09:25","guid":{"rendered":"http:\/\/www.diarioimagen.net\/?p=277277"},"modified":"2016-07-04T05:14:46","modified_gmt":"2016-07-04T10:14:46","slug":"la-cnte-reta-a-segob-mantiene-sus-bloqueos","status":"publish","type":"post","link":"https:\/\/www.diarioimagen.net\/?p=277277","title":{"rendered":"La CNTE reta a Segob; mantiene sus bloqueos"},"content":{"rendered":"<ul>\n<li><strong><em>Se cumplen 22 d\u00edas de movilizaci\u00f3n<\/em><\/strong><\/li>\n<\/ul>\n<p>&nbsp;<\/p>\n<div id=\"attachment_277369\" style=\"width: 430px\" class=\"wp-caption aligncenter\"><a href=\"http:\/\/www.diarioimagen.net\/?attachment_id=277369\" rel=\"attachment wp-att-277369\"><img loading=\"lazy\" decoding=\"async\" aria-describedby=\"caption-attachment-277369\" class=\"size-large wp-image-277369\" src=\"http:\/\/www.diarioimagen.net\/wp-content\/uploads\/2016\/07\/CNTE-2902-420x236.jpg\" alt=\"Integrantes de la CNTE acuerdan mantener bloqueos y amenaza con radicalizar sus acciones, pese al ultim\u00e1tum dado por Gobernaci\u00f3n.\" width=\"420\" height=\"236\" srcset=\"https:\/\/www.diarioimagen.net\/wp-content\/uploads\/2016\/07\/CNTE-2902-420x236.jpg 420w, https:\/\/www.diarioimagen.net\/wp-content\/uploads\/2016\/07\/CNTE-2902-240x135.jpg 240w, https:\/\/www.diarioimagen.net\/wp-content\/uploads\/2016\/07\/CNTE-2902-235x132.jpg 235w, https:\/\/www.diarioimagen.net\/wp-content\/uploads\/2016\/07\/CNTE-2902-202x114.jpg 202w, https:\/\/www.diarioimagen.net\/wp-content\/uploads\/2016\/07\/CNTE-2902-350x196.jpg 350w, https:\/\/www.diarioimagen.net\/wp-content\/uploads\/2016\/07\/CNTE-2902-220x123.jpg 220w, https:\/\/www.diarioimagen.net\/wp-content\/uploads\/2016\/07\/CNTE-2902-237x132.jpg 237w, https:\/\/www.diarioimagen.net\/wp-content\/uploads\/2016\/07\/CNTE-2902.jpg 480w\" sizes=\"auto, (max-width: 420px) 100vw, 420px\" \/><\/a><p id=\"caption-attachment-277369\" class=\"wp-caption-text\">Integrantes de la CNTE acuerdan mantener bloqueos y amenaza con radicalizar sus acciones, pese al ultim\u00e1tum dado por Gobernaci\u00f3n.<\/p><\/div>\n<p>&nbsp;<\/p>\n<p>Pese al ultim\u00e1tum dado por el secretario de Gobernaci\u00f3n, Miguel \u00c1ngel Osorio Chong, la Coordinadora Nacional de Trabajadores de la Educaci\u00f3n (CNTE) no cede en sus bloqueos.<\/p>\n<p>La orgaizaci\u00f3n magisterial se declar\u00f3 fase de alerta ante un eventual desalojo encabezado por las fuerzas de seguridad estatal y federal.<\/p>\n<p>Los maestros de la Secci\u00f3n 22 mantienen ocho bloqueos a carreteras en cuatro regiones de Oaxaca.<\/p>\n<p>Tras haberla liberado por unas horas, los profesores reinstalaron el cierre de la autopista Oaxaca-Cuacnopalan y de la carretera federal 190.<\/p>\n<p>En la regi\u00f3n del Istmo de Tehuantepec, los maestros obstruyen parcialmente el tr\u00e1nsito en los municipios de Mat\u00edas Romero, Juchit\u00e1n y Jalapa del Marqu\u00e9s.<\/p>\n<p>Ah\u00ed, se permite el tr\u00e1nsito de veh\u00edculos de uso privado, y en algunas horas, se abre el paso a todo tipo de unidades.<\/p>\n<p>En la zona de la Costa contin\u00faan cerradas la v\u00eda federal 200 a la altura de R\u00edo Grande, y la carretera estatal en inmediaciones de la comunidad El Vidrio.<\/p>\n<p>Los miembros de la Secci\u00f3n 22 tambi\u00e9n protestan en la carretera 135, en el municipio de Teotitl\u00e1n de Flores Mag\u00f3n; y en el tramo Buena Vista-Tuxtepec.<\/p>\n<p>Ayer se cumplen 22 d\u00edas consecutivos de bloqueos a diferentes carreteras del estado por parte de los profesores de la CNTE.<\/p>\n<p>El pasado viernes, Osorio Chong advirti\u00f3 que \u201cen breve se estar\u00e1n tomando las decisiones para permitir el tr\u00e1nsito en v\u00edas estrat\u00e9gicas y el abastecimiento de las comunidades\u201d.<\/p>\n<p>En Chiapas, la disidencia magisterial mantiene siete bloqueos carreteros en puntos estrat\u00e9gicos del estado, incluidos dos en los puentes fronterizos que enlazan con Guatemala.<\/p>\n<p>El magisterio chiapaneco cumpli\u00f3 51 d\u00edas en paro de labores en protesta contra la reforma educativa.<\/p>\n<p style=\"text-align: center;\"><strong>Piden mesura a Segob y CNTE<\/strong><\/p>\n<p>La Secretar\u00eda de Gobernaci\u00f3n (Segob) y la CNTE deben agotar las v\u00edas del di\u00e1logo para resolver el conflicto magisterial, ya que el empleo de la violencia lo \u00fanico que desatar\u00e1 es m\u00e1s violencia, asegur\u00f3 el perredista Alejandro S\u00e1nchez Camacho.<\/p>\n<p>El secretario de Acci\u00f3n Pol\u00edtica Estrat\u00e9gica del CEN perredista mencion\u00f3 que la Segob est\u00e1 obligada a resolver el conflicto pol\u00edticamente y no utilizando a la Polic\u00eda para reprimir el movimiento de los docentes, pues este tipo de medidas recuerdan al viejo r\u00e9gimen pri\u00edsta autoritario.<strong><br \/>\n<\/strong><\/p>\n<p>&nbsp;<\/p>\n","protected":false},"excerpt":{"rendered":"<p>Pese al ultim\u00e1tum dado por el secretario de Gobernaci\u00f3n, Miguel \u00c1ngel Osorio Chong, la Coordinadora Nacional de Trabajadores de la Educaci\u00f3n (CNTE) no cede en sus bloqueos. La orgaizaci\u00f3n magisterial se declar\u00f3 fase de alerta ante un eventual desalojo encabezado por las fuerzas de seguridad estatal y federal.<\/p>\n","protected":false},"author":3,"featured_media":277369,"comment_status":"open","ping_status":"open","sticky":false,"template":"","format":"standard","meta":{"_monsterinsights_skip_tracking":false,"_monsterinsights_sitenote_active":false,"_monsterinsights_sitenote_note":"","_monsterinsights_sitenote_category":0,"footnotes":""},"categories":[3],"tags":[19218,7473,47929,702],"class_list":["post-277277","post","type-post","status-publish","format-standard","has-post-thumbnail","hentry","category-nacional","tag-bloqueo","tag-cnte","tag-reto","tag-segob"],"_links":{"self":[{"href":"https:\/\/www.diarioimagen.net\/index.php?rest_route=\/wp\/v2\/posts\/277277","targetHints":{"allow":["GET"]}}],"collection":[{"href":"https:\/\/www.diarioimagen.net\/index.php?rest_route=\/wp\/v2\/posts"}],"about":[{"href":"https:\/\/www.diarioimagen.net\/index.php?rest_route=\/wp\/v2\/types\/post"}],"author":[{"embeddable":true,"href":"https:\/\/www.diarioimagen.net\/index.php?rest_route=\/wp\/v2\/users\/3"}],"replies":[{"embeddable":true,"href":"https:\/\/www.diarioimagen.net\/index.php?rest_route=%2Fwp%2Fv2%2Fcomments&post=277277"}],"version-history":[{"count":0,"href":"https:\/\/www.diarioimagen.net\/index.php?rest_route=\/wp\/v2\/posts\/277277\/revisions"}],"wp:featuredmedia":[{"embeddable":true,"href":"https:\/\/www.diarioimagen.net\/index.php?rest_route=\/wp\/v2\/media\/277369"}],"wp:attachment":[{"href":"https:\/\/www.diarioimagen.net\/index.php?rest_route=%2Fwp%2Fv2%2Fmedia&parent=277277"}],"wp:term":[{"taxonomy":"category","embeddable":true,"href":"https:\/\/www.diarioimagen.net\/index.php?rest_route=%2Fwp%2Fv2%2Fcategories&post=277277"},{"taxonomy":"post_tag","embeddable":true,"href":"https:\/\/www.diarioimagen.net\/index.php?rest_route=%2Fwp%2Fv2%2Ftags&post=277277"}],"curies":[{"name":"wp","href":"https:\/\/api.w.org\/{rel}","templated":true}]}}