{"id":277292,"date":"2016-07-04T00:01:27","date_gmt":"2016-07-04T05:01:27","guid":{"rendered":"http:\/\/www.diarioimagen.net\/?p=277292"},"modified":"2016-07-04T05:17:57","modified_gmt":"2016-07-04T10:17:57","slug":"policias-de-nezahualcoyotl-estudiaran-licenciatura-en-uaem","status":"publish","type":"post","link":"https:\/\/www.diarioimagen.net\/?p=277292","title":{"rendered":"Polic\u00edas de Nezahualc\u00f3yotl estudiar\u00e1n licenciatura en UAEM"},"content":{"rendered":"<p><a href=\"http:\/\/www.diarioimagen.net\/?attachment_id=277374\" rel=\"attachment wp-att-277374\"><img loading=\"lazy\" decoding=\"async\" class=\"aligncenter size-large wp-image-277374\" src=\"http:\/\/www.diarioimagen.net\/wp-content\/uploads\/2016\/07\/UAEM-2902-420x236.jpg\" alt=\"UAEM-2902\" width=\"420\" height=\"236\" srcset=\"https:\/\/www.diarioimagen.net\/wp-content\/uploads\/2016\/07\/UAEM-2902-420x236.jpg 420w, https:\/\/www.diarioimagen.net\/wp-content\/uploads\/2016\/07\/UAEM-2902-240x135.jpg 240w, https:\/\/www.diarioimagen.net\/wp-content\/uploads\/2016\/07\/UAEM-2902-480x270.jpg 480w, https:\/\/www.diarioimagen.net\/wp-content\/uploads\/2016\/07\/UAEM-2902-235x132.jpg 235w, https:\/\/www.diarioimagen.net\/wp-content\/uploads\/2016\/07\/UAEM-2902-202x114.jpg 202w, https:\/\/www.diarioimagen.net\/wp-content\/uploads\/2016\/07\/UAEM-2902-350x196.jpg 350w, https:\/\/www.diarioimagen.net\/wp-content\/uploads\/2016\/07\/UAEM-2902-220x123.jpg 220w, https:\/\/www.diarioimagen.net\/wp-content\/uploads\/2016\/07\/UAEM-2902-237x132.jpg 237w, https:\/\/www.diarioimagen.net\/wp-content\/uploads\/2016\/07\/UAEM-2902.jpg 700w\" sizes=\"auto, (max-width: 420px) 100vw, 420px\" \/><\/a><\/p>\n<p>&nbsp;<\/p>\n<p>La Universidad Aut\u00f3noma del Estado de M\u00e9xico, representada por el rector Jorge Olvera Garc\u00eda, y el Ayuntamiento de Nezahualc\u00f3yotl, por el presidente municipal, Juan Hugo de la Rosa Garc\u00eda, firmaron un Convenio General de Colaboraci\u00f3n, que contempla como primera acci\u00f3n de cooperaci\u00f3n mutua, que miembros de las agrupaciones de seguridad del municipio puedan realizar estudios en la instituci\u00f3n educativa.<\/p>\n<p>&nbsp;<\/p>\n","protected":false},"excerpt":{"rendered":"<p>La Universidad Aut\u00f3noma del Estado de M\u00e9xico, representada por el rector Jorge Olvera Garc\u00eda, y el Ayuntamiento de Nezahualc\u00f3yotl, por el presidente municipal, Juan Hugo de la Rosa Garc\u00eda, firmaron un Convenio General de Colaboraci\u00f3n, que contempla como primera acci\u00f3n de cooperaci\u00f3n mutua, que miembros de las agrupaciones de seguridad del municipio puedan realizar estudios en la instituci\u00f3n educativa.<\/p>\n","protected":false},"author":3,"featured_media":277374,"comment_status":"open","ping_status":"open","sticky":false,"template":"","format":"standard","meta":{"_monsterinsights_skip_tracking":false,"_monsterinsights_sitenote_active":false,"_monsterinsights_sitenote_note":"","_monsterinsights_sitenote_category":0,"footnotes":""},"categories":[35155],"tags":[1577,1126,1491],"class_list":["post-277292","post","type-post","status-publish","format-standard","has-post-thumbnail","hentry","category-estado-de-mexico-estado-de-mexico","tag-nezahualcoyotl","tag-policias","tag-uaem"],"_links":{"self":[{"href":"https:\/\/www.diarioimagen.net\/index.php?rest_route=\/wp\/v2\/posts\/277292","targetHints":{"allow":["GET"]}}],"collection":[{"href":"https:\/\/www.diarioimagen.net\/index.php?rest_route=\/wp\/v2\/posts"}],"about":[{"href":"https:\/\/www.diarioimagen.net\/index.php?rest_route=\/wp\/v2\/types\/post"}],"author":[{"embeddable":true,"href":"https:\/\/www.diarioimagen.net\/index.php?rest_route=\/wp\/v2\/users\/3"}],"replies":[{"embeddable":true,"href":"https:\/\/www.diarioimagen.net\/index.php?rest_route=%2Fwp%2Fv2%2Fcomments&post=277292"}],"version-history":[{"count":0,"href":"https:\/\/www.diarioimagen.net\/index.php?rest_route=\/wp\/v2\/posts\/277292\/revisions"}],"wp:featuredmedia":[{"embeddable":true,"href":"https:\/\/www.diarioimagen.net\/index.php?rest_route=\/wp\/v2\/media\/277374"}],"wp:attachment":[{"href":"https:\/\/www.diarioimagen.net\/index.php?rest_route=%2Fwp%2Fv2%2Fmedia&parent=277292"}],"wp:term":[{"taxonomy":"category","embeddable":true,"href":"https:\/\/www.diarioimagen.net\/index.php?rest_route=%2Fwp%2Fv2%2Fcategories&post=277292"},{"taxonomy":"post_tag","embeddable":true,"href":"https:\/\/www.diarioimagen.net\/index.php?rest_route=%2Fwp%2Fv2%2Ftags&post=277292"}],"curies":[{"name":"wp","href":"https:\/\/api.w.org\/{rel}","templated":true}]}}