{"id":277422,"date":"2016-07-05T00:03:10","date_gmt":"2016-07-05T05:03:10","guid":{"rendered":"http:\/\/www.diarioimagen.net\/?p=277422"},"modified":"2016-07-05T23:38:17","modified_gmt":"2016-07-06T04:38:17","slug":"restablecido-en-99-el-abasto-de-diconsa-en-oaxaca","status":"publish","type":"post","link":"https:\/\/www.diarioimagen.net\/?p=277422","title":{"rendered":"Restablecido en 99% el abasto de Diconsa en Oaxaca"},"content":{"rendered":"<ul>\n<li><em><strong>Se transportaron 178 toneladas por puente a\u00e9reo<\/strong><\/em><\/li>\n<\/ul>\n<p>&nbsp;<\/p>\n<div id=\"attachment_277423\" style=\"width: 430px\" class=\"wp-caption aligncenter\"><a href=\"http:\/\/www.diarioimagen.net\/?attachment_id=277423\" rel=\"attachment wp-att-277423\"><img loading=\"lazy\" decoding=\"async\" aria-describedby=\"caption-attachment-277423\" class=\"size-large wp-image-277423\" src=\"http:\/\/www.diarioimagen.net\/wp-content\/uploads\/2016\/07\/DICONSA5-portal-420x245.jpg\" alt=\"El abasto de Diconsa en Oaxaca se encuentra restablecido en 99 por ciento, anunci\u00f3 el titular de Sedesol, Jos\u00e9 Antonio Meade.\" width=\"420\" height=\"245\" srcset=\"https:\/\/www.diarioimagen.net\/wp-content\/uploads\/2016\/07\/DICONSA5-portal-420x245.jpg 420w, https:\/\/www.diarioimagen.net\/wp-content\/uploads\/2016\/07\/DICONSA5-portal-240x140.jpg 240w, https:\/\/www.diarioimagen.net\/wp-content\/uploads\/2016\/07\/DICONSA5-portal.jpg 480w\" sizes=\"auto, (max-width: 420px) 100vw, 420px\" \/><\/a><p id=\"caption-attachment-277423\" class=\"wp-caption-text\">El abasto de Diconsa en Oaxaca se encuentra restablecido en 99 por ciento, anunci\u00f3 el titular de Sedesol, Jos\u00e9 Antonio Meade.<\/p><\/div>\n<p>&nbsp;<\/p>\n<p>El abasto en Oaxaca se encuentra restablecido en 99 por ciento y este lunes se terminar\u00e1n de aprovisionar 19 tiendas en el estado para llegar a ciento por ciento, inform\u00f3 el secretario de Desarrollo Social, Jos\u00e9 Antonio Meade.<\/p>\n<p>Detall\u00f3 que nueve de las tiendas faltantes se ubican en la zona del Istmo y 10 m\u00e1s en la Mixteca, donde por casi una semana no se pudo abastecer ning\u00fan almac\u00e9n; pero a partir de este d\u00eda todas las tiendas de la dependencia contar\u00e1n con abasto suficiente para los pr\u00f3ximos 15 d\u00edas.<\/p>\n<p>El funcionario federal se\u00f1al\u00f3 que para lograr este objetivo se recurri\u00f3 a diversas estrategias, con la participaci\u00f3n de la Secretar\u00eda de Defensa Nacional (Sedena), a la cual agradeci\u00f3 por establecer un puente a\u00e9reo a trav\u00e9s del cual se transportaron 178 toneladas de producto.<\/p>\n<p>Meade Kuribre\u00f1a dio a conocer que con esa acci\u00f3n todas sus tiendas y almacenes fueron abastecidos con el equivalente de 15 d\u00edas de inventario.<\/p>\n<p>Al presentar el Informe de la Estrategia de Abasto en el Estado de Oaxaca, puntualiz\u00f3 que del 22 de junio al d\u00eda de ayer se interrumpi\u00f3 el abasto de casi nueve mil toneladas de productos, entre ellos ma\u00edz, por lo que fue necesario poner en marcha diversas acciones.<\/p>\n<p>En este sentido enfatiz\u00f3 que si bien actualmente ya se encuentra restablecido el abasto, en la medida que no se pueda realizar de manera regular, se estar\u00eda otra vez en riesgo.<\/p>\n","protected":false},"excerpt":{"rendered":"<p>El abasto en Oaxaca se encuentra restablecido en 99 por ciento y este lunes se terminar\u00e1n de aprovisionar 19 tiendas en el estado para llegar a ciento por ciento, inform\u00f3 el secretario de Desarrollo Social, Jos\u00e9 Antonio Meade.<\/p>\n","protected":false},"author":5,"featured_media":277423,"comment_status":"open","ping_status":"open","sticky":false,"template":"","format":"standard","meta":{"_monsterinsights_skip_tracking":false,"_monsterinsights_sitenote_active":false,"_monsterinsights_sitenote_note":"","_monsterinsights_sitenote_category":0,"footnotes":""},"categories":[3],"tags":[45868,51039,26429,43673,491],"class_list":["post-277422","post","type-post","status-publish","format-standard","has-post-thumbnail","hentry","category-nacional","tag-abasto","tag-dichosa","tag-jose-antonio-meade-kuribrena","tag-nacional","tag-oaxaca"],"_links":{"self":[{"href":"https:\/\/www.diarioimagen.net\/index.php?rest_route=\/wp\/v2\/posts\/277422","targetHints":{"allow":["GET"]}}],"collection":[{"href":"https:\/\/www.diarioimagen.net\/index.php?rest_route=\/wp\/v2\/posts"}],"about":[{"href":"https:\/\/www.diarioimagen.net\/index.php?rest_route=\/wp\/v2\/types\/post"}],"author":[{"embeddable":true,"href":"https:\/\/www.diarioimagen.net\/index.php?rest_route=\/wp\/v2\/users\/5"}],"replies":[{"embeddable":true,"href":"https:\/\/www.diarioimagen.net\/index.php?rest_route=%2Fwp%2Fv2%2Fcomments&post=277422"}],"version-history":[{"count":0,"href":"https:\/\/www.diarioimagen.net\/index.php?rest_route=\/wp\/v2\/posts\/277422\/revisions"}],"wp:featuredmedia":[{"embeddable":true,"href":"https:\/\/www.diarioimagen.net\/index.php?rest_route=\/wp\/v2\/media\/277423"}],"wp:attachment":[{"href":"https:\/\/www.diarioimagen.net\/index.php?rest_route=%2Fwp%2Fv2%2Fmedia&parent=277422"}],"wp:term":[{"taxonomy":"category","embeddable":true,"href":"https:\/\/www.diarioimagen.net\/index.php?rest_route=%2Fwp%2Fv2%2Fcategories&post=277422"},{"taxonomy":"post_tag","embeddable":true,"href":"https:\/\/www.diarioimagen.net\/index.php?rest_route=%2Fwp%2Fv2%2Ftags&post=277422"}],"curies":[{"name":"wp","href":"https:\/\/api.w.org\/{rel}","templated":true}]}}