{"id":277459,"date":"2016-07-05T00:01:42","date_gmt":"2016-07-05T05:01:42","guid":{"rendered":"http:\/\/www.diarioimagen.net\/?p=277459"},"modified":"2016-07-05T23:38:00","modified_gmt":"2016-07-06T04:38:00","slug":"la-trakalosa-forma-parte-de-la-era-de-hielo-choque-de-mundos","status":"publish","type":"post","link":"https:\/\/www.diarioimagen.net\/?p=277459","title":{"rendered":"La Trakalosa forma parte de \u201cLa era de hielo: Choque de mundos\u201d"},"content":{"rendered":"<ul>\n<li><em><strong>Para Edwin Luna y sus compa\u00f1eros es un gran logro que el tema \u201cMi padrino el diablo\u201d, que fue un \u00e9xito a nivel nacional, sea incluido en una pel\u00edcula que seguramente ser\u00e1 todo un \u00e9xito este verano<\/strong><\/em><\/li>\n<\/ul>\n<p>&nbsp;<\/p>\n<p>&nbsp;<\/p>\n<div id=\"attachment_277460\" style=\"width: 430px\" class=\"wp-caption aligncenter\"><a href=\"http:\/\/www.diarioimagen.net\/?attachment_id=277460\" rel=\"attachment wp-att-277460\"><img loading=\"lazy\" decoding=\"async\" aria-describedby=\"caption-attachment-277460\" class=\"size-large wp-image-277460\" src=\"http:\/\/www.diarioimagen.net\/wp-content\/uploads\/2016\/07\/la-trakalosa-portal-420x245.jpg\" alt=\"Mucho de nuestro p\u00fablico son ni\u00f1os; as\u00ed que el que nuestro tema se incluya en una pel\u00edcula para ellos me hace muy feliz, y bien agradecido que Fox nos haya permitido formar parte\u201d, coment\u00f3 Edwin Luna, l\u00edder de La Trakalosa.\" width=\"420\" height=\"245\" srcset=\"https:\/\/www.diarioimagen.net\/wp-content\/uploads\/2016\/07\/la-trakalosa-portal-420x245.jpg 420w, https:\/\/www.diarioimagen.net\/wp-content\/uploads\/2016\/07\/la-trakalosa-portal-240x140.jpg 240w, https:\/\/www.diarioimagen.net\/wp-content\/uploads\/2016\/07\/la-trakalosa-portal.jpg 480w\" sizes=\"auto, (max-width: 420px) 100vw, 420px\" \/><\/a><p id=\"caption-attachment-277460\" class=\"wp-caption-text\">Mucho de nuestro p\u00fablico son ni\u00f1os; as\u00ed que el que nuestro tema se incluya en una pel\u00edcula para ellos me hace muy feliz, y bien agradecido que Fox nos haya permitido formar parte\u201d, coment\u00f3 Edwin Luna, l\u00edder de La Trakalosa.<\/p><\/div>\n<p>&nbsp;<\/p>\n<p>En las salas cinematogr\u00e1ficas de M\u00e9xico se exhibe una de las pel\u00edculas m\u00e1s taquilleras \u201cLa era de hielo: Choque de mundos\u201d donde se incluye la participaci\u00f3n incidental de la obra \u201cMi padrino el diablo\u201d de la autor\u00eda de Josu\u00e9 Ben\u00edtez Lozolla &amp; Mart\u00edn Castro Ortega, interpretada por Banda La Trakalosa de Monterrey, obra del cat\u00e1logo editorial de Editora Mi Credo.<\/p>\n<p>Hace algunos meses la productora 20th Century Fox tuvo el acercamiento con la Editora Mi Credo y la disquera Remex Music para solicitar el uso incidental de la obra. En un principio fue utilizada en el trailer solamente, pero fue incluida en la edici\u00f3n final.<\/p>\n<p>Para Edwin Luna y sus compa\u00f1eros de La Trakalosa es un gran logro que el tema \u201cMi padrino el diablo\u201d, que fue un \u00e9xito a nivel nacional, sea incluido en una pel\u00edcula que seguramente ser\u00e1 todo un \u00e9xito este verano.<\/p>\n<p>\u201cMucho de nuestro p\u00fablico son ni\u00f1os; as\u00ed que el que nuestro tema se incluya en una pel\u00edcula para ellos me hace muy feliz, y bien agradecido que Fox nos haya permitido formar parte\u201d, coment\u00f3 el cantante.<\/p>\n<p>Manny, Diego, Sid y otros personajes de \u201cLa era de hielo: Choque de mundos\u201d viven una serie de aventuras fuera de \u00f3rbita, que una vez m\u00e1s surgen por la desesperaci\u00f3n obsesiva de la ardilla \u201cScrat\u201d por conseguir y devorar su aclamada bellota.<\/p>\n<p>\u201cLa era de hielo\u201d es sin duda, la segunda franquicia cinematogr\u00e1fica animada m\u00e1s taquillera en la historia, pues desde su primera aparici\u00f3n en la pantalla grande ha incrementado la aventura, los riesgos y el humor sin perder su esencia natural: la uni\u00f3n familiar.<\/p>\n<p>La b\u00fasqueda \u00e9pica de Scrat por alcanzar la bellota escurridiza, lo catapulta hasta el universo donde le suceden accidentalmente una serie de eventos c\u00f3smicos que transforman y amenazan La Edad de Hielo Mundial.<\/p>\n<p>Para salvarse, Sid, Manny, Diego y el resto de la manada deben salir de su casa y embarcarse en una aventura llena de comedia que los lleva hasta tierras ex\u00f3ticas, donde se encontrar\u00e1n con una serie de nuevos personajes pintorescos.<\/p>\n","protected":false},"excerpt":{"rendered":"<p>En las salas cinematogr\u00e1ficas de M\u00e9xico se exhibe una de las pel\u00edculas m\u00e1s taquilleras \u201cLa era de hielo: Choque de mundos\u201d donde se incluye la participaci\u00f3n incidental de la obra \u201cMi padrino el diablo\u201d de la autor\u00eda de Josu\u00e9 Ben\u00edtez Lozolla &#038; Mart\u00edn Castro Ortega, interpretada por Banda La Trakalosa de Monterrey, obra del cat\u00e1logo editorial de Editora Mi Credo.<\/p>\n","protected":false},"author":5,"featured_media":277460,"comment_status":"open","ping_status":"open","sticky":false,"template":"","format":"standard","meta":{"_monsterinsights_skip_tracking":false,"_monsterinsights_sitenote_active":false,"_monsterinsights_sitenote_note":"","_monsterinsights_sitenote_category":0,"footnotes":""},"categories":[12],"tags":[47534,34171],"class_list":["post-277459","post","type-post","status-publish","format-standard","has-post-thumbnail","hentry","category-espectaculos","tag-edwin-luna","tag-la-trakalosa"],"_links":{"self":[{"href":"https:\/\/www.diarioimagen.net\/index.php?rest_route=\/wp\/v2\/posts\/277459","targetHints":{"allow":["GET"]}}],"collection":[{"href":"https:\/\/www.diarioimagen.net\/index.php?rest_route=\/wp\/v2\/posts"}],"about":[{"href":"https:\/\/www.diarioimagen.net\/index.php?rest_route=\/wp\/v2\/types\/post"}],"author":[{"embeddable":true,"href":"https:\/\/www.diarioimagen.net\/index.php?rest_route=\/wp\/v2\/users\/5"}],"replies":[{"embeddable":true,"href":"https:\/\/www.diarioimagen.net\/index.php?rest_route=%2Fwp%2Fv2%2Fcomments&post=277459"}],"version-history":[{"count":0,"href":"https:\/\/www.diarioimagen.net\/index.php?rest_route=\/wp\/v2\/posts\/277459\/revisions"}],"wp:featuredmedia":[{"embeddable":true,"href":"https:\/\/www.diarioimagen.net\/index.php?rest_route=\/wp\/v2\/media\/277460"}],"wp:attachment":[{"href":"https:\/\/www.diarioimagen.net\/index.php?rest_route=%2Fwp%2Fv2%2Fmedia&parent=277459"}],"wp:term":[{"taxonomy":"category","embeddable":true,"href":"https:\/\/www.diarioimagen.net\/index.php?rest_route=%2Fwp%2Fv2%2Fcategories&post=277459"},{"taxonomy":"post_tag","embeddable":true,"href":"https:\/\/www.diarioimagen.net\/index.php?rest_route=%2Fwp%2Fv2%2Ftags&post=277459"}],"curies":[{"name":"wp","href":"https:\/\/api.w.org\/{rel}","templated":true}]}}