{"id":277696,"date":"2016-07-06T00:07:01","date_gmt":"2016-07-06T05:07:01","guid":{"rendered":"http:\/\/www.diarioimagen.net\/?p=277696"},"modified":"2016-07-07T00:05:44","modified_gmt":"2016-07-07T05:05:44","slug":"a-sumar-esfuerzos-convoca-pena-nieto","status":"publish","type":"post","link":"https:\/\/www.diarioimagen.net\/?p=277696","title":{"rendered":"A sumar esfuerzos, convoca Pe\u00f1a Nieto"},"content":{"rendered":"<ul>\n<li><strong><em>Destaca exportaciones agropecuarias<\/em><\/strong><\/li>\n<\/ul>\n<p>&nbsp;<\/p>\n<div id=\"attachment_277754\" style=\"width: 430px\" class=\"wp-caption aligncenter\"><a href=\"http:\/\/www.diarioimagen.net\/?attachment_id=277754\" rel=\"attachment wp-att-277754\"><img loading=\"lazy\" decoding=\"async\" aria-describedby=\"caption-attachment-277754\" class=\"size-large wp-image-277754\" src=\"http:\/\/www.diarioimagen.net\/wp-content\/uploads\/2016\/07\/epn-2904-420x236.jpg\" alt=\"Desde Michoac\u00e1n, el presidente Enrique Pe\u00f1a Nieto llam\u00f3 a sumar esfuerzos m\u00e1s all\u00e1 de sus or\u00edgenes partidistas.\" width=\"420\" height=\"236\" srcset=\"https:\/\/www.diarioimagen.net\/wp-content\/uploads\/2016\/07\/epn-2904-420x236.jpg 420w, https:\/\/www.diarioimagen.net\/wp-content\/uploads\/2016\/07\/epn-2904-240x135.jpg 240w, https:\/\/www.diarioimagen.net\/wp-content\/uploads\/2016\/07\/epn-2904-235x132.jpg 235w, https:\/\/www.diarioimagen.net\/wp-content\/uploads\/2016\/07\/epn-2904-202x114.jpg 202w, https:\/\/www.diarioimagen.net\/wp-content\/uploads\/2016\/07\/epn-2904-350x196.jpg 350w, https:\/\/www.diarioimagen.net\/wp-content\/uploads\/2016\/07\/epn-2904-220x123.jpg 220w, https:\/\/www.diarioimagen.net\/wp-content\/uploads\/2016\/07\/epn-2904-237x132.jpg 237w, https:\/\/www.diarioimagen.net\/wp-content\/uploads\/2016\/07\/epn-2904.jpg 480w\" sizes=\"auto, (max-width: 420px) 100vw, 420px\" \/><\/a><p id=\"caption-attachment-277754\" class=\"wp-caption-text\">Desde Michoac\u00e1n, el presidente Enrique Pe\u00f1a Nieto llam\u00f3 a sumar esfuerzos m\u00e1s all\u00e1 de sus or\u00edgenes partidistas.<\/p><\/div>\n<p>&nbsp;<\/p>\n<p>El gobierno de la Rep\u00fablica siempre est\u00e1 en invariable disposici\u00f3n de trabajar con todos los \u00f3rdenes de gobierno para sumar esfuerzos m\u00e1s all\u00e1 de sus or\u00edgenes partidistas, subray\u00f3 el presidente Enrique Pe\u00f1a Nieto, en Michoac\u00e1n.<\/p>\n<p>Durante la entrega de incentivos para el campo y equipamiento mecanizado, particularmente de tractores, el mandatario dijo que para el \u00e9xito de los programas de este tipo se requiere voluntad pol\u00edtica, actitud y disposici\u00f3n para hacer un frente com\u00fan.<\/p>\n<p>En la comunidad de La Goleta, del municipio de Charo, llam\u00f3 a sumar esfuerzos y compartir objetivos para que los gobiernos federal y estatales se pongan de acuerdo en este y otros prop\u00f3sitos.<\/p>\n<p>Abund\u00f3 que esta coordinaci\u00f3n ha permitido el impulso a los productores del campo, sector que ha crecido a tasas superiores en comparaci\u00f3n con otros \u00e1mbitos de la econom\u00eda nacional.<\/p>\n<p>Prueba de ello, dijo, es que la exportaci\u00f3n de productos agr\u00edcolas ha aumentado 61 por ciento en lo que va de la presente administraci\u00f3n, comparado con el mismo periodo del sexenio anterior, alcanzando los 76 mil millones de d\u00f3lares.<\/p>\n<p>Acompa\u00f1ado por el gobernador de Michoac\u00e1n, Silvano Aureoles Conejo, y el secretario de Agricultura, Jos\u00e9 Eduardo Calzada Rovirosa, tambi\u00e9n destac\u00f3 que despu\u00e9s de 20 a\u00f1os M\u00e9xico ha alcanzado un super\u00e1vit en la exportaci\u00f3n de productos agroalimentarios.<\/p>\n<p>Estamos m\u00e1s cerca de alcanzar la meta planteada, con un campo m\u00e1s pr\u00f3spero, de amplio respeto al ambiente y m\u00e1s rentable para los productores, y aunque a\u00fan hay lugares donde hace falta llegar con m\u00e1s empuje, los indicadores demuestran una actividad m\u00e1s fuerte, creciente y en desarrollo, se\u00f1al\u00f3 el Presidente de la Rep\u00fablica.<\/p>\n<p>El Ejecutivo federal detall\u00f3 que en el primer semestre de 2016 el valor de las exportaciones fue de 10 mil millones de d\u00f3lares y para finales del a\u00f1o se alcanzar\u00e1 un registro hist\u00f3rico de 30 mil millones de d\u00f3lares.<\/p>\n<p>Durante el acto en el que entreg\u00f3 certificados de apoyo del Programa de Incentivos para Productores de Ma\u00edz y Frijol (PIMAF), destac\u00f3 que otro indicador del progreso del sector agr\u00edcola es que en tres a\u00f1os y siete meses se ha cumplido con la tecnificaci\u00f3n de casi 500 mil hect\u00e1reas.<\/p>\n<p>Esa es la meta que se traz\u00f3 para este sexenio, que es 30 por ciento superior a lo alcanzado en la administraci\u00f3n anterior.<\/p>\n<p>Ante productores del campo, Pe\u00f1a Nieto anunci\u00f3 que para 2018 el gobierno federal, en coordinaci\u00f3n con los gobiernos de los estados, habr\u00e1n entregado 25 mil tractores.<\/p>\n<p>De ellos hasta el momento se han entregado ocho mil y solamente para este a\u00f1o, en todo el pa\u00eds, ser\u00e1n seis mil tractores m\u00e1s, lo que demuestra que M\u00e9xico est\u00e1 en la ruta de alcanzar la meta planteada.<\/p>\n<p>Previo a la entrega de llaves de tractores a los beneficiarios de este programa, sostuvo que en M\u00e9xico tiene capacidad para llegar a mercados internacionales y puede competir en este comercio con precios m\u00e1s bajos.<\/p>\n<p>&nbsp;<\/p>\n","protected":false},"excerpt":{"rendered":"<p>El gobierno de la Rep\u00fablica siempre est\u00e1 en invariable disposici\u00f3n de trabajar con todos los \u00f3rdenes de gobierno para sumar esfuerzos m\u00e1s all\u00e1 de sus or\u00edgenes partidistas, subray\u00f3 el presidente Enrique Pe\u00f1a Nieto, en Michoac\u00e1n.<\/p>\n","protected":false},"author":3,"featured_media":277754,"comment_status":"open","ping_status":"open","sticky":false,"template":"","format":"standard","meta":{"_monsterinsights_skip_tracking":false,"_monsterinsights_sitenote_active":false,"_monsterinsights_sitenote_note":"","_monsterinsights_sitenote_category":0,"footnotes":""},"categories":[3],"tags":[18,43673],"class_list":["post-277696","post","type-post","status-publish","format-standard","has-post-thumbnail","hentry","category-nacional","tag-enrique-pena-nieto","tag-nacional"],"_links":{"self":[{"href":"https:\/\/www.diarioimagen.net\/index.php?rest_route=\/wp\/v2\/posts\/277696","targetHints":{"allow":["GET"]}}],"collection":[{"href":"https:\/\/www.diarioimagen.net\/index.php?rest_route=\/wp\/v2\/posts"}],"about":[{"href":"https:\/\/www.diarioimagen.net\/index.php?rest_route=\/wp\/v2\/types\/post"}],"author":[{"embeddable":true,"href":"https:\/\/www.diarioimagen.net\/index.php?rest_route=\/wp\/v2\/users\/3"}],"replies":[{"embeddable":true,"href":"https:\/\/www.diarioimagen.net\/index.php?rest_route=%2Fwp%2Fv2%2Fcomments&post=277696"}],"version-history":[{"count":0,"href":"https:\/\/www.diarioimagen.net\/index.php?rest_route=\/wp\/v2\/posts\/277696\/revisions"}],"wp:featuredmedia":[{"embeddable":true,"href":"https:\/\/www.diarioimagen.net\/index.php?rest_route=\/wp\/v2\/media\/277754"}],"wp:attachment":[{"href":"https:\/\/www.diarioimagen.net\/index.php?rest_route=%2Fwp%2Fv2%2Fmedia&parent=277696"}],"wp:term":[{"taxonomy":"category","embeddable":true,"href":"https:\/\/www.diarioimagen.net\/index.php?rest_route=%2Fwp%2Fv2%2Fcategories&post=277696"},{"taxonomy":"post_tag","embeddable":true,"href":"https:\/\/www.diarioimagen.net\/index.php?rest_route=%2Fwp%2Fv2%2Ftags&post=277696"}],"curies":[{"name":"wp","href":"https:\/\/api.w.org\/{rel}","templated":true}]}}