{"id":278718,"date":"2016-07-13T00:03:04","date_gmt":"2016-07-13T05:03:04","guid":{"rendered":"http:\/\/www.diarioimagen.net\/?p=278718"},"modified":"2016-07-14T07:05:30","modified_gmt":"2016-07-14T12:05:30","slug":"eligen-a-ochoa-reza-nuevo-presidente-del-pri","status":"publish","type":"post","link":"https:\/\/www.diarioimagen.net\/?p=278718","title":{"rendered":"Eligen a Ochoa Reza nuevo presidente del PRI"},"content":{"rendered":"<ul>\n<li><em><strong>Para concluir el periodo 2015-2019<\/strong><\/em><\/li>\n<\/ul>\n<p>&nbsp;<\/p>\n<div id=\"attachment_278719\" style=\"width: 430px\" class=\"wp-caption aligncenter\"><a href=\"http:\/\/www.diarioimagen.net\/?attachment_id=278719\" rel=\"attachment wp-att-278719\"><img loading=\"lazy\" decoding=\"async\" aria-describedby=\"caption-attachment-278719\" class=\"size-large wp-image-278719\" src=\"http:\/\/www.diarioimagen.net\/wp-content\/uploads\/2016\/07\/PRI13-PORTAL-420x245.jpg\" alt=\"Enrique Ochoa Reza fue el \u00fanico militante que cumpli\u00f3 a satisfacci\u00f3n con los requisitos para ser electo presidente sustituto del PRI.\" width=\"420\" height=\"245\" srcset=\"https:\/\/www.diarioimagen.net\/wp-content\/uploads\/2016\/07\/PRI13-PORTAL-420x245.jpg 420w, https:\/\/www.diarioimagen.net\/wp-content\/uploads\/2016\/07\/PRI13-PORTAL-240x140.jpg 240w, https:\/\/www.diarioimagen.net\/wp-content\/uploads\/2016\/07\/PRI13-PORTAL.jpg 480w\" sizes=\"auto, (max-width: 420px) 100vw, 420px\" \/><\/a><p id=\"caption-attachment-278719\" class=\"wp-caption-text\">Enrique Ochoa Reza fue el \u00fanico militante que cumpli\u00f3 a satisfacci\u00f3n con los requisitos para ser electo presidente sustituto del PRI.<\/p><\/div>\n<p>&nbsp;<\/p>\n<p>La Comisi\u00f3n Nacional de Procesos Internos del PRI declar\u00f3 a Enrique Ochoa Reza presidente electo sustituto del Comit\u00e9 Ejecutivo Nacional para concluir el periodo 2015-2019 y desech\u00f3 el registro de Hugo D\u00edaz-Thom\u00e9.<\/p>\n<p>El dictamen publicado en el partido se\u00f1ala que Ochoa Reza fue el \u00fanico militante que cumpli\u00f3 a satisfacci\u00f3n los requisitos estatutarios, reglamentarios y los se\u00f1alados por la convocatoria.<\/p>\n<p>\u00abResulta por lo consiguiente ser el \u00fanico calificado y se hace acreedor a dictamen procedente y definitivo de registro a su favor, actualiz\u00e1ndose en consecuencia la figura de aspirante \u00fanico\u201d, subraya el documento emitido por el partido.<\/p>\n<p>Ante ello, la Comisi\u00f3n Nacional procedi\u00f3 a declarar como presidente sustituto del Comit\u00e9 Ejecutivo Nacional (CEN) a Ochoa Reza y el documento ser\u00e1 presentado a la sesi\u00f3n electiva del Consejo Pol\u00edtico Nacional a las 18:00 horas, para su ratificaci\u00f3n.<\/p>\n","protected":false},"excerpt":{"rendered":"<p>La Comisi\u00f3n Nacional de Procesos Internos del PRI declar\u00f3 a Enrique Ochoa Reza presidente electo sustituto del Comit\u00e9 Ejecutivo Nacional para concluir el periodo 2015-2019 y desech\u00f3 el registro de Hugo D\u00edaz-Thom\u00e9.<\/p>\n","protected":false},"author":5,"featured_media":278719,"comment_status":"open","ping_status":"open","sticky":false,"template":"","format":"standard","meta":{"_monsterinsights_skip_tracking":false,"_monsterinsights_sitenote_active":false,"_monsterinsights_sitenote_note":"","_monsterinsights_sitenote_category":0,"footnotes":""},"categories":[3],"tags":[361,43673,362],"class_list":["post-278718","post","type-post","status-publish","format-standard","has-post-thumbnail","hentry","category-nacional","tag-cen","tag-nacional","tag-pri"],"_links":{"self":[{"href":"https:\/\/www.diarioimagen.net\/index.php?rest_route=\/wp\/v2\/posts\/278718","targetHints":{"allow":["GET"]}}],"collection":[{"href":"https:\/\/www.diarioimagen.net\/index.php?rest_route=\/wp\/v2\/posts"}],"about":[{"href":"https:\/\/www.diarioimagen.net\/index.php?rest_route=\/wp\/v2\/types\/post"}],"author":[{"embeddable":true,"href":"https:\/\/www.diarioimagen.net\/index.php?rest_route=\/wp\/v2\/users\/5"}],"replies":[{"embeddable":true,"href":"https:\/\/www.diarioimagen.net\/index.php?rest_route=%2Fwp%2Fv2%2Fcomments&post=278718"}],"version-history":[{"count":0,"href":"https:\/\/www.diarioimagen.net\/index.php?rest_route=\/wp\/v2\/posts\/278718\/revisions"}],"wp:featuredmedia":[{"embeddable":true,"href":"https:\/\/www.diarioimagen.net\/index.php?rest_route=\/wp\/v2\/media\/278719"}],"wp:attachment":[{"href":"https:\/\/www.diarioimagen.net\/index.php?rest_route=%2Fwp%2Fv2%2Fmedia&parent=278718"}],"wp:term":[{"taxonomy":"category","embeddable":true,"href":"https:\/\/www.diarioimagen.net\/index.php?rest_route=%2Fwp%2Fv2%2Fcategories&post=278718"},{"taxonomy":"post_tag","embeddable":true,"href":"https:\/\/www.diarioimagen.net\/index.php?rest_route=%2Fwp%2Fv2%2Ftags&post=278718"}],"curies":[{"name":"wp","href":"https:\/\/api.w.org\/{rel}","templated":true}]}}