{"id":278836,"date":"2016-07-13T00:06:51","date_gmt":"2016-07-13T05:06:51","guid":{"rendered":"http:\/\/www.diarioimagen.net\/?p=278836"},"modified":"2016-07-13T06:00:54","modified_gmt":"2016-07-13T11:00:54","slug":"impunidad-saqueo-y-piratas","status":"publish","type":"post","link":"https:\/\/www.diarioimagen.net\/?p=278836","title":{"rendered":"Impunidad, saqueo y piratas"},"content":{"rendered":"<h2>Punto por punto<\/h2>\n<h5>Augusto Corro<\/h5>\n<p>&nbsp;<\/p>\n<div id=\"attachment_278925\" style=\"width: 430px\" class=\"wp-caption aligncenter\"><img loading=\"lazy\" decoding=\"async\" aria-describedby=\"caption-attachment-278925\" class=\"size-large wp-image-278925\" src=\"http:\/\/www.diarioimagen.net\/wp-content\/uploads\/2016\/07\/borron-MARAL-2909-420x302.jpg\" alt=\"Borr\u00f3n... | Maral\" width=\"420\" height=\"302\" srcset=\"https:\/\/www.diarioimagen.net\/wp-content\/uploads\/2016\/07\/borron-MARAL-2909-420x302.jpg 420w, https:\/\/www.diarioimagen.net\/wp-content\/uploads\/2016\/07\/borron-MARAL-2909-240x173.jpg 240w, https:\/\/www.diarioimagen.net\/wp-content\/uploads\/2016\/07\/borron-MARAL-2909-768x553.jpg 768w, https:\/\/www.diarioimagen.net\/wp-content\/uploads\/2016\/07\/borron-MARAL-2909-90x65.jpg 90w, https:\/\/www.diarioimagen.net\/wp-content\/uploads\/2016\/07\/borron-MARAL-2909.jpg 1200w\" sizes=\"auto, (max-width: 420px) 100vw, 420px\" \/><p id=\"caption-attachment-278925\" class=\"wp-caption-text\">Borr\u00f3n&#8230; | Maral<\/p><\/div>\n<p>&nbsp;<\/p>\n<p>Mientras desmantelan \u201cpaquetes de impunidad\u201d de gobernadores, en Veracruz, Javier Duarte ya no siente lo duro, sino lo tupido.<\/p>\n<p>El ex candidato pri\u00edsta a la gubernatura, H\u00e9ctor Yunes Landa, pidi\u00f3 a Duarte que \u201cpor verg\u00fcenza y decoro\u201d renuncie al cargo.<\/p>\n<p>El tricolor Yunes Landa fue derrotado en las elecciones pasadas por su primo Miguel \u00e1ngel Yunes Linares, en una de las peores derrotas partidistas tricolores.<\/p>\n<p>El PRI estuvo en el poder durante 80 a\u00f1os en Veracruz, considerado como una de las reservas electorales m\u00e1s importantes de M\u00e9xico.<\/p>\n<p>La p\u00e9sima administraci\u00f3n de Duarte provoc\u00f3 la derrota de los pri\u00edstas y Acci\u00f3n Nacional gan\u00f3 siete de 12 gubernaturas en juego.\u00a0 Ante la amenaza de sus adversarios pol\u00edticos de enviarlo a la c\u00e1rcel una vez que deje el poder, Duarte intent\u00f3 blindarse, es decir, protegerse para no ser alcanzado por el brazo de la justicia.<\/p>\n<p>Pretendi\u00f3 implementar un mecanismo que inclu\u00eda a un fiscal anticorrupci\u00f3n y magistrados para defenderlo.<\/p>\n<p>La Procuradur\u00eda General de la Rep\u00fablica (PGR) tom\u00f3 cartas en el asunto y promovi\u00f3 acciones legales contra el \u201cpaquete de impunidad\u201d.<\/p>\n<p>Al mandatario veracruzano le faltan cinco meses en el poder y los acabar\u00e1 bajo una tormenta de desprestigio pol\u00edtico.<\/p>\n<p>Lo interesante ser\u00e1 conocer hasta qu\u00e9 punto se encuentra en condiciones de dejar el cargo. Algo tendr\u00e1 que ocurrir, porque el PRI buscar\u00e1 recuperar esa plaza, contra viento y marea, si pretende ganar las presidenciales del 2018.<\/p>\n<p style=\"text-align: center;\"><strong>EN QUINTANA ROO<\/strong><\/p>\n<p>Cortado por la misma tijera, el gobernador pri\u00edsta de Quintana Roo, Roberto Borge, tambi\u00e9n intent\u00f3 blindarse contra la acci\u00f3n de la justicia.<\/p>\n<p>Como en otras entidades, en el mencionado estado, el mandatario es se\u00f1alado por el desv\u00edo de recursos del erario.<\/p>\n<p>Tambi\u00e9n en Quintara Roo el PRI fue derrotado. El gobernador Borge se empecin\u00f3 en promover a su \u201cdelf\u00edn\u201d, Mauricio G\u00f3ngora Escalante, quien perdi\u00f3 frente a Carlos Joaqu\u00edn Gonz\u00e1lez.\u00a0 Se trat\u00f3 de una victoria anunciada, pues el mandatario estatal y su p\u00e9sima administraci\u00f3n ya ten\u00edan destruido su capital pol\u00edtico, que no les alcanz\u00f3 para ganar.<\/p>\n<p>Como ocurri\u00f3 en Veracruz, Borge opt\u00f3 por instrumentar tambi\u00e9n medidas anticorrupci\u00f3n a su gusto para evadir a la justicia.<\/p>\n<p>Las autoridades federales decidieron actuar y frenar las iniciativas del multicitado, por considerarlas \u201cviolatorias\u201d de los principios del Sistema Nacional Anticorrupci\u00f3n (SNA).<\/p>\n<p>Por su parte, Borge se deslind\u00f3 de la acci\u00f3n de inconstitucionalidad que present\u00f3 la PGR en su contra. Dijo que no promovi\u00f3 la creaci\u00f3n de ning\u00fan sistema anticorrupci\u00f3n. El gobernador electo, Carlos Joaqu\u00edn, manifest\u00f3 su respaldo a la acci\u00f3n de inconstitucionalidad promovida por la mencionada dependencia federal contra los acuerdos del \u201cpaquete de impunidad\u201d. Se\u00f1al\u00f3 que la ciudadan\u00eda manifest\u00f3 su rechazo a la impunidad y nula transparencia en las acciones de gobierno en el estado.<\/p>\n<p style=\"text-align: center;\"><strong>BORGE, EL PIRATA MEXICANO<\/strong><\/p>\n<p>Las acciones para frenar la voracidad de los gobernadores de Veracruz y Quintana Roo llegaron muy tarde.<\/p>\n<p>Desde las precampa\u00f1as electorales para cambio de gobernadores, ya se sab\u00eda que el Revolucionario Institucional llevaba todas la de perder por los malos gobiernos tricolores.<\/p>\n<p>En Veracruz se pens\u00f3 que la salida del poder de Duarte era un hecho; sin embargo, sus influencias pol\u00edticas lo mantuvieron en el puesto, a pesar del sinn\u00famero de esc\u00e1ndalos que afectaban directamente: saqueo del erario, espiral de violencia y una cadena de periodistas asesinados.<\/p>\n<p>La c\u00fapula del poder poco hizo para darle las gracias a Duarte y llegar a las elecciones sin ese lastre. Los resultados ya los conocemos, gan\u00f3 otro impresentable, Miguel \u00c1ngel Yunes Linares, quien prometi\u00f3 juzgar y encarcelar a Duarte en cuanto asuma el poder.<\/p>\n<p>En Quintana Roo sucedi\u00f3 algo similar. El gobernador \u201cBeto\u201d Borge, seg\u00fan sus detractores, gobern\u00f3 a sus anchas, permiti\u00f3 toda clase de atropellos de sus funcionarios, realiz\u00f3 grandes negocios y fue calificado como \u201cun verdadero pirata del Caribe mexicano\u201d.<\/p>\n<p>Por cierto, el gobernador y sus empleados\u00a0 -los \u201cpiratas del Caribe\u201d- tendr\u00e1n que aclarar el sinn\u00famero de juicios laborales ama\u00f1ados para despojar a empresas y particulares de bienes inmuebles, pero tambi\u00e9n de su dinero a trav\u00e9s del congelamiento de cuentas bancarias.<\/p>\n<p style=\"text-align: center;\"><strong>DIRECTOS A LA C\u00c1RCEL<\/strong><\/p>\n<p>Se supone que las acciones de la PGR contra la conducta tramposa de Duarte y Borge no permitir\u00e1n que la justicia sea burlada.<\/p>\n<p>De esto se desprende que nada ni nadie evitar\u00e1n que ya como ex gobernadores sean juzgados por sus p\u00e9simas administraciones y terminen en la c\u00e1rcel. No ser\u00e1 f\u00e1cil hacerlo, pero tampoco imposible. \u00bfEmpiezan a soplar nuevos vientos en la pol\u00edtica mexicana? Ya lo veremos.<\/p>\n<p><em><a href=\"mailto:aco2742@hotmail.com\" target=\"_blank\">aco2742@hotmail.com<\/a><\/em><\/p>\n","protected":false},"excerpt":{"rendered":"<p><span style=\"color: #005497;\"><strong>Augusto Corro<\/strong><\/span><br \/>\n<br \/>\nMientras desmantelan \u201cpaquetes de impunidad\u201d de gobernadores, en Veracruz, Javier Duarte ya no siente lo duro, sino lo tupido.<\/p>\n","protected":false},"author":3,"featured_media":278925,"comment_status":"open","ping_status":"open","sticky":false,"template":"","format":"standard","meta":{"_monsterinsights_skip_tracking":false,"_monsterinsights_sitenote_active":false,"_monsterinsights_sitenote_note":"","_monsterinsights_sitenote_category":0,"footnotes":""},"categories":[157],"tags":[43686,43674,11515],"class_list":["post-278836","post","type-post","status-publish","format-standard","has-post-thumbnail","hentry","category-augusto-corro","tag-augusto-corro","tag-opinion","tag-punto-por-punto"],"_links":{"self":[{"href":"https:\/\/www.diarioimagen.net\/index.php?rest_route=\/wp\/v2\/posts\/278836","targetHints":{"allow":["GET"]}}],"collection":[{"href":"https:\/\/www.diarioimagen.net\/index.php?rest_route=\/wp\/v2\/posts"}],"about":[{"href":"https:\/\/www.diarioimagen.net\/index.php?rest_route=\/wp\/v2\/types\/post"}],"author":[{"embeddable":true,"href":"https:\/\/www.diarioimagen.net\/index.php?rest_route=\/wp\/v2\/users\/3"}],"replies":[{"embeddable":true,"href":"https:\/\/www.diarioimagen.net\/index.php?rest_route=%2Fwp%2Fv2%2Fcomments&post=278836"}],"version-history":[{"count":0,"href":"https:\/\/www.diarioimagen.net\/index.php?rest_route=\/wp\/v2\/posts\/278836\/revisions"}],"wp:featuredmedia":[{"embeddable":true,"href":"https:\/\/www.diarioimagen.net\/index.php?rest_route=\/wp\/v2\/media\/278925"}],"wp:attachment":[{"href":"https:\/\/www.diarioimagen.net\/index.php?rest_route=%2Fwp%2Fv2%2Fmedia&parent=278836"}],"wp:term":[{"taxonomy":"category","embeddable":true,"href":"https:\/\/www.diarioimagen.net\/index.php?rest_route=%2Fwp%2Fv2%2Fcategories&post=278836"},{"taxonomy":"post_tag","embeddable":true,"href":"https:\/\/www.diarioimagen.net\/index.php?rest_route=%2Fwp%2Fv2%2Ftags&post=278836"}],"curies":[{"name":"wp","href":"https:\/\/api.w.org\/{rel}","templated":true}]}}