{"id":279161,"date":"2016-07-15T00:01:36","date_gmt":"2016-07-15T05:01:36","guid":{"rendered":"http:\/\/www.diarioimagen.net\/?p=279161"},"modified":"2016-07-17T23:53:05","modified_gmt":"2016-07-18T04:53:05","slug":"trabaja-asetur-para-que-las-vacaciones-sean-un-exito-turistico-y-colabora-con-autoridades-federales-y-estatales","status":"publish","type":"post","link":"https:\/\/www.diarioimagen.net\/?p=279161","title":{"rendered":"Trabaja <em>Asetur<\/em> para que las vacaciones sean un \u00e9xito tur\u00edstico y colabora con autoridades federales y estatales"},"content":{"rendered":"<h2>De cinco estrellas<\/h2>\n<h5>Victoria Gonz\u00e1lez Prado<\/h5>\n<p>&nbsp;<\/p>\n<ul>\n<li><em><strong>Baja California Sur, en pl\u00e1ticas con Alaska Airlines, para el incremento de vuelos y frecuencias a la entidad<\/strong><\/em><\/li>\n<li><em><strong>Inaugura Aeromar la ruta Mundo Maya y Oaxaca, que dar\u00e1 conectividad al sur y sureste de la Rep\u00fablica Mexicana<\/strong><\/em><\/li>\n<\/ul>\n<p>&nbsp;<\/p>\n<div id=\"attachment_279236\" style=\"width: 430px\" class=\"wp-caption aligncenter\"><a href=\" \"><img loading=\"lazy\" decoding=\"async\" aria-describedby=\"caption-attachment-279236\" class=\"size-large wp-image-279236\" src=\"http:\/\/www.diarioimagen.net\/wp-content\/uploads\/2016\/07\/turismo2911-420x236.jpg\" alt=\"Roberto Trauwitz, presidente de Asetur.\" width=\"420\" height=\"236\" srcset=\"https:\/\/www.diarioimagen.net\/wp-content\/uploads\/2016\/07\/turismo2911-420x236.jpg 420w, https:\/\/www.diarioimagen.net\/wp-content\/uploads\/2016\/07\/turismo2911-240x135.jpg 240w, https:\/\/www.diarioimagen.net\/wp-content\/uploads\/2016\/07\/turismo2911-235x132.jpg 235w, https:\/\/www.diarioimagen.net\/wp-content\/uploads\/2016\/07\/turismo2911-202x114.jpg 202w, https:\/\/www.diarioimagen.net\/wp-content\/uploads\/2016\/07\/turismo2911-350x196.jpg 350w, https:\/\/www.diarioimagen.net\/wp-content\/uploads\/2016\/07\/turismo2911-220x123.jpg 220w, https:\/\/www.diarioimagen.net\/wp-content\/uploads\/2016\/07\/turismo2911-237x132.jpg 237w, https:\/\/www.diarioimagen.net\/wp-content\/uploads\/2016\/07\/turismo2911.jpg 480w\" sizes=\"auto, (max-width: 420px) 100vw, 420px\" \/><\/a><p id=\"caption-attachment-279236\" class=\"wp-caption-text\">Roberto Trauwitz, presidente de Asetur.<\/p><\/div>\n<p>&nbsp;<\/p>\n<p>Asetur, uni\u00f3n de Secretarios de Turismo de los estados, participa activamente con autoridades federales y estatales, agentes de viajes, empresas de servicios tur\u00edsticos y dem\u00e1s operadores del sector, a fin de que en estas vacaciones de verano los turistas nacionales e internacionales que viajen por el pa\u00eds lo hagan con protecci\u00f3n y seguridad, para agilizar su tr\u00e1nsito por el territorio nacional.<\/p>\n<p><strong>Roberto Trauwitz Echeguren<\/strong>, presidente de este organismo, que agrupa a todos los titulares de Turismo de los estados y la Ciudad de M\u00e9xico, dijo que el objetivo central en este periodo vacacional es que cada turista y su familia tengan una estancia agradable en los destinos que visitan y regresen contentos y seguros a sus lugares de origen.<\/p>\n<p>Para ello, dijo que Asetur estar\u00e1 atenta a la puesta en marcha de acciones de vigilancia en carreteras, operativos de verificaci\u00f3n de precios y tarifas de servicios para evitar abusos en hoteles, restaurantes, centros de diversi\u00f3n y esparcimiento de todos los destinos.<\/p>\n<p>Tambi\u00e9n estar\u00e1\u00a0 pendiente de las acciones que lleven a cabo Caminos y Puentes Federales de Ingresos y \u00c1ngeles Verdes, de apoyo y asistencia al turista en las principales carreteras del pa\u00eds y colaborar\u00e1 con l\u00edneas a\u00e9reas para mejorar el trato al p\u00fablico en todos los aeropuertos del pa\u00eds.<\/p>\n<p>En ese sentido, <strong>Trauwitz<\/strong> dijo que la Asetur reitera su ofrecimiento para trabajar de la mano de autoridades y prestadores de servicios tur\u00edsticos en dar mayor atenci\u00f3n a los viajeros y hacer de esta temporada vacacional de verano, verdaderamente exitosa para todos los destinos.<\/p>\n<p>Record\u00f3, finalmente, que M\u00e9xico tiene una gran diversidad de atractivos que van desde turismo de sol y playa hasta destinos que ofrecen m\u00faltiples opciones para vacacionar y disfrutar, como son los de tipo cultural y gastron\u00f3mico.<\/p>\n<p>\u2730\u2730\u2730\u2730\u2730 Con el objetivo de fortalecer la conectividad a\u00e9rea de Baja California Sur,\u00a0\u00a0 <strong>Genaro\u00a0Ruiz<\/strong>, secretario de Turismo, encabez\u00f3 la\u00a0representaci\u00f3n sudcaliforniana que sostuvo una reuni\u00f3n de trabajo con los principales directivos de<em> Alaska Airlines<\/em> en sus oficinas centrales de\u00a0 Seattle, Washington.<\/p>\n<p>El titular de Turismo\u00a0inform\u00f3 que fueron\u00a0recibidos por <strong>John Kirby<\/strong>, vicepresidente de Planeaci\u00f3n de la aerol\u00ednea, y entre los temas abordados destacan los relativos a m\u00e1s frecuencias en las rutas actuales y el establecimiento de nuevas rutas a\u00e9reas para Los Cabos,\u00a0La Paz y Loreto.<\/p>\n<p><strong>Genaro Ruiz\u00a0<\/strong>inform\u00f3\u00a0que la respuesta de los ejecutivos de la aerol\u00ednea fue excelente, ya que los destinos de Baja California Sur en los que ya opera la aerol\u00ednea, reportan un importante crecimiento en cuanto a su n\u00famero de vuelos\u00a0y\u00a0pasajeros\u00a0durante el \u00faltimo a\u00f1o, por lo que, una vez analizadas\u00a0estas propuestas\u00a0comentaron que ven amplias posibilidades de\u00a0poder\u00a0concretarlas en mediano plazo.<\/p>\n<p>Tambi\u00e9n coment\u00f3 que es un hecho sin precedentes dicha visita, ya que, muestra la unidad del sector tur\u00edstico de la entidad y la coordinaci\u00f3n con el gobierno federal.<\/p>\n<p>La representaci\u00f3n sudcaliforniana estuvo integrada adem\u00e1s del titular de Turismo, <strong>Rodrigo Esponda,<\/strong> director regional para Norteam\u00e9rica del Consejo de Promoci\u00f3n Tur\u00edstica de M\u00e9xico (CPTM); <strong>Jes\u00fas Ord<\/strong>\u00f3\u00f1ez, director\u00a0general del Fideicomiso de Turismo Estatal (Fitues); por los directores generales de Fiturca, Fitulore y Fitupaz;\u00a0<strong>Enrique Turcott<\/strong>, presidente de la Asociaci\u00f3n de Hoteles de Los Cabos y <strong>Tom\u00e1s Ram\u00edrez<\/strong>, director Comercial\u00a0del\u00a0Grupo Aeroportuario del Pacifico (GAP).<\/p>\n<p>Antes de concluir la reuni\u00f3n, <strong>John Kirby<\/strong>\u00a0agradeci\u00f3 a la representaci\u00f3n sudcaliforniana el respaldo que han brindado\u00a0 a la aerol\u00ednea lo que le\u00a0ha permitido consolidarse con una fuerte presencia en Baja California Sur y manifest\u00f3 la certeza de poder concretar de manera conjunta\u00a0estos planes de expansi\u00f3n.<\/p>\n<p>Finalmente, <strong>Genaro Ruiz<\/strong> reconoci\u00f3 el trabajo\u00a0que se viene realizando en la entidad por medio de los Comit\u00e9s de Rutas A\u00e9reas, as\u00ed como, \u00a0\u201cel compromiso y solidaridad mostrado por el GAP, pues esta alianza de todo el sector tur\u00edstico del estado demuestra a los ejecutivos de las aerol\u00edneas que nuestros destinos est\u00e1n listos para incrementar la conectividad y mostrar con orgullo las bellezas naturales, la infraestructura tur\u00edstica de primer nivel y la alta calidad en el servicio que nos caracteriza\u201d.<\/p>\n<p>\u2730\u2730\u2730\u2730\u2730 Aeromar, la l\u00ednea a\u00e9rea ejecutiva regional de M\u00e9xico, inaugur\u00f3 la ruta Mundo Maya y Oaxaca, que dar\u00e1 conectividad a\u00e9rea a las ciudades de Oaxaca, Tuxtla Guti\u00e9rrez, Villahermosa y M\u00e9rida, con la Ciudad de M\u00e9xico.<\/p>\n<p>\u201cEstamos muy contentos al presentar esta nueva oferta, que servir\u00e1 como motor para el desarrollo interregional y permitir\u00e1 a familias y gente de negocios movilizarse de un lugar a otro del sureste, evitando largos trayectos por carretera, o desplazarse hasta la Ciudad de M\u00e9xico para viajar a otro destino\u201d, dijo <strong>Andr\u00e9s Fabre<\/strong>, director general de Aeromar.<\/p>\n<p>La ruta Mundo Maya y Oaxaca ofrecer\u00e1 cuatro vuelos por semana con capacidad para transportar a 48 pasajeros por viaje. En una primera fase se prev\u00e9 que esta ruta atienda entre 3 mil y 5 mil turistas al mes, con lo cual se fortalecer\u00e1 la demanda de destinos consolidados, as\u00ed como de aquellas regiones emergentes con alto potencial de desarrollo tur\u00edstico.<\/p>\n<p>Estimaciones de Aeromar se\u00f1alan que la mitad de asientos ser\u00e1n para turistas, 20 por ciento nacionales y 30 por ciento internacionales; mientras que el 35 por ciento ser\u00e1n viajeros de negocios y 15 por ciento VFR, que corresponden a los pasajeros que visitan a familiares y amigos.<\/p>\n<p>De acuerdo con datos de la Secretar\u00eda de Turismo, en Oaxaca, Chiapas, Tabasco y Yucat\u00e1n se reciben alrededor de 10 millones de turistas al a\u00f1o, de los cuales el 72 por ciento son mexicanos y el resto extranjeros.<\/p>\n<p>Como parte del impulso al programa federal Viajemos Todos por M\u00e9xico, Aeromar brindar\u00e1 con esta una nueva ruta una oferta atractiva, que detonar\u00e1 en que m\u00e1s mexicanos conozcan su patrimonio y adem\u00e1s, a que las bondades del turismo fortalezcan la econom\u00eda regional.<\/p>\n<p>Los cuatro estados que incluye la nueva ruta de Aeromar ofrecen en su conjunto una infraestructura hotelera de 70 mil habitaciones, y entre sus atractivos tur\u00edsticos se encuentran 12 pueblos m\u00e1gicos, m\u00e1s de 40 zonas arqueol\u00f3gicas, cerca de 20 museos, entre otras opciones que permiten adentrarse en la riqueza de la cultura zapoteca y maya.<\/p>\n<p>\u201cAdem\u00e1s de la conectividad, hoy estamos dando un paso m\u00e1s en nuestro compromiso de contribuir al desarrollo econ\u00f3mico de todas las regiones a lo largo del pa\u00eds. Sabemos lo importante que es impulsar a M\u00e9xico como una potencia tur\u00edstica a nivel global, confiable, atractiva y sustentable, mediante una mayor oferta y apoyo a la econom\u00eda regional\u201d, agreg\u00f3 el directivo.<\/p>\n<p>De acuerdo con la Organizaci\u00f3n Mundial del Turismo (OMT), en el 2015 alrededor de 34 millones de turistas visitaron alguna regi\u00f3n de M\u00e9xico. Ocho de cada 10 turistas extranjeros que llegan a M\u00e9xico lo hacen v\u00eda \u00e1rea, de estos, la mitad viene de Estados Unidos.<\/p>\n<p><em><a href=\"mailto:victoriagprado@gmail.com\" target=\"_blank\">victoriagprado@gmail.com<\/a><\/em><br \/>\n<em> Twitter: <a href=\"https:\/\/twitter.com\/victoriagprado\" target=\"_blank\">@victoriagprado<\/a><\/em><\/p>\n","protected":false},"excerpt":{"rendered":"<p>Asetur, uni\u00f3n de Secretarios de Turismo de los estados, participa activamente con autoridades federales y estatales, agentes de viajes, empresas de servicios tur\u00edsticos y dem\u00e1s operadores del sector, a fin de que en estas vacaciones de verano los turistas nacionales e internacionales que viajen por el pa\u00eds lo hagan con protecci\u00f3n y seguridad, para agilizar su tr\u00e1nsito por el territorio nacional.<\/p>\n","protected":false},"author":3,"featured_media":279236,"comment_status":"open","ping_status":"open","sticky":false,"template":"","format":"standard","meta":{"_monsterinsights_skip_tracking":false,"_monsterinsights_sitenote_active":false,"_monsterinsights_sitenote_note":"","_monsterinsights_sitenote_category":0,"footnotes":""},"categories":[11],"tags":[107,43674,43681,106],"class_list":["post-279161","post","type-post","status-publish","format-standard","has-post-thumbnail","hentry","category-turismo","tag-de-cinco-estrellas","tag-opinion","tag-turismo","tag-victoria-gonzalez-prado"],"_links":{"self":[{"href":"https:\/\/www.diarioimagen.net\/index.php?rest_route=\/wp\/v2\/posts\/279161","targetHints":{"allow":["GET"]}}],"collection":[{"href":"https:\/\/www.diarioimagen.net\/index.php?rest_route=\/wp\/v2\/posts"}],"about":[{"href":"https:\/\/www.diarioimagen.net\/index.php?rest_route=\/wp\/v2\/types\/post"}],"author":[{"embeddable":true,"href":"https:\/\/www.diarioimagen.net\/index.php?rest_route=\/wp\/v2\/users\/3"}],"replies":[{"embeddable":true,"href":"https:\/\/www.diarioimagen.net\/index.php?rest_route=%2Fwp%2Fv2%2Fcomments&post=279161"}],"version-history":[{"count":0,"href":"https:\/\/www.diarioimagen.net\/index.php?rest_route=\/wp\/v2\/posts\/279161\/revisions"}],"wp:featuredmedia":[{"embeddable":true,"href":"https:\/\/www.diarioimagen.net\/index.php?rest_route=\/wp\/v2\/media\/279236"}],"wp:attachment":[{"href":"https:\/\/www.diarioimagen.net\/index.php?rest_route=%2Fwp%2Fv2%2Fmedia&parent=279161"}],"wp:term":[{"taxonomy":"category","embeddable":true,"href":"https:\/\/www.diarioimagen.net\/index.php?rest_route=%2Fwp%2Fv2%2Fcategories&post=279161"},{"taxonomy":"post_tag","embeddable":true,"href":"https:\/\/www.diarioimagen.net\/index.php?rest_route=%2Fwp%2Fv2%2Ftags&post=279161"}],"curies":[{"name":"wp","href":"https:\/\/api.w.org\/{rel}","templated":true}]}}