{"id":279168,"date":"2016-07-15T00:10:24","date_gmt":"2016-07-15T05:10:24","guid":{"rendered":"http:\/\/www.diarioimagen.net\/?p=279168"},"modified":"2016-07-15T07:04:10","modified_gmt":"2016-07-15T12:04:10","slug":"apoyos-a-familiares-de-militares-fallecidos","status":"publish","type":"post","link":"https:\/\/www.diarioimagen.net\/?p=279168","title":{"rendered":"Apoyos a familiares de militares fallecidos"},"content":{"rendered":"<h2>Arco Norte<\/h2>\n<h5>Jos\u00e9 Luis Monta\u00f1ez Aguilar<\/h5>\n<p>&nbsp;<\/p>\n<p><a href=\"http:\/\/www.diarioimagen.net\/?attachment_id=279239\" rel=\"attachment wp-att-279239\"><img loading=\"lazy\" decoding=\"async\" class=\"aligncenter size-large wp-image-279239\" src=\"http:\/\/www.diarioimagen.net\/wp-content\/uploads\/2016\/07\/arco-2911-420x236.jpg\" alt=\"arco-2911\" width=\"420\" height=\"236\" srcset=\"https:\/\/www.diarioimagen.net\/wp-content\/uploads\/2016\/07\/arco-2911-420x236.jpg 420w, https:\/\/www.diarioimagen.net\/wp-content\/uploads\/2016\/07\/arco-2911-240x135.jpg 240w, https:\/\/www.diarioimagen.net\/wp-content\/uploads\/2016\/07\/arco-2911-235x132.jpg 235w, https:\/\/www.diarioimagen.net\/wp-content\/uploads\/2016\/07\/arco-2911-202x114.jpg 202w, https:\/\/www.diarioimagen.net\/wp-content\/uploads\/2016\/07\/arco-2911-350x196.jpg 350w, https:\/\/www.diarioimagen.net\/wp-content\/uploads\/2016\/07\/arco-2911-220x123.jpg 220w, https:\/\/www.diarioimagen.net\/wp-content\/uploads\/2016\/07\/arco-2911-237x132.jpg 237w, https:\/\/www.diarioimagen.net\/wp-content\/uploads\/2016\/07\/arco-2911.jpg 480w\" sizes=\"auto, (max-width: 420px) 100vw, 420px\" \/><\/a><\/p>\n<p>&nbsp;<\/p>\n<p>El gobernador Eruviel \u00c1vila Villegas entreg\u00f3 apoyos econ\u00f3micos a las familias de los tres integrantes de la Fuerza A\u00e9rea Mexicana que fallecieron en un accidente a\u00e9reo el pasado 1 de julio, en el municipio de Ozumba, mientras cumpl\u00edan con su deber.<\/p>\n<p>Esto, dijo, como un reconocimiento de los mexiquenses a la labor que realiza el Ej\u00e9rcito Mexicano para mantener la paz, el orden y prosperidad del Estado de M\u00e9xico y todo el pa\u00eds. As\u00ed, los apoyos fueron recibidos por las esposas de los elementos ca\u00eddos, que son el capit\u00e1n Sabino Marmolejo Dom\u00ednguez; el teniente Jorge Artemio Pel\u00e1ez Ch\u00e1vez, y el sargento Gabriel Alejandro Cahuicho Cahuicho.<\/p>\n<p>En Toluca, Eruviel \u00c1vila record\u00f3 que desde 2013, en el Estado de M\u00e9xico se otorgan este tipo de apoyos a los deudos de militares que han perdido la vida en territorio mexiquense cumpliendo con su trabajo. Destac\u00f3 el apoyo que el Ej\u00e9rcito Mexicano brinda a los mexiquenses, en acciones como el operativo Plan Tres (Transporte Estatal Seguro) y las campa\u00f1as de reforestaci\u00f3n, entre otras. Acompa\u00f1ado del secretario general de Gobierno, Jos\u00e9 Manzur Quiroga; el comisionado de Seguridad Ciudadana, Eduardo Valiente Hern\u00e1ndez, as\u00ed como del comandante de la 37 Zona Militar, Ra\u00fal David Guill\u00e9n Alt\u00fazar; el mandatario estatal reconoci\u00f3 la dedicaci\u00f3n y sacrificio que las fuerzas de seguridad federales realizan para construir un mejor pa\u00eds y futuro para todos los mexicanos.<\/p>\n<p style=\"text-align: center;\"><strong>Operativo contra transporte p\u00fablico ilegal <\/strong><\/p>\n<p>La Secretar\u00eda de Movilidad del Estado de M\u00e9xico, en coordinaci\u00f3n con la Comisi\u00f3n Metropolitana de Transporte y Vialidad, implement\u00f3 un operativo en las inmediaciones de este municipio, para detectar y retirar de circulaci\u00f3n a las unidades de transporte p\u00fablico ilegal, adem\u00e1s, de forma simult\u00e1nea, autoridades de la Ciudad de M\u00e9xico se sumaron a este despliegue, en la delegaci\u00f3n Venustiano Carranza. Las instancias de gobierno que integran la Comisi\u00f3n Metropolitana de Transporte y Vialidad, inspeccionaron al transporte p\u00fablico que circula por las avenidas Bordo de Xochiaca y Anillo Perif\u00e9rico, deteniendo y trasladando a corral\u00f3n a 74 unidades, por circular sin concesi\u00f3n; 51 en el Edomex y 23 en la Ciudad de M\u00e9xico.<\/p>\n<p><em><a href=\"mailto:montanezaguilar@gmail.com\" target=\"_blank\">montanezaguilar@gmail.com<\/a><\/em><\/p>\n","protected":false},"excerpt":{"rendered":"<p><span style=\"color: #005497;\">Jos\u00e9 Luis Monta\u00f1ez Aguilar<\/span><br \/>\n<br \/>\nEl gobernador Eruviel \u00c1vila Villegas entreg\u00f3 apoyos econ\u00f3micos a las familias de los tres integrantes de la Fuerza A\u00e9rea Mexicana que fallecieron en un accidente a\u00e9reo el pasado 1 de julio, en el municipio de Ozumba, mientras cumpl\u00edan con su deber.<\/p>\n","protected":false},"author":3,"featured_media":279239,"comment_status":"open","ping_status":"open","sticky":false,"template":"","format":"standard","meta":{"_monsterinsights_skip_tracking":false,"_monsterinsights_sitenote_active":false,"_monsterinsights_sitenote_note":"","_monsterinsights_sitenote_category":0,"footnotes":""},"categories":[5],"tags":[13284,43704,43674],"class_list":["post-279168","post","type-post","status-publish","format-standard","has-post-thumbnail","hentry","category-estado-de-mexico","tag-arco-norte","tag-jose-luis-montanez-aguilar","tag-opinion"],"_links":{"self":[{"href":"https:\/\/www.diarioimagen.net\/index.php?rest_route=\/wp\/v2\/posts\/279168","targetHints":{"allow":["GET"]}}],"collection":[{"href":"https:\/\/www.diarioimagen.net\/index.php?rest_route=\/wp\/v2\/posts"}],"about":[{"href":"https:\/\/www.diarioimagen.net\/index.php?rest_route=\/wp\/v2\/types\/post"}],"author":[{"embeddable":true,"href":"https:\/\/www.diarioimagen.net\/index.php?rest_route=\/wp\/v2\/users\/3"}],"replies":[{"embeddable":true,"href":"https:\/\/www.diarioimagen.net\/index.php?rest_route=%2Fwp%2Fv2%2Fcomments&post=279168"}],"version-history":[{"count":0,"href":"https:\/\/www.diarioimagen.net\/index.php?rest_route=\/wp\/v2\/posts\/279168\/revisions"}],"wp:featuredmedia":[{"embeddable":true,"href":"https:\/\/www.diarioimagen.net\/index.php?rest_route=\/wp\/v2\/media\/279239"}],"wp:attachment":[{"href":"https:\/\/www.diarioimagen.net\/index.php?rest_route=%2Fwp%2Fv2%2Fmedia&parent=279168"}],"wp:term":[{"taxonomy":"category","embeddable":true,"href":"https:\/\/www.diarioimagen.net\/index.php?rest_route=%2Fwp%2Fv2%2Fcategories&post=279168"},{"taxonomy":"post_tag","embeddable":true,"href":"https:\/\/www.diarioimagen.net\/index.php?rest_route=%2Fwp%2Fv2%2Ftags&post=279168"}],"curies":[{"name":"wp","href":"https:\/\/api.w.org\/{rel}","templated":true}]}}