{"id":279388,"date":"2016-07-18T00:08:14","date_gmt":"2016-07-18T05:08:14","guid":{"rendered":"http:\/\/www.diarioimagen.net\/?p=279388"},"modified":"2016-07-18T03:20:00","modified_gmt":"2016-07-18T08:20:00","slug":"en-edomex-se-trabaja-sin-distincion-de-partidos-manzur","status":"publish","type":"post","link":"https:\/\/www.diarioimagen.net\/?p=279388","title":{"rendered":"En Edomex se trabaja sin distinci\u00f3n de partidos: Manzur"},"content":{"rendered":"<ul>\n<li><strong><em>Para lograr mayores resultados<\/em><\/strong><\/li>\n<\/ul>\n<p>&nbsp;<\/p>\n<p><a href=\"http:\/\/www.diarioimagen.net\/?attachment_id=279478\" rel=\"attachment wp-att-279478\"><img loading=\"lazy\" decoding=\"async\" class=\"aligncenter size-large wp-image-279478\" src=\"http:\/\/www.diarioimagen.net\/wp-content\/uploads\/2016\/07\/manzur-2912-420x236.jpg\" alt=\"manzur-2912\" width=\"420\" height=\"236\" srcset=\"https:\/\/www.diarioimagen.net\/wp-content\/uploads\/2016\/07\/manzur-2912-420x236.jpg 420w, https:\/\/www.diarioimagen.net\/wp-content\/uploads\/2016\/07\/manzur-2912-240x135.jpg 240w, https:\/\/www.diarioimagen.net\/wp-content\/uploads\/2016\/07\/manzur-2912-480x270.jpg 480w, https:\/\/www.diarioimagen.net\/wp-content\/uploads\/2016\/07\/manzur-2912-235x132.jpg 235w, https:\/\/www.diarioimagen.net\/wp-content\/uploads\/2016\/07\/manzur-2912-202x114.jpg 202w, https:\/\/www.diarioimagen.net\/wp-content\/uploads\/2016\/07\/manzur-2912-350x196.jpg 350w, https:\/\/www.diarioimagen.net\/wp-content\/uploads\/2016\/07\/manzur-2912-220x123.jpg 220w, https:\/\/www.diarioimagen.net\/wp-content\/uploads\/2016\/07\/manzur-2912-237x132.jpg 237w, https:\/\/www.diarioimagen.net\/wp-content\/uploads\/2016\/07\/manzur-2912.jpg 680w\" sizes=\"auto, (max-width: 420px) 100vw, 420px\" \/><\/a><\/p>\n<p>&nbsp;<\/p>\n<p><strong>Nezahualc\u00f3yotl, Estado de M\u00e9xico<\/strong>.-\u00a0 Al encabezar la D\u00e9cima Primera Sesi\u00f3n Ordinaria del Gabinete Regional XII Nezahualc\u00f3yotl, el secretario general de Gobierno, Jos\u00e9 Manzur Quiroga, afirm\u00f3 que en el Estado de M\u00e9xico se trabaja sin distinci\u00f3n de partidos pol\u00edticos o ideolog\u00eda, ya que escuchar y respetar distintas voces, promueve el desarrollo de los municipios, independientemente de qu\u00e9 partido los gobierne.<\/p>\n<p>\u201cTodos queremos un Estado de M\u00e9xico m\u00e1s fuerte, l\u00edder a nivel nacional y reconocido como siempre por tener instituciones s\u00f3lidas\u201d, puntualiz\u00f3. Reafirm\u00f3 el compromiso del gobierno del estado para estar pendiente de este municipio y de su gente, siendo consciente de sus necesidades.<\/p>\n<p>Jos\u00e9 Manzur recibi\u00f3 de manos del presidente municipal, Juan Hugo de la Rosa, el documento con las solicitudes inmediatas a cubrir en el municipio, de esta manera se comprometi\u00f3 a revisarlas para darles cumplimiento con el apoyo de las dependencias estatales. A su vez, De la Rosa calific\u00f3 como importante la disposici\u00f3n del gobierno del Estado de M\u00e9xico en la resoluci\u00f3n de los problemas de Nezahualc\u00f3yotl y reiter\u00f3 su compromiso de trabajar de manera coordinada en busca de mayores beneficios para los habitantes.<\/p>\n","protected":false},"excerpt":{"rendered":"<p>Al encabezar la D\u00e9cima Primera Sesi\u00f3n Ordinaria del Gabinete Regional XII Nezahualc\u00f3yotl, el secretario general de Gobierno, Jos\u00e9 Manzur Quiroga, afirm\u00f3 que en el Estado de M\u00e9xico se trabaja sin distinci\u00f3n de partidos pol\u00edticos o ideolog\u00eda, ya que escuchar y respetar distintas voces, promueve el desarrollo de los municipios, independientemente de qu\u00e9 partido los gobierne.<\/p>\n","protected":false},"author":3,"featured_media":279478,"comment_status":"open","ping_status":"open","sticky":false,"template":"","format":"standard","meta":{"_monsterinsights_skip_tracking":false,"_monsterinsights_sitenote_active":false,"_monsterinsights_sitenote_note":"","_monsterinsights_sitenote_category":0,"footnotes":""},"categories":[5],"tags":[43675,29182,1577],"class_list":["post-279388","post","type-post","status-publish","format-standard","has-post-thumbnail","hentry","category-estado-de-mexico","tag-estado-de-mexico","tag-jose-manzur-quiroga","tag-nezahualcoyotl"],"_links":{"self":[{"href":"https:\/\/www.diarioimagen.net\/index.php?rest_route=\/wp\/v2\/posts\/279388","targetHints":{"allow":["GET"]}}],"collection":[{"href":"https:\/\/www.diarioimagen.net\/index.php?rest_route=\/wp\/v2\/posts"}],"about":[{"href":"https:\/\/www.diarioimagen.net\/index.php?rest_route=\/wp\/v2\/types\/post"}],"author":[{"embeddable":true,"href":"https:\/\/www.diarioimagen.net\/index.php?rest_route=\/wp\/v2\/users\/3"}],"replies":[{"embeddable":true,"href":"https:\/\/www.diarioimagen.net\/index.php?rest_route=%2Fwp%2Fv2%2Fcomments&post=279388"}],"version-history":[{"count":0,"href":"https:\/\/www.diarioimagen.net\/index.php?rest_route=\/wp\/v2\/posts\/279388\/revisions"}],"wp:featuredmedia":[{"embeddable":true,"href":"https:\/\/www.diarioimagen.net\/index.php?rest_route=\/wp\/v2\/media\/279478"}],"wp:attachment":[{"href":"https:\/\/www.diarioimagen.net\/index.php?rest_route=%2Fwp%2Fv2%2Fmedia&parent=279388"}],"wp:term":[{"taxonomy":"category","embeddable":true,"href":"https:\/\/www.diarioimagen.net\/index.php?rest_route=%2Fwp%2Fv2%2Fcategories&post=279388"},{"taxonomy":"post_tag","embeddable":true,"href":"https:\/\/www.diarioimagen.net\/index.php?rest_route=%2Fwp%2Fv2%2Ftags&post=279388"}],"curies":[{"name":"wp","href":"https:\/\/api.w.org\/{rel}","templated":true}]}}