{"id":279415,"date":"2016-07-18T00:07:22","date_gmt":"2016-07-18T05:07:22","guid":{"rendered":"http:\/\/www.diarioimagen.net\/?p=279415"},"modified":"2016-07-18T03:28:38","modified_gmt":"2016-07-18T08:28:38","slug":"cuenta-uaem-con-biblioteca-digital-para-migrantes-en-chicago","status":"publish","type":"post","link":"https:\/\/www.diarioimagen.net\/?p=279415","title":{"rendered":"Cuenta UAEM con Biblioteca Digital para migrantes en Chicago"},"content":{"rendered":"<p><a href=\"http:\/\/www.diarioimagen.net\/?attachment_id=279490\" rel=\"attachment wp-att-279490\"><img loading=\"lazy\" decoding=\"async\" class=\"aligncenter size-large wp-image-279490\" src=\"http:\/\/www.diarioimagen.net\/wp-content\/uploads\/2016\/07\/UAEM-2912-420x236.jpg\" alt=\"UAEM-2912\" width=\"420\" height=\"236\" srcset=\"https:\/\/www.diarioimagen.net\/wp-content\/uploads\/2016\/07\/UAEM-2912-420x236.jpg 420w, https:\/\/www.diarioimagen.net\/wp-content\/uploads\/2016\/07\/UAEM-2912-240x135.jpg 240w, https:\/\/www.diarioimagen.net\/wp-content\/uploads\/2016\/07\/UAEM-2912-480x270.jpg 480w, https:\/\/www.diarioimagen.net\/wp-content\/uploads\/2016\/07\/UAEM-2912-235x132.jpg 235w, https:\/\/www.diarioimagen.net\/wp-content\/uploads\/2016\/07\/UAEM-2912-202x114.jpg 202w, https:\/\/www.diarioimagen.net\/wp-content\/uploads\/2016\/07\/UAEM-2912-350x196.jpg 350w, https:\/\/www.diarioimagen.net\/wp-content\/uploads\/2016\/07\/UAEM-2912-220x123.jpg 220w, https:\/\/www.diarioimagen.net\/wp-content\/uploads\/2016\/07\/UAEM-2912-237x132.jpg 237w, https:\/\/www.diarioimagen.net\/wp-content\/uploads\/2016\/07\/UAEM-2912.jpg 700w\" sizes=\"auto, (max-width: 420px) 100vw, 420px\" \/><\/a><\/p>\n<p>&nbsp;<\/p>\n<p>El Ejecutivo mexiquense, Eruviel \u00c1vila Villegas, y el rector de la Universidad Aut\u00f3noma del Estado de M\u00e9xico, Jorge Olvera Garc\u00eda, inauguraron en la ciudad de Chicago, Illinois, Estados Unidos, la Biblioteca Digital y el Bachillerato a Distancia para Migrantes, iniciativas que la instituci\u00f3n educativa impulsa con el apoyo del gobierno del Estado de M\u00e9xico, en beneficio de los mexicanos y latinos que radican en el vecino pa\u00eds del norte.<\/p>\n","protected":false},"excerpt":{"rendered":"<p>El Ejecutivo mexiquense, Eruviel \u00c1vila Villegas, y el rector de la Universidad Aut\u00f3noma del Estado de M\u00e9xico, Jorge Olvera Garc\u00eda, inauguraron en la ciudad de Chicago, Illinois, Estados Unidos, la Biblioteca Digital y el Bachillerato a Distancia para Migrantes, iniciativas que la instituci\u00f3n educativa impulsa con el apoyo del gobierno del Estado de M\u00e9xico, en beneficio de los mexicanos y latinos que radican en el vecino pa\u00eds del norte.<\/p>\n","protected":false},"author":3,"featured_media":279490,"comment_status":"open","ping_status":"open","sticky":false,"template":"","format":"standard","meta":{"_monsterinsights_skip_tracking":false,"_monsterinsights_sitenote_active":false,"_monsterinsights_sitenote_note":"","_monsterinsights_sitenote_category":0,"footnotes":""},"categories":[35155],"tags":[6244,5828,27015],"class_list":["post-279415","post","type-post","status-publish","format-standard","has-post-thumbnail","hentry","category-estado-de-mexico-estado-de-mexico","tag-chicago","tag-eruviel-avila-villegas","tag-jorge-olvera-garcia"],"_links":{"self":[{"href":"https:\/\/www.diarioimagen.net\/index.php?rest_route=\/wp\/v2\/posts\/279415","targetHints":{"allow":["GET"]}}],"collection":[{"href":"https:\/\/www.diarioimagen.net\/index.php?rest_route=\/wp\/v2\/posts"}],"about":[{"href":"https:\/\/www.diarioimagen.net\/index.php?rest_route=\/wp\/v2\/types\/post"}],"author":[{"embeddable":true,"href":"https:\/\/www.diarioimagen.net\/index.php?rest_route=\/wp\/v2\/users\/3"}],"replies":[{"embeddable":true,"href":"https:\/\/www.diarioimagen.net\/index.php?rest_route=%2Fwp%2Fv2%2Fcomments&post=279415"}],"version-history":[{"count":0,"href":"https:\/\/www.diarioimagen.net\/index.php?rest_route=\/wp\/v2\/posts\/279415\/revisions"}],"wp:featuredmedia":[{"embeddable":true,"href":"https:\/\/www.diarioimagen.net\/index.php?rest_route=\/wp\/v2\/media\/279490"}],"wp:attachment":[{"href":"https:\/\/www.diarioimagen.net\/index.php?rest_route=%2Fwp%2Fv2%2Fmedia&parent=279415"}],"wp:term":[{"taxonomy":"category","embeddable":true,"href":"https:\/\/www.diarioimagen.net\/index.php?rest_route=%2Fwp%2Fv2%2Fcategories&post=279415"},{"taxonomy":"post_tag","embeddable":true,"href":"https:\/\/www.diarioimagen.net\/index.php?rest_route=%2Fwp%2Fv2%2Ftags&post=279415"}],"curies":[{"name":"wp","href":"https:\/\/api.w.org\/{rel}","templated":true}]}}