{"id":279472,"date":"2016-07-18T00:02:55","date_gmt":"2016-07-18T05:02:55","guid":{"rendered":"http:\/\/www.diarioimagen.net\/?p=279472"},"modified":"2016-07-18T03:29:47","modified_gmt":"2016-07-18T08:29:47","slug":"279472","status":"publish","type":"post","link":"https:\/\/www.diarioimagen.net\/?p=279472","title":{"rendered":"PRD, un tianguis"},"content":{"rendered":"<h2>Desde el portal<\/h2>\n<h5>\u00c1ngel Soriano<\/h5>\n<p>&nbsp;<\/p>\n<p>En el PRD se negocia todo, es como el mercado, defini\u00f3 Pablo G\u00f3mez, ex candidato a la dirigencia nacional, derrotado por Alejandra Barrales Magdaleno, que result\u00f3 electa, luego de negociaciones de las diversas corrientes con el jefe de gobierno de la Ciudad de M\u00e9xico, Miguel \u00c1ngel Mancera, quien de esta manera se hizo ya del control del PRD y lo aleja as\u00ed de las pretensiones del gobernador de Puebla, Rafael Moreno Valle, de ir en alianza con el PAN para las elecciones presidenciales del 2018.<\/p>\n<p>Barrales descart\u00f3 de entrada esa idea de Moreno Valle. Dijo que su tarea fundamental ser\u00e1 la de rescatar la credibilidad y la confianza de la gente, despu\u00e9s ver\u00e1n lo relativo a la cuesti\u00f3n electoral. Es decir, no se compromete a la alianza como lo quiere Moreno Valle y el mismo Andr\u00e9s Manuel L\u00f3pez Obrador, que tambi\u00e9n piensa en la alianza. La ex aeromoza de Aerom\u00e9xico fue colocada en la dirigencia nacional perredista para servir a los intereses del jefe de gobierno y garantizarle la exclusividad de la candidatura rumbo a Los Pinos.<\/p>\n<p>De la misma manera como se eligi\u00f3 al ex director de la CFE,\u00a0 Enrique Ochoa Reza, como l\u00edder del PRI, enviando una clara se\u00f1al de que el candidato oficial no necesariamente ser\u00e1 un secretario de Estado o una figura p\u00fablica -como lo se\u00f1alan las falsas encuestas, pues los mencionados est\u00e1n m\u00e1s que desgastados con el conflicto magisterial-, as\u00ed el control del principal partido de izquierda qued\u00f3 en manos de Mancera, que amarr\u00f3 el partido y candidatura y dejar\u00e1 colgados de la brocha a quienes piensan que ser\u00e1 f\u00e1cil hacer alianzas.<\/p>\n<p>Pablo G\u00f3mez tiene una larga trayectoria legislativa y como dirigente social sabe que su derrota fue producto de una negociaci\u00f3n pol\u00edtica, de la cual est\u00e1 al margen, pero su postulaci\u00f3n le garantiza seguir conservando privilegios, por eso, ha supervivido con recursos p\u00fablicos durante casi cuatro d\u00e9cadas. En el PRD, como en el tianguis, se encuentra mercader\u00eda de todo, dispuesto a venderse al mejor postor, como se demostr\u00f3 en la renovaci\u00f3n de dirigencias.<\/p>\n<p style=\"text-align: center;\"><strong>TURBULENCIAS<br \/>\nDesconocen a Ram\u00edrez Puga en Liconsa<\/strong><\/p>\n<p>Productores de leche del pa\u00eds -que desconocieron al director general de Liconsa, H\u00e9ctor Pablo Ram\u00edrez Puga Leyva- informaron que con la importaci\u00f3n de leche en polvo de productores de pa\u00edses integrantes de la Organizaci\u00f3n Mundial de Comercio (OMC) -con quien M\u00e9xico mantiene un cupo de 80 mil toneladas de libre arancel-, resultar\u00e1n afectados al no adquirir el gobierno federal leche fresca de productores nacionales, por lo cual se manifestar\u00e1n p\u00fablicamente en el \u00c1ngel de la Independencia para exigir respuesta a sus planteamientos y demandar mayores responsabilidad en la paraestatal encargada de los programas sociales para los que menos tienen\u2026Con la liberaci\u00f3n de l\u00edderes de la CNTE de prisiones federales y estatales, se ha desbloqueado en parte las carreteras a Oaxaca, a una semana de la celebraci\u00f3n de la Guelaguetza; aparte de la disputa por el poder de la disidencia magisterial, est\u00e1n los redituables negocios que antes hac\u00eda s\u00f3lo el gobierno. Ahora tienen transporte de pasajeros y de paqueter\u00eda y tendr\u00e1n su propia Guelaguetza popular en la cancha deportiva de Los Alebrijes, que recientemente inaugur\u00f3 el gobernador Gabino Cu\u00e9 a elevado costo\u2026S\u00ed habr\u00e1 revisi\u00f3n de la reforma educativa, pero no significa que se vaya a cambiar, afirma Emilio Gamboa; igual que Aurelio Nu\u00f1o, primero dice no al di\u00e1logo y luego siempre s\u00ed.<\/p>\n<p><em><a href=\"http:\/\/www.revista-brecha.com\/\" target=\"_blank\">www.revista-brecha.com<br \/>\n<\/a><a href=\"mailto:asorianodesdelportalo@hotmail.com\" target=\"_blank\">asorianodesdelportalo@hotmail.com<\/a><\/em><\/p>\n","protected":false},"excerpt":{"rendered":"<p><span style=\"color: #005497;\"><strong>\u00c1ngel Soriano<\/strong><\/span><\/p>\n","protected":false},"author":3,"featured_media":0,"comment_status":"open","ping_status":"open","sticky":false,"template":"","format":"standard","meta":{"_monsterinsights_skip_tracking":false,"_monsterinsights_sitenote_active":false,"_monsterinsights_sitenote_note":"","_monsterinsights_sitenote_category":0,"footnotes":""},"categories":[135],"tags":[85,86,43674],"class_list":["post-279472","post","type-post","status-publish","format-standard","hentry","category-angel-soriano-opinion","tag-angel-soriano","tag-desde-el-portal","tag-opinion"],"_links":{"self":[{"href":"https:\/\/www.diarioimagen.net\/index.php?rest_route=\/wp\/v2\/posts\/279472","targetHints":{"allow":["GET"]}}],"collection":[{"href":"https:\/\/www.diarioimagen.net\/index.php?rest_route=\/wp\/v2\/posts"}],"about":[{"href":"https:\/\/www.diarioimagen.net\/index.php?rest_route=\/wp\/v2\/types\/post"}],"author":[{"embeddable":true,"href":"https:\/\/www.diarioimagen.net\/index.php?rest_route=\/wp\/v2\/users\/3"}],"replies":[{"embeddable":true,"href":"https:\/\/www.diarioimagen.net\/index.php?rest_route=%2Fwp%2Fv2%2Fcomments&post=279472"}],"version-history":[{"count":0,"href":"https:\/\/www.diarioimagen.net\/index.php?rest_route=\/wp\/v2\/posts\/279472\/revisions"}],"wp:attachment":[{"href":"https:\/\/www.diarioimagen.net\/index.php?rest_route=%2Fwp%2Fv2%2Fmedia&parent=279472"}],"wp:term":[{"taxonomy":"category","embeddable":true,"href":"https:\/\/www.diarioimagen.net\/index.php?rest_route=%2Fwp%2Fv2%2Fcategories&post=279472"},{"taxonomy":"post_tag","embeddable":true,"href":"https:\/\/www.diarioimagen.net\/index.php?rest_route=%2Fwp%2Fv2%2Ftags&post=279472"}],"curies":[{"name":"wp","href":"https:\/\/api.w.org\/{rel}","templated":true}]}}