{"id":279625,"date":"2016-07-19T00:08:21","date_gmt":"2016-07-19T05:08:21","guid":{"rendered":"http:\/\/www.diarioimagen.net\/?p=279625"},"modified":"2016-07-19T04:11:34","modified_gmt":"2016-07-19T09:11:34","slug":"presentan-atlas-de-riesgos-ante-el-cambio-climatico","status":"publish","type":"post","link":"https:\/\/www.diarioimagen.net\/?p=279625","title":{"rendered":"Presentan Atlas de Riesgos Ante el Cambio Clim\u00e1tico"},"content":{"rendered":"<ul>\n<li><strong><em>Fue realizado por la UAEM<\/em><\/strong><\/li>\n<\/ul>\n<p>&nbsp;<\/p>\n<div id=\"attachment_279684\" style=\"width: 430px\" class=\"wp-caption aligncenter\"><a href=\"http:\/\/www.diarioimagen.net\/?attachment_id=279684\" rel=\"attachment wp-att-279684\"><img loading=\"lazy\" decoding=\"async\" aria-describedby=\"caption-attachment-279684\" class=\"size-large wp-image-279684\" src=\"http:\/\/www.diarioimagen.net\/wp-content\/uploads\/2016\/07\/edomex-2913-420x236.jpg\" alt=\"Eruviel \u00c1vila presentando el Atlas de Riesgos ante el Cambio Clim\u00e1tico.\" width=\"420\" height=\"236\" srcset=\"https:\/\/www.diarioimagen.net\/wp-content\/uploads\/2016\/07\/edomex-2913-420x236.jpg 420w, https:\/\/www.diarioimagen.net\/wp-content\/uploads\/2016\/07\/edomex-2913-240x135.jpg 240w, https:\/\/www.diarioimagen.net\/wp-content\/uploads\/2016\/07\/edomex-2913-480x270.jpg 480w, https:\/\/www.diarioimagen.net\/wp-content\/uploads\/2016\/07\/edomex-2913-235x132.jpg 235w, https:\/\/www.diarioimagen.net\/wp-content\/uploads\/2016\/07\/edomex-2913-202x114.jpg 202w, https:\/\/www.diarioimagen.net\/wp-content\/uploads\/2016\/07\/edomex-2913-350x196.jpg 350w, https:\/\/www.diarioimagen.net\/wp-content\/uploads\/2016\/07\/edomex-2913-220x123.jpg 220w, https:\/\/www.diarioimagen.net\/wp-content\/uploads\/2016\/07\/edomex-2913-237x132.jpg 237w, https:\/\/www.diarioimagen.net\/wp-content\/uploads\/2016\/07\/edomex-2913.jpg 700w\" sizes=\"auto, (max-width: 420px) 100vw, 420px\" \/><\/a><p id=\"caption-attachment-279684\" class=\"wp-caption-text\">Eruviel \u00c1vila presentando el Atlas de Riesgos ante el Cambio Clim\u00e1tico.<\/p><\/div>\n<p>&nbsp;<\/p>\n<p><strong>Toluca, Estado de M\u00e9xico<\/strong>.- Para planear e iniciar acciones que ayuden a contrarrestar los da\u00f1os que genera el calentamiento global, el gobernador Eruviel \u00c1vila Villegas present\u00f3 el Atlas de Riesgos Ante el Cambio Clim\u00e1tico, primer instrumento digital interactivo de este tipo en el pa\u00eds, que permite conocer los elementos y variables en la entidad como oscilaciones clim\u00e1ticas, inundaciones e incendios forestales, entre otros.<\/p>\n<p>Durante la presentaci\u00f3n de este documento, que se puede consultar en la p\u00e1gina <a href=\"http:\/\/ieecc.edomex.gob.mx\" target=\"_blank\">http:\/\/ieecc.edomex.gob.mx<\/a>, el gobernador mexiquense destac\u00f3 que \u00e9ste es resultado del trabajo realizado en coordinaci\u00f3n con la Universidad Aut\u00f3noma del Estado de M\u00e9xico (UAEM), y se suma a los programas y acciones estatales que se realizan para mejorar el medio ambiente y disminuir las emisiones de gases de efecto invernadero, que son los principales causantes del calentamiento global.<\/p>\n<p>\u201cReiter\u00f3 el compromiso del gobierno estatal, invito a la instancia municipal, el secretario del Medio Ambiente estar\u00e1 muy muy de cerca en los municipios, para que estos atlas tambi\u00e9n sean utilizados; habremos de asesorar, de coordinarnos con el \u00e1rea municipal, que son los que se encargan del sistema de drenaje, entre otros, pues tengan conocimiento de c\u00f3mo utilizarlo y c\u00f3mo sacar el mayor provecho de este extraordinario trabajo que ha hecho nuestra universidad\u201d.<\/p>\n<p>El Atlas fue realizado por la Facultad de Planeaci\u00f3n Urbana y Regional de la UAEM y es producto de un convenio firmado entre la m\u00e1xima casa de estudios y la administraci\u00f3n estatal en 2014, y su informaci\u00f3n ser\u00e1 una herramienta para diversos sectores, como salud, seguridad ciudadana, prevenci\u00f3n social, desarrollo urbano, educaci\u00f3n ambiental, entre otras.<\/p>\n<p>Los mapas que incluye, permiten apreciar, por ejemplo, las zonas donde se han registrado las temperaturas m\u00e1ximas hist\u00f3ricas en la entidad, como\u00a0 el caso del municipio de Amatepec donde se han llegado a presentar hasta 41 grados.<\/p>\n<p>En el caso de inundaciones, se identifican como zonas vulnerables el Valle de Toluca y el Valle de M\u00e9xico, e identifica las zonas forestales, informaci\u00f3n que permitir\u00e1 tomar decisiones para prevenir da\u00f1os a la poblaci\u00f3n.<\/p>\n<p>Acompa\u00f1ado por los secretarios general de Gobierno, Jos\u00e9 Manzur Quiroga, y de Medio Ambiente, Ra\u00fal Vargas Herrera, el gobernador Eruviel \u00c1vila destac\u00f3 acciones para mejorar el ambiente en la entidad, como la creaci\u00f3n de la Ley del Cambio Clim\u00e1tico en el Estado de M\u00e9xico y del Instituto Estatal de Energ\u00eda y Cambio Clim\u00e1tico, adem\u00e1s de la actualizaci\u00f3n del inventario de gases de efecto invernadero.<\/p>\n<p>Adem\u00e1s, dijo, de 2013 a 2016, se han realizado 22 reciclatones, mediante los cuales se han recabado 160 toneladas de llantas y 932 toneladas de electrodom\u00e9sticos; se han compactado 95 mil veh\u00edculos chatarra, para evitar la contaminaci\u00f3n del suelo, y con el uso de sistemas de transporte masivo, como el Mexib\u00fas, se ha logrado reducir 450 mil toneladas de di\u00f3xido de carbono,\u00a0 lo que equivale a que m\u00e1s de 100 mil veh\u00edculos dejen de circular.<\/p>\n<p>Tambi\u00e9n se han destinado m\u00e1s de 500 millones de pesos para proteger y cuidar los bosques mexiquenses, se han realizado cerca de 2 mil 850 operativos para prevenir la tala clandestina, y tan s\u00f3lo este a\u00f1o se tiene la meta de plantar 23 millones de \u00e1rboles.<\/p>\n","protected":false},"excerpt":{"rendered":"<p>Para planear e iniciar acciones que ayuden a contrarrestar los da\u00f1os que genera el calentamiento global, el gobernador Eruviel \u00c1vila Villegas present\u00f3 el Atlas de Riesgos Ante el Cambio Clim\u00e1tico, primer instrumento digital interactivo de este tipo en el pa\u00eds, que permite conocer los elementos y variables en la entidad como oscilaciones clim\u00e1ticas, inundaciones e incendios forestales, entre otros.<\/p>\n","protected":false},"author":3,"featured_media":279684,"comment_status":"open","ping_status":"open","sticky":false,"template":"","format":"standard","meta":{"_monsterinsights_skip_tracking":false,"_monsterinsights_sitenote_active":false,"_monsterinsights_sitenote_note":"","_monsterinsights_sitenote_category":0,"footnotes":""},"categories":[5],"tags":[4684,43675,452,1491],"class_list":["post-279625","post","type-post","status-publish","format-standard","has-post-thumbnail","hentry","category-estado-de-mexico","tag-atlas","tag-estado-de-mexico","tag-toluca","tag-uaem"],"_links":{"self":[{"href":"https:\/\/www.diarioimagen.net\/index.php?rest_route=\/wp\/v2\/posts\/279625","targetHints":{"allow":["GET"]}}],"collection":[{"href":"https:\/\/www.diarioimagen.net\/index.php?rest_route=\/wp\/v2\/posts"}],"about":[{"href":"https:\/\/www.diarioimagen.net\/index.php?rest_route=\/wp\/v2\/types\/post"}],"author":[{"embeddable":true,"href":"https:\/\/www.diarioimagen.net\/index.php?rest_route=\/wp\/v2\/users\/3"}],"replies":[{"embeddable":true,"href":"https:\/\/www.diarioimagen.net\/index.php?rest_route=%2Fwp%2Fv2%2Fcomments&post=279625"}],"version-history":[{"count":0,"href":"https:\/\/www.diarioimagen.net\/index.php?rest_route=\/wp\/v2\/posts\/279625\/revisions"}],"wp:featuredmedia":[{"embeddable":true,"href":"https:\/\/www.diarioimagen.net\/index.php?rest_route=\/wp\/v2\/media\/279684"}],"wp:attachment":[{"href":"https:\/\/www.diarioimagen.net\/index.php?rest_route=%2Fwp%2Fv2%2Fmedia&parent=279625"}],"wp:term":[{"taxonomy":"category","embeddable":true,"href":"https:\/\/www.diarioimagen.net\/index.php?rest_route=%2Fwp%2Fv2%2Fcategories&post=279625"},{"taxonomy":"post_tag","embeddable":true,"href":"https:\/\/www.diarioimagen.net\/index.php?rest_route=%2Fwp%2Fv2%2Ftags&post=279625"}],"curies":[{"name":"wp","href":"https:\/\/api.w.org\/{rel}","templated":true}]}}