{"id":279849,"date":"2016-07-20T00:01:01","date_gmt":"2016-07-20T05:01:01","guid":{"rendered":"http:\/\/www.diarioimagen.net\/?p=279849"},"modified":"2016-07-20T03:51:44","modified_gmt":"2016-07-20T08:51:44","slug":"recaudan-artesanos-mexiquenses-mas-de-700-mil","status":"publish","type":"post","link":"https:\/\/www.diarioimagen.net\/?p=279849","title":{"rendered":"Recaudan artesanos mexiquenses m\u00e1s de $700 mil"},"content":{"rendered":"<p><a href=\"http:\/\/www.diarioimagen.net\/?attachment_id=279939\" rel=\"attachment wp-att-279939\"><img loading=\"lazy\" decoding=\"async\" class=\"aligncenter size-large wp-image-279939\" src=\"http:\/\/www.diarioimagen.net\/wp-content\/uploads\/2016\/07\/artesanos-2914-420x208.jpg\" alt=\"artesanos-2914\" width=\"420\" height=\"208\" srcset=\"https:\/\/www.diarioimagen.net\/wp-content\/uploads\/2016\/07\/artesanos-2914-420x208.jpg 420w, https:\/\/www.diarioimagen.net\/wp-content\/uploads\/2016\/07\/artesanos-2914-240x119.jpg 240w, https:\/\/www.diarioimagen.net\/wp-content\/uploads\/2016\/07\/artesanos-2914.jpg 680w\" sizes=\"auto, (max-width: 420px) 100vw, 420px\" \/><\/a><\/p>\n<p>&nbsp;<\/p>\n<p><strong>Toluca, Estado de M\u00e9xico.-<\/strong> M\u00e1s de 700 mil pesos en ventas fue lo que 12 artesanos mexiquenses recaudaron en la d\u00e9cimo cuarta edici\u00f3n del Festival Internacional de Ciudades Hermanas 2016, en la ciudad de Laredo, Texas. Adalberto Enrique F\u00fcguemann y L\u00f3pez, director general del Instituto de Investigaci\u00f3n y Fomento de las Artesan\u00edas del Estado de M\u00e9xico (IIFAEM), organismo adscrito a la Secretar\u00eda de Turismo estatal, detall\u00f3 que los artesanos son originarios de los municipios de Capulhuac, Metepec, Ecatepec, Malinalco, Tenancingo, San Juan Teotihuac\u00e1n, Ixtlahuaca, Temoaya, Toluca y San Felipe del Progreso.<\/p>\n","protected":false},"excerpt":{"rendered":"<p>M\u00e1s de 700 mil pesos en ventas fue lo que 12 artesanos mexiquenses recaudaron en la d\u00e9cimo cuarta edici\u00f3n del Festival Internacional de Ciudades Hermanas 2016, en la ciudad de Laredo, Texas. Adalberto Enrique F\u00fcguemann y L\u00f3pez, director general del Instituto de Investigaci\u00f3n y Fomento de las Artesan\u00edas del Estado de M\u00e9xico (IIFAEM), organismo adscrito a la Secretar\u00eda de Turismo estatal, detall\u00f3 que los artesanos son originarios de los municipios de Capulhuac, Metepec, Ecatepec, Malinalco, Tenancingo, San Juan Teotihuac\u00e1n, Ixtlahuaca, Temoaya, Toluca y San Felipe del Progreso.<\/p>\n","protected":false},"author":3,"featured_media":279939,"comment_status":"open","ping_status":"open","sticky":false,"template":"","format":"standard","meta":{"_monsterinsights_skip_tracking":false,"_monsterinsights_sitenote_active":false,"_monsterinsights_sitenote_note":"","_monsterinsights_sitenote_category":0,"footnotes":""},"categories":[35155],"tags":[20668,43675,452],"class_list":["post-279849","post","type-post","status-publish","format-standard","has-post-thumbnail","hentry","category-estado-de-mexico-estado-de-mexico","tag-artesanos","tag-estado-de-mexico","tag-toluca"],"_links":{"self":[{"href":"https:\/\/www.diarioimagen.net\/index.php?rest_route=\/wp\/v2\/posts\/279849","targetHints":{"allow":["GET"]}}],"collection":[{"href":"https:\/\/www.diarioimagen.net\/index.php?rest_route=\/wp\/v2\/posts"}],"about":[{"href":"https:\/\/www.diarioimagen.net\/index.php?rest_route=\/wp\/v2\/types\/post"}],"author":[{"embeddable":true,"href":"https:\/\/www.diarioimagen.net\/index.php?rest_route=\/wp\/v2\/users\/3"}],"replies":[{"embeddable":true,"href":"https:\/\/www.diarioimagen.net\/index.php?rest_route=%2Fwp%2Fv2%2Fcomments&post=279849"}],"version-history":[{"count":0,"href":"https:\/\/www.diarioimagen.net\/index.php?rest_route=\/wp\/v2\/posts\/279849\/revisions"}],"wp:featuredmedia":[{"embeddable":true,"href":"https:\/\/www.diarioimagen.net\/index.php?rest_route=\/wp\/v2\/media\/279939"}],"wp:attachment":[{"href":"https:\/\/www.diarioimagen.net\/index.php?rest_route=%2Fwp%2Fv2%2Fmedia&parent=279849"}],"wp:term":[{"taxonomy":"category","embeddable":true,"href":"https:\/\/www.diarioimagen.net\/index.php?rest_route=%2Fwp%2Fv2%2Fcategories&post=279849"},{"taxonomy":"post_tag","embeddable":true,"href":"https:\/\/www.diarioimagen.net\/index.php?rest_route=%2Fwp%2Fv2%2Ftags&post=279849"}],"curies":[{"name":"wp","href":"https:\/\/api.w.org\/{rel}","templated":true}]}}