{"id":280911,"date":"2016-07-27T00:08:05","date_gmt":"2016-07-27T05:08:05","guid":{"rendered":"http:\/\/www.diarioimagen.net\/?p=280911"},"modified":"2016-07-27T00:47:20","modified_gmt":"2016-07-27T05:47:20","slug":"ya-no-se-puede-tolerar-mas-agresiones-a-la-mujer-osorio-chong","status":"publish","type":"post","link":"https:\/\/www.diarioimagen.net\/?p=280911","title":{"rendered":"Ya no m\u00e1s agresiones contra mujeres: Osorio"},"content":{"rendered":"<ul>\n<li><strong><em>Llama a denunciar violencia de g\u00e9nero<\/em><\/strong><\/li>\n<\/ul>\n<p>&nbsp;<\/p>\n<div id=\"attachment_280912\" style=\"width: 430px\" class=\"wp-caption aligncenter\"><a href=\"http:\/\/www.diarioimagen.net\/?attachment_id=280912\" rel=\"attachment wp-att-280912\"><img loading=\"lazy\" decoding=\"async\" aria-describedby=\"caption-attachment-280912\" class=\"wp-image-280912 size-large\" src=\"http:\/\/www.diarioimagen.net\/wp-content\/uploads\/2016\/07\/OSORIO27-portal-420x245.jpg\" alt=\"El secretario de Gobernaci\u00f3n, Miguel \u00c1ngel Osorio Chong, pidi\u00f3 denunciar y sentenciar a los agresores de mujeres.\" width=\"420\" height=\"245\" srcset=\"https:\/\/www.diarioimagen.net\/wp-content\/uploads\/2016\/07\/OSORIO27-portal-420x245.jpg 420w, https:\/\/www.diarioimagen.net\/wp-content\/uploads\/2016\/07\/OSORIO27-portal-240x140.jpg 240w, https:\/\/www.diarioimagen.net\/wp-content\/uploads\/2016\/07\/OSORIO27-portal.jpg 480w\" sizes=\"auto, (max-width: 420px) 100vw, 420px\" \/><\/a><p id=\"caption-attachment-280912\" class=\"wp-caption-text\">El secretario de Gobernaci\u00f3n, Miguel \u00c1ngel Osorio Chong, pidi\u00f3 denunciar y sentenciar a los agresores de mujeres.<\/p><\/div>\n<p>&nbsp;<\/p>\n<p>Al inaugurar en Hidalgo el \u201cDi\u00e1logo Regional 2016, desaf\u00edos y nuevos retos para la erradicaci\u00f3n de la violencia contra las mujeres\u201d, el secretario de Gobernaci\u00f3n, Miguel \u00c1ngel Osorio Chong, pidi\u00f3 tener la valent\u00eda que siempre tienen las mujeres para llegar a sentenciar a los sujetos agresores.<\/p>\n<p>El funcionario federal dijo que \u201cni\u00f1as y mujeres de nuestras naciones no pueden tolerar una agresi\u00f3n, una discriminaci\u00f3n m\u00e1s o, peor a\u00fan, un feminicidio m\u00e1s\u201d. Hizo un llamado a las mujeres que son violentadas a hacer la denuncia correspondiente.<\/p>\n<p>Se\u00f1al\u00f3 que para cambiar este panorama existe plena disposici\u00f3n del gobierno de la Rep\u00fablica, apertura de la sociedad civil y organismos internacionales \u201cporque los grandes logros se alcanzan en esfuerzo conjunto, para pasar de discursos y diagn\u00f3sticos a resultados\u201d.<\/p>\n<p>El responsable de la pol\u00edtica interior del pa\u00eds apunt\u00f3 que terminar con la violencia de g\u00e9nero representa acabar con prejuicios y estereotipos.<\/p>\n<p>\u201cEn esta labor hay que sumar esfuerzos para generar soluciones regionales\u201d, dijo el funcionario federal, quien enfatiz\u00f3 que \u201cla igualdad a\u00fan no es plena, hay que traducirla en realidades cotidianas; pasar de los discursos a los resultados y de los diagn\u00f3sticos a las soluciones, hablar menos y trabajar m\u00e1s en este tema\u201d.<\/p>\n<p>Osorio Chong manifest\u00f3 que las conductas contra las mujeres est\u00e1n en las colonias, comunidades y en los hogares, por lo que es importante darles los instrumentos necesarios para que denuncien.<\/p>\n<p>Para que la violencia retroceda, hombres y gobiernos deben cambiar, asever\u00f3 el titular de la Secretar\u00eda de Gobernaci\u00f3n (Segob).<\/p>\n<p>\u201cEs momento de cerrar filas con m\u00e1s mujeres y las ni\u00f1as; es por ellas, pero tambi\u00e9n es por nosotros. Es por M\u00e9xico que necesita su liderazgo, talento y capacidad para desarrollarse\u201d.<\/p>\n<p>Al acto tambi\u00e9n asisti\u00f3 la titular de la Secretar\u00eda de Relaciones Exteriores (SRE), Claudia Ruiz Massieu, quien se\u00f1al\u00f3 que para eliminar la violencia contra las mujeres es necesario fortalecer decisiones p\u00fablicas y privadas, pero sobre todo, sumar esfuerzos, porque as\u00ed se podr\u00e1 combatir esta causa que afecta a todos.<\/p>\n<p>En tanto, el gobernador de Hidalgo, Francisco Olvera, coment\u00f3 que ha llegado el momento en el que gobierno y sociedad trabajen en favor de la mujer y agradeci\u00f3 el apoyo del gobierno de la Rep\u00fablica en el combate a la violencia contra la mujer, porque, dijo, cuando hay apoyo de la Federaci\u00f3n hay resultados positivos.<\/p>\n<p>En su oportunidad, la comisionada nacional para Prevenir y Erradicar la Violencia contra las Mujeres, Alejandra Negrete Morayta, hizo ver la urgencia de erradicar la violencia contra ese sector poblacional, porque actualmente vivimos un momento crucial para reencontrarnos mujeres y hombres.<\/p>\n<p>A su vez, la secretaria Ejecutiva de la Comisi\u00f3n Interamericana de Mujeres, Carmen Moreno Toscano, reiter\u00f3 el compromiso de la Organizaci\u00f3n de las Naciones Unidas para continuar trabajando para eliminar la violencia contra las mujeres y reconoci\u00f3 la importancia del mecanismo de la alerta de g\u00e9nero para investigar las desapariciones en lugares espec\u00edficos.<\/p>\n","protected":false},"excerpt":{"rendered":"<p>Al inaugurar en Hidalgo el \u201cDi\u00e1logo Regional 2016, desaf\u00edos y nuevos retos para la erradicaci\u00f3n de la violencia contra las mujeres\u201d, el secretario de Gobernaci\u00f3n, Miguel \u00c1ngel Osorio Chong, pidi\u00f3 tener la valent\u00eda que siempre tienen las mujeres para llegar a sentenciar a los sujetos agresores. El funcionario federal dijo que \u201cni\u00f1as y mujeres de nuestras naciones no pueden tolerar una agresi\u00f3n, una discriminaci\u00f3n m\u00e1s o, peor a\u00fan, un feminicidio m\u00e1s\u201d. Hizo un llamado a las mujeres que son violentadas a hacer la denuncia correspondiente.<\/p>\n","protected":false},"author":5,"featured_media":280912,"comment_status":"open","ping_status":"open","sticky":false,"template":"","format":"standard","meta":{"_monsterinsights_skip_tracking":false,"_monsterinsights_sitenote_active":false,"_monsterinsights_sitenote_note":"","_monsterinsights_sitenote_category":0,"footnotes":""},"categories":[3],"tags":[24129,22514,3676,7254,1921,43673],"class_list":["post-280911","post","type-post","status-publish","format-standard","has-post-thumbnail","hentry","category-nacional","tag-agresiones","tag-feminicidio","tag-miguel-angel-osorio-chong","tag-mujer","tag-mujeres","tag-nacional"],"_links":{"self":[{"href":"https:\/\/www.diarioimagen.net\/index.php?rest_route=\/wp\/v2\/posts\/280911","targetHints":{"allow":["GET"]}}],"collection":[{"href":"https:\/\/www.diarioimagen.net\/index.php?rest_route=\/wp\/v2\/posts"}],"about":[{"href":"https:\/\/www.diarioimagen.net\/index.php?rest_route=\/wp\/v2\/types\/post"}],"author":[{"embeddable":true,"href":"https:\/\/www.diarioimagen.net\/index.php?rest_route=\/wp\/v2\/users\/5"}],"replies":[{"embeddable":true,"href":"https:\/\/www.diarioimagen.net\/index.php?rest_route=%2Fwp%2Fv2%2Fcomments&post=280911"}],"version-history":[{"count":0,"href":"https:\/\/www.diarioimagen.net\/index.php?rest_route=\/wp\/v2\/posts\/280911\/revisions"}],"wp:featuredmedia":[{"embeddable":true,"href":"https:\/\/www.diarioimagen.net\/index.php?rest_route=\/wp\/v2\/media\/280912"}],"wp:attachment":[{"href":"https:\/\/www.diarioimagen.net\/index.php?rest_route=%2Fwp%2Fv2%2Fmedia&parent=280911"}],"wp:term":[{"taxonomy":"category","embeddable":true,"href":"https:\/\/www.diarioimagen.net\/index.php?rest_route=%2Fwp%2Fv2%2Fcategories&post=280911"},{"taxonomy":"post_tag","embeddable":true,"href":"https:\/\/www.diarioimagen.net\/index.php?rest_route=%2Fwp%2Fv2%2Ftags&post=280911"}],"curies":[{"name":"wp","href":"https:\/\/api.w.org\/{rel}","templated":true}]}}