{"id":280933,"date":"2016-07-27T00:09:41","date_gmt":"2016-07-27T05:09:41","guid":{"rendered":"http:\/\/www.diarioimagen.net\/?p=280933"},"modified":"2016-07-27T01:14:54","modified_gmt":"2016-07-27T06:14:54","slug":"se-recolectan-5-toneladas-de-electronicos-y-electrodomesticos-en-reciclaton","status":"publish","type":"post","link":"https:\/\/www.diarioimagen.net\/?p=280933","title":{"rendered":"Se recolectan 5 toneladas de electr\u00f3nicos en reciclat\u00f3n"},"content":{"rendered":"<ul>\n<li><em><strong>Acciones contra contaminaci\u00f3n<\/strong><\/em><\/li>\n<\/ul>\n<p>&nbsp;<\/p>\n<div id=\"attachment_280934\" style=\"width: 430px\" class=\"wp-caption aligncenter\"><a href=\"http:\/\/www.diarioimagen.net\/?attachment_id=280934\" rel=\"attachment wp-att-280934\"><img loading=\"lazy\" decoding=\"async\" aria-describedby=\"caption-attachment-280934\" class=\"size-large wp-image-280934\" src=\"http:\/\/www.diarioimagen.net\/wp-content\/uploads\/2016\/07\/RECILATON27-portal-420x245.jpg\" alt=\"En el reciclat\u00f3n de Xonacatl\u00e1n se recolectaron 5 toneladas de electr\u00f3nicos y electrodom\u00e9sticos.\" width=\"420\" height=\"245\" srcset=\"https:\/\/www.diarioimagen.net\/wp-content\/uploads\/2016\/07\/RECILATON27-portal-420x245.jpg 420w, https:\/\/www.diarioimagen.net\/wp-content\/uploads\/2016\/07\/RECILATON27-portal-240x140.jpg 240w, https:\/\/www.diarioimagen.net\/wp-content\/uploads\/2016\/07\/RECILATON27-portal.jpg 480w\" sizes=\"auto, (max-width: 420px) 100vw, 420px\" \/><\/a><p id=\"caption-attachment-280934\" class=\"wp-caption-text\">En el reciclat\u00f3n de Xonacatl\u00e1n se recolectaron 5 toneladas de electr\u00f3nicos y electrodom\u00e9sticos.<\/p><\/div>\n<p>&nbsp;<\/p>\n<p><strong>Xonacatl\u00e1n, Estado de M\u00e9xico<\/strong>.- En el municipio de Xonacatl\u00e1n se llev\u00f3 a cabo un reciclat\u00f3n donde se recolectaron 5 toneladas de electr\u00f3nicos y electrodom\u00e9sticos, acci\u00f3n que tiene como prop\u00f3sito promover la cultura del reciclaje, respecto a la separaci\u00f3n y disposici\u00f3n final de residuos de este tipo de aparatos, para evitar la contaminaci\u00f3n en \u00e1reas verdes y mantos fre\u00e1ticos.<\/p>\n<p>La Secretar\u00eda del Medio Ambiente inform\u00f3 que los reciclatones son una herramienta para la recolecci\u00f3n de llantas y electr\u00f3nicos durante jornadas de acopio y limpieza en los municipios de la entidad.<\/p>\n<p>De 2013 a lo que va de este a\u00f1o, se han realizado 22 reciclatones, mediante los cuales se han recabado 160 toneladas de llantas y 932 toneladas de electrodom\u00e9sticos, evitando la contaminaci\u00f3n de \u00e1reas verdes y mantos fre\u00e1ticos, as\u00ed como la emisi\u00f3n de elementos t\u00f3xicos a la atm\u00f3sfera.<\/p>\n<p>Al t\u00e9rmino de la jornada, y en presencia del Director General de Ecoazteca, Juan Carlos Gonz\u00e1lez Mata, integrantes del cabildo y servidores p\u00fablicos de Xonacatl\u00e1n, se entreg\u00f3 a los participantes, electr\u00f3nicos y electrodom\u00e9sticos como planchas, licuadoras, tostadores de pan, entre otros, con el prop\u00f3sito de seguir promoviendo la cultura del reciclaje.<\/p>\n<p>&nbsp;<\/p>\n","protected":false},"excerpt":{"rendered":"<p>En el municipio de Xonacatl\u00e1n se llev\u00f3 a cabo un reciclat\u00f3n donde se recolectaron 5 toneladas de electr\u00f3nicos y electrodom\u00e9sticos, acci\u00f3n que tiene como prop\u00f3sito promover la cultura del reciclaje, respecto a la separaci\u00f3n y disposici\u00f3n final de residuos de este tipo de aparatos, para evitar la contaminaci\u00f3n en \u00e1reas verdes y mantos fre\u00e1ticos.<\/p>\n","protected":false},"author":5,"featured_media":280934,"comment_status":"open","ping_status":"open","sticky":false,"template":"","format":"standard","meta":{"_monsterinsights_skip_tracking":false,"_monsterinsights_sitenote_active":false,"_monsterinsights_sitenote_note":"","_monsterinsights_sitenote_category":0,"footnotes":""},"categories":[5],"tags":[46008,43675,45979],"class_list":["post-280933","post","type-post","status-publish","format-standard","has-post-thumbnail","hentry","category-estado-de-mexico","tag-electronicos","tag-estado-de-mexico","tag-reciclaton"],"_links":{"self":[{"href":"https:\/\/www.diarioimagen.net\/index.php?rest_route=\/wp\/v2\/posts\/280933","targetHints":{"allow":["GET"]}}],"collection":[{"href":"https:\/\/www.diarioimagen.net\/index.php?rest_route=\/wp\/v2\/posts"}],"about":[{"href":"https:\/\/www.diarioimagen.net\/index.php?rest_route=\/wp\/v2\/types\/post"}],"author":[{"embeddable":true,"href":"https:\/\/www.diarioimagen.net\/index.php?rest_route=\/wp\/v2\/users\/5"}],"replies":[{"embeddable":true,"href":"https:\/\/www.diarioimagen.net\/index.php?rest_route=%2Fwp%2Fv2%2Fcomments&post=280933"}],"version-history":[{"count":0,"href":"https:\/\/www.diarioimagen.net\/index.php?rest_route=\/wp\/v2\/posts\/280933\/revisions"}],"wp:featuredmedia":[{"embeddable":true,"href":"https:\/\/www.diarioimagen.net\/index.php?rest_route=\/wp\/v2\/media\/280934"}],"wp:attachment":[{"href":"https:\/\/www.diarioimagen.net\/index.php?rest_route=%2Fwp%2Fv2%2Fmedia&parent=280933"}],"wp:term":[{"taxonomy":"category","embeddable":true,"href":"https:\/\/www.diarioimagen.net\/index.php?rest_route=%2Fwp%2Fv2%2Fcategories&post=280933"},{"taxonomy":"post_tag","embeddable":true,"href":"https:\/\/www.diarioimagen.net\/index.php?rest_route=%2Fwp%2Fv2%2Ftags&post=280933"}],"curies":[{"name":"wp","href":"https:\/\/api.w.org\/{rel}","templated":true}]}}