{"id":281012,"date":"2016-07-27T00:07:26","date_gmt":"2016-07-27T05:07:26","guid":{"rendered":"http:\/\/www.diarioimagen.net\/?p=281012"},"modified":"2016-07-27T06:25:13","modified_gmt":"2016-07-27T11:25:13","slug":"en-metepec-ganadores-de-la-olimpiada-del-conocimiento","status":"publish","type":"post","link":"https:\/\/www.diarioimagen.net\/?p=281012","title":{"rendered":"En Metepec, ganadores de la Olimpiada del Conocimiento"},"content":{"rendered":"<ul>\n<li><strong><em>Ejemplo para las nuevas generaciones.<\/em><\/strong><\/li>\n<\/ul>\n<p>&nbsp;<\/p>\n<div id=\"attachment_281105\" style=\"width: 430px\" class=\"wp-caption aligncenter\"><a href=\"http:\/\/www.diarioimagen.net\/?attachment_id=281105\" rel=\"attachment wp-att-281105\"><img loading=\"lazy\" decoding=\"async\" aria-describedby=\"caption-attachment-281105\" class=\"size-large wp-image-281105\" src=\"http:\/\/www.diarioimagen.net\/wp-content\/uploads\/2016\/07\/METEPEC-2919-420x236.jpg\" alt=\"La ni\u00f1a Ana Mar\u00eda Sosa G\u00f3mez, originaria de Metepec, estuvo entre los 72 alumnos distinguidos.\" width=\"420\" height=\"236\" srcset=\"https:\/\/www.diarioimagen.net\/wp-content\/uploads\/2016\/07\/METEPEC-2919-420x236.jpg 420w, https:\/\/www.diarioimagen.net\/wp-content\/uploads\/2016\/07\/METEPEC-2919-240x135.jpg 240w, https:\/\/www.diarioimagen.net\/wp-content\/uploads\/2016\/07\/METEPEC-2919-235x132.jpg 235w, https:\/\/www.diarioimagen.net\/wp-content\/uploads\/2016\/07\/METEPEC-2919-202x114.jpg 202w, https:\/\/www.diarioimagen.net\/wp-content\/uploads\/2016\/07\/METEPEC-2919-350x196.jpg 350w, https:\/\/www.diarioimagen.net\/wp-content\/uploads\/2016\/07\/METEPEC-2919-220x123.jpg 220w, https:\/\/www.diarioimagen.net\/wp-content\/uploads\/2016\/07\/METEPEC-2919-237x132.jpg 237w, https:\/\/www.diarioimagen.net\/wp-content\/uploads\/2016\/07\/METEPEC-2919.jpg 480w\" sizes=\"auto, (max-width: 420px) 100vw, 420px\" \/><\/a><p id=\"caption-attachment-281105\" class=\"wp-caption-text\">La ni\u00f1a Ana Mar\u00eda Sosa G\u00f3mez, originaria de Metepec, estuvo entre los 72 alumnos distinguidos.<\/p><\/div>\n<p>&nbsp;<\/p>\n<p><strong>Metepec, Estado de M\u00e9xico<\/strong>.-\u00a0Como parte de la semana cultural estatal, los 72 alumnos ganadores de la Olimpiada del Conocimiento Infantil del Estado de M\u00e9xico, recorrieron sitios emblem\u00e1ticos del Pueblo M\u00e1gico de Metepec, con el prop\u00f3sito de conocer, transmitir el empe\u00f1o y el alcance de metas a las nuevas generaciones.<\/p>\n<p>La Olimpiada del Conocimiento Infantil del Estado de M\u00e9xico en la que participaron los 125 municipios, es un concurso que realiza la Secretar\u00eda de Educaci\u00f3n P\u00fablica en coordinaci\u00f3n con las autoridades educativas locales desde hace 55 a\u00f1os, con el objetivo de reconocer la excelencia acad\u00e9mica de ni\u00f1as y ni\u00f1os que culminan el sexto grado de educaci\u00f3n primaria.<\/p>\n<p>\u201cEste a\u00f1o el concurso inici\u00f3 con 321 mil 400 alumnos que integran la matr\u00edcula a nivel estatal de los tres subsistemas\u00a0 (estatal, federal y federalizado), despu\u00e9s se seleccionaron mil 751 y en la etapa final se redujeron a 361, para as\u00ed elegir a los 72 mejores promedios que pasaron pruebas de matem\u00e1ticas, espa\u00f1ol, geograf\u00eda y ciencias naturales, entre otras\u201d, se\u00f1al\u00f3 el jefe del departamento de\u00a0 planeaci\u00f3n y evaluaci\u00f3n de programas, de la Subsecretar\u00eda de Educaci\u00f3n B\u00e1sica y Normales,\u00a0 Juan Carlos Ramos Romo.<\/p>\n<p>&nbsp;<\/p>\n","protected":false},"excerpt":{"rendered":"<p>Como parte de la semana cultural estatal, los 72 alumnos ganadores de la Olimpiada del Conocimiento Infantil del Estado de M\u00e9xico, recorrieron sitios emblem\u00e1ticos del Pueblo M\u00e1gico de Metepec, con el prop\u00f3sito de conocer, transmitir el empe\u00f1o y el alcance de metas a las nuevas generaciones. <\/p>\n","protected":false},"author":3,"featured_media":281105,"comment_status":"open","ping_status":"open","sticky":false,"template":"","format":"standard","meta":{"_monsterinsights_skip_tracking":false,"_monsterinsights_sitenote_active":false,"_monsterinsights_sitenote_note":"","_monsterinsights_sitenote_category":0,"footnotes":""},"categories":[35155],"tags":[43675,876,10065,8979],"class_list":["post-281012","post","type-post","status-publish","format-standard","has-post-thumbnail","hentry","category-estado-de-mexico-estado-de-mexico","tag-estado-de-mexico","tag-metepec","tag-olimpiada-del-conocimiento","tag-pueblo-magico"],"_links":{"self":[{"href":"https:\/\/www.diarioimagen.net\/index.php?rest_route=\/wp\/v2\/posts\/281012","targetHints":{"allow":["GET"]}}],"collection":[{"href":"https:\/\/www.diarioimagen.net\/index.php?rest_route=\/wp\/v2\/posts"}],"about":[{"href":"https:\/\/www.diarioimagen.net\/index.php?rest_route=\/wp\/v2\/types\/post"}],"author":[{"embeddable":true,"href":"https:\/\/www.diarioimagen.net\/index.php?rest_route=\/wp\/v2\/users\/3"}],"replies":[{"embeddable":true,"href":"https:\/\/www.diarioimagen.net\/index.php?rest_route=%2Fwp%2Fv2%2Fcomments&post=281012"}],"version-history":[{"count":0,"href":"https:\/\/www.diarioimagen.net\/index.php?rest_route=\/wp\/v2\/posts\/281012\/revisions"}],"wp:featuredmedia":[{"embeddable":true,"href":"https:\/\/www.diarioimagen.net\/index.php?rest_route=\/wp\/v2\/media\/281105"}],"wp:attachment":[{"href":"https:\/\/www.diarioimagen.net\/index.php?rest_route=%2Fwp%2Fv2%2Fmedia&parent=281012"}],"wp:term":[{"taxonomy":"category","embeddable":true,"href":"https:\/\/www.diarioimagen.net\/index.php?rest_route=%2Fwp%2Fv2%2Fcategories&post=281012"},{"taxonomy":"post_tag","embeddable":true,"href":"https:\/\/www.diarioimagen.net\/index.php?rest_route=%2Fwp%2Fv2%2Ftags&post=281012"}],"curies":[{"name":"wp","href":"https:\/\/api.w.org\/{rel}","templated":true}]}}