{"id":281255,"date":"2016-07-28T00:07:52","date_gmt":"2016-07-28T05:07:52","guid":{"rendered":"http:\/\/www.diarioimagen.net\/?p=281255"},"modified":"2016-07-28T06:18:20","modified_gmt":"2016-07-28T11:18:20","slug":"tlalnepantla-impulsor-del-desarrollo-economico-y-cultural","status":"publish","type":"post","link":"https:\/\/www.diarioimagen.net\/?p=281255","title":{"rendered":"Tlalnepantla, impulsor del desarrollo econ\u00f3mico y cultural"},"content":{"rendered":"<ul>\n<li><strong><em>En el Valle de M\u00e9xico<\/em><\/strong><\/li>\n<\/ul>\n<p>&nbsp;<\/p>\n<div id=\"attachment_281291\" style=\"width: 430px\" class=\"wp-caption aligncenter\"><a href=\"http:\/\/www.diarioimagen.net\/?attachment_id=281291\" rel=\"attachment wp-att-281291\"><img loading=\"lazy\" decoding=\"async\" aria-describedby=\"caption-attachment-281291\" class=\"size-large wp-image-281291\" src=\"http:\/\/www.diarioimagen.net\/wp-content\/uploads\/2016\/07\/TLALNEPANTLA-2920-420x236.jpg\" alt=\"La alcaldesa Denisse Ugalde Alegr\u00eda inaugur\u00f3 los estudios del Centro de Producci\u00f3n Independiente Gabriel Garc\u00eda M\u00e1rquez.\" width=\"420\" height=\"236\" srcset=\"https:\/\/www.diarioimagen.net\/wp-content\/uploads\/2016\/07\/TLALNEPANTLA-2920-420x236.jpg 420w, https:\/\/www.diarioimagen.net\/wp-content\/uploads\/2016\/07\/TLALNEPANTLA-2920-240x135.jpg 240w, https:\/\/www.diarioimagen.net\/wp-content\/uploads\/2016\/07\/TLALNEPANTLA-2920-235x132.jpg 235w, https:\/\/www.diarioimagen.net\/wp-content\/uploads\/2016\/07\/TLALNEPANTLA-2920-202x114.jpg 202w, https:\/\/www.diarioimagen.net\/wp-content\/uploads\/2016\/07\/TLALNEPANTLA-2920-350x196.jpg 350w, https:\/\/www.diarioimagen.net\/wp-content\/uploads\/2016\/07\/TLALNEPANTLA-2920-220x123.jpg 220w, https:\/\/www.diarioimagen.net\/wp-content\/uploads\/2016\/07\/TLALNEPANTLA-2920-237x132.jpg 237w, https:\/\/www.diarioimagen.net\/wp-content\/uploads\/2016\/07\/TLALNEPANTLA-2920.jpg 480w\" sizes=\"auto, (max-width: 420px) 100vw, 420px\" \/><\/a><p id=\"caption-attachment-281291\" class=\"wp-caption-text\">La alcaldesa Denisse Ugalde Alegr\u00eda inaugur\u00f3 los estudios del Centro de Producci\u00f3n Independiente Gabriel Garc\u00eda M\u00e1rquez.<\/p><\/div>\n<p>&nbsp;<\/p>\n<p><strong>Tlalnepantla, Estado de M\u00e9xico<\/strong>.- Al inaugurar los estudios del Centro de Producci\u00f3n Independiente Gabriel Garc\u00eda M\u00e1rquez, la alcaldesa Denisse Ugalde Alegr\u00eda enfatiz\u00f3 que con la llegada de nuevas empresas, Tlalnepantla se posiciona como el municipio que impulsa el desarrollo econ\u00f3mico, art\u00edstico y cultural en el Valle de M\u00e9xico.<\/p>\n<p>Agradeci\u00f3 a Epigmenio Ibarra, director general de Argos Comunicaci\u00f3n, \u201cpor haber elegido al municipio para instalar los nuevos foros que son el detonante de la transformaci\u00f3n que Tlalnepantla experimenta, al convertirse en una localidad de comercios y servicios, cuando antes era meramente industrial\u201d.<\/p>\n<p>Puntualiz\u00f3 que el reto es que la Tierra de En medio se distinga por su desarrollo cultural y art\u00edstico, \u201cpues estamos convencidos que el arte y la cultura nos va a permitir hacer frente los problemas, como es la violencia e inseguridad\u201d.<\/p>\n<p>Ugalde Alegr\u00eda reiter\u00f3 su compromiso de seguir impulsando acciones en materia de mejora regulatoria, con la finalidad de que m\u00e1s inversionistas se acerquen a Tlalnepantla y asienten aqu\u00ed sus respectivas empresas.<\/p>\n<p>Cabe mencionar que con una inversi\u00f3n de 350 millones de pesos, el Centro de Producci\u00f3n Independiente Gabriel Garc\u00eda M\u00e1rquez generar\u00e1 200 empleos directos y 600 indirectos.<\/p>\n<p>Al respecto, Epigmenio Ibarra reconoci\u00f3 las facilidades que Argos Comunicaci\u00f3n recibi\u00f3 para la construcci\u00f3n de los nuevos estudios que contribuyen para que Tlalnepantla se posicione como un centro de conocimiento, entretenimiento y producci\u00f3n.<\/p>\n<p>&nbsp;<\/p>\n","protected":false},"excerpt":{"rendered":"<p>Al inaugurar los estudios del Centro de Producci\u00f3n Independiente Gabriel Garc\u00eda M\u00e1rquez, la alcaldesa Denisse Ugalde Alegr\u00eda enfatiz\u00f3 que con la llegada de nuevas empresas, Tlalnepantla se posiciona como el municipio que impulsa el desarrollo econ\u00f3mico, art\u00edstico y cultural en el Valle de M\u00e9xico.<\/p>\n","protected":false},"author":3,"featured_media":281291,"comment_status":"open","ping_status":"open","sticky":false,"template":"","format":"standard","meta":{"_monsterinsights_skip_tracking":false,"_monsterinsights_sitenote_active":false,"_monsterinsights_sitenote_note":"","_monsterinsights_sitenote_category":0,"footnotes":""},"categories":[35155],"tags":[45490,31416,43675,169],"class_list":["post-281255","post","type-post","status-publish","format-standard","has-post-thumbnail","hentry","category-estado-de-mexico-estado-de-mexico","tag-denisse-ugalde-alegria","tag-desarrollo","tag-estado-de-mexico","tag-tlalnepantla"],"_links":{"self":[{"href":"https:\/\/www.diarioimagen.net\/index.php?rest_route=\/wp\/v2\/posts\/281255","targetHints":{"allow":["GET"]}}],"collection":[{"href":"https:\/\/www.diarioimagen.net\/index.php?rest_route=\/wp\/v2\/posts"}],"about":[{"href":"https:\/\/www.diarioimagen.net\/index.php?rest_route=\/wp\/v2\/types\/post"}],"author":[{"embeddable":true,"href":"https:\/\/www.diarioimagen.net\/index.php?rest_route=\/wp\/v2\/users\/3"}],"replies":[{"embeddable":true,"href":"https:\/\/www.diarioimagen.net\/index.php?rest_route=%2Fwp%2Fv2%2Fcomments&post=281255"}],"version-history":[{"count":0,"href":"https:\/\/www.diarioimagen.net\/index.php?rest_route=\/wp\/v2\/posts\/281255\/revisions"}],"wp:featuredmedia":[{"embeddable":true,"href":"https:\/\/www.diarioimagen.net\/index.php?rest_route=\/wp\/v2\/media\/281291"}],"wp:attachment":[{"href":"https:\/\/www.diarioimagen.net\/index.php?rest_route=%2Fwp%2Fv2%2Fmedia&parent=281255"}],"wp:term":[{"taxonomy":"category","embeddable":true,"href":"https:\/\/www.diarioimagen.net\/index.php?rest_route=%2Fwp%2Fv2%2Fcategories&post=281255"},{"taxonomy":"post_tag","embeddable":true,"href":"https:\/\/www.diarioimagen.net\/index.php?rest_route=%2Fwp%2Fv2%2Ftags&post=281255"}],"curies":[{"name":"wp","href":"https:\/\/api.w.org\/{rel}","templated":true}]}}