{"id":281259,"date":"2016-07-28T00:05:27","date_gmt":"2016-07-28T05:05:27","guid":{"rendered":"http:\/\/www.diarioimagen.net\/?p=281259"},"modified":"2016-07-28T06:21:29","modified_gmt":"2016-07-28T11:21:29","slug":"busca-metepec-certificacion-en-igualdad-laboral-y-no-discriminacion","status":"publish","type":"post","link":"https:\/\/www.diarioimagen.net\/?p=281259","title":{"rendered":"Busca Metepec certificaci\u00f3n en igualdad laboral y no discriminaci\u00f3n"},"content":{"rendered":"<ul>\n<li><strong><em>Reformar\u00e1 al Modelo de Equidad de G\u00e9nero<\/em><\/strong><\/li>\n<\/ul>\n<p>&nbsp;<\/p>\n<div id=\"attachment_281300\" style=\"width: 430px\" class=\"wp-caption aligncenter\"><a href=\"http:\/\/www.diarioimagen.net\/?attachment_id=281300\" rel=\"attachment wp-att-281300\"><img loading=\"lazy\" decoding=\"async\" aria-describedby=\"caption-attachment-281300\" class=\"size-large wp-image-281300\" src=\"http:\/\/www.diarioimagen.net\/wp-content\/uploads\/2016\/07\/METEPEC-2920-420x236.jpg\" alt=\"La Direcci\u00f3n de Equidad de G\u00e9nero de Metepec inici\u00f3 la capacitaci\u00f3n con integrantes de la administraci\u00f3n municipal.\" width=\"420\" height=\"236\" srcset=\"https:\/\/www.diarioimagen.net\/wp-content\/uploads\/2016\/07\/METEPEC-2920-420x236.jpg 420w, https:\/\/www.diarioimagen.net\/wp-content\/uploads\/2016\/07\/METEPEC-2920-240x135.jpg 240w, https:\/\/www.diarioimagen.net\/wp-content\/uploads\/2016\/07\/METEPEC-2920-235x132.jpg 235w, https:\/\/www.diarioimagen.net\/wp-content\/uploads\/2016\/07\/METEPEC-2920-202x114.jpg 202w, https:\/\/www.diarioimagen.net\/wp-content\/uploads\/2016\/07\/METEPEC-2920-350x196.jpg 350w, https:\/\/www.diarioimagen.net\/wp-content\/uploads\/2016\/07\/METEPEC-2920-220x123.jpg 220w, https:\/\/www.diarioimagen.net\/wp-content\/uploads\/2016\/07\/METEPEC-2920-237x132.jpg 237w, https:\/\/www.diarioimagen.net\/wp-content\/uploads\/2016\/07\/METEPEC-2920.jpg 480w\" sizes=\"auto, (max-width: 420px) 100vw, 420px\" \/><\/a><p id=\"caption-attachment-281300\" class=\"wp-caption-text\">La Direcci\u00f3n de Equidad de G\u00e9nero de Metepec inici\u00f3 la capacitaci\u00f3n con integrantes de la administraci\u00f3n municipal.<\/p><\/div>\n<p>&nbsp;<\/p>\n<p><strong>Metepec, Estado de M\u00e9xico<\/strong>.-\u00a0El gobierno que encabeza el alcalde David L\u00f3pez C\u00e1rdenas, inici\u00f3 la capacitaci\u00f3n con integrantes de la administraci\u00f3n municipal, para obtener la certificaci\u00f3n en igualdad laboral y no discriminaci\u00f3n.<\/p>\n<p>La acreditaci\u00f3n sustentada bajo la \u00a0Norma Mexicana NMX-R-025-SCFI-2015 en Igualdad Laboral y No Discriminaci\u00f3n, tiene como prioridad la inclusi\u00f3n en el \u00e1mbito productivo y es un mecanismo de adopci\u00f3n voluntaria para reconocer a los centros de trabajo que cuentan con pr\u00e1cticas en dicha materia, favoreciendo el desarrollo integral de las y los trabajadores.<\/p>\n<p>La Direcci\u00f3n de Equidad de G\u00e9nero de Metepec, dio a conocer que el proceso es fundamental para acreditar la equidad laboral en los espacios p\u00fablicos, \u00a0ya que la norma mexicana, es la que reforma al Modelo de G\u00e9nero que se obtuvo en la pasada administraci\u00f3n.<\/p>\n<p>La certificaci\u00f3n est\u00e1 dirigida a todos los centros de trabajo p\u00fablicos,\u00a0 privados y sociales establecidos del pa\u00eds, de cualquier tama\u00f1o, sector o actividad. Para conseguirla, se verificar\u00e1n las pol\u00edticas y las pr\u00e1cticas que cumplan con los requisitos de igualdad laboral y no discriminaci\u00f3n, mediante una auditor\u00eda.<\/p>\n<p>&nbsp;<\/p>\n","protected":false},"excerpt":{"rendered":"<p>El gobierno que encabeza el alcalde David L\u00f3pez C\u00e1rdenas, inici\u00f3 la capacitaci\u00f3n con integrantes de la administraci\u00f3n municipal, para obtener la certificaci\u00f3n en igualdad laboral y no discriminaci\u00f3n.<\/p>\n","protected":false},"author":3,"featured_media":281300,"comment_status":"open","ping_status":"open","sticky":false,"template":"","format":"standard","meta":{"_monsterinsights_skip_tracking":false,"_monsterinsights_sitenote_active":false,"_monsterinsights_sitenote_note":"","_monsterinsights_sitenote_category":0,"footnotes":""},"categories":[5],"tags":[14771,43675,26688,876],"class_list":["post-281259","post","type-post","status-publish","format-standard","has-post-thumbnail","hentry","category-estado-de-mexico","tag-discriminacion","tag-estado-de-mexico","tag-igualdad","tag-metepec"],"_links":{"self":[{"href":"https:\/\/www.diarioimagen.net\/index.php?rest_route=\/wp\/v2\/posts\/281259","targetHints":{"allow":["GET"]}}],"collection":[{"href":"https:\/\/www.diarioimagen.net\/index.php?rest_route=\/wp\/v2\/posts"}],"about":[{"href":"https:\/\/www.diarioimagen.net\/index.php?rest_route=\/wp\/v2\/types\/post"}],"author":[{"embeddable":true,"href":"https:\/\/www.diarioimagen.net\/index.php?rest_route=\/wp\/v2\/users\/3"}],"replies":[{"embeddable":true,"href":"https:\/\/www.diarioimagen.net\/index.php?rest_route=%2Fwp%2Fv2%2Fcomments&post=281259"}],"version-history":[{"count":0,"href":"https:\/\/www.diarioimagen.net\/index.php?rest_route=\/wp\/v2\/posts\/281259\/revisions"}],"wp:featuredmedia":[{"embeddable":true,"href":"https:\/\/www.diarioimagen.net\/index.php?rest_route=\/wp\/v2\/media\/281300"}],"wp:attachment":[{"href":"https:\/\/www.diarioimagen.net\/index.php?rest_route=%2Fwp%2Fv2%2Fmedia&parent=281259"}],"wp:term":[{"taxonomy":"category","embeddable":true,"href":"https:\/\/www.diarioimagen.net\/index.php?rest_route=%2Fwp%2Fv2%2Fcategories&post=281259"},{"taxonomy":"post_tag","embeddable":true,"href":"https:\/\/www.diarioimagen.net\/index.php?rest_route=%2Fwp%2Fv2%2Ftags&post=281259"}],"curies":[{"name":"wp","href":"https:\/\/api.w.org\/{rel}","templated":true}]}}