{"id":281275,"date":"2016-07-28T00:07:55","date_gmt":"2016-07-28T05:07:55","guid":{"rendered":"http:\/\/www.diarioimagen.net\/?p=281275"},"modified":"2016-07-29T00:40:04","modified_gmt":"2016-07-29T05:40:04","slug":"nuevo-modelo-educativo-no-es-una-imposicion-epn","status":"publish","type":"post","link":"https:\/\/www.diarioimagen.net\/?p=281275","title":{"rendered":"Nuevo Modelo Educativo no es una imposici\u00f3n: EPN"},"content":{"rendered":"<ul>\n<li><strong><em>Se reuni\u00f3 con alumnos destacados<\/em><\/strong><\/li>\n<\/ul>\n<p>&nbsp;<\/p>\n<div id=\"attachment_281327\" style=\"width: 430px\" class=\"wp-caption aligncenter\"><a href=\"http:\/\/www.diarioimagen.net\/?attachment_id=281327\" rel=\"attachment wp-att-281327\"><img loading=\"lazy\" decoding=\"async\" aria-describedby=\"caption-attachment-281327\" class=\"size-large wp-image-281327\" src=\"http:\/\/www.diarioimagen.net\/wp-content\/uploads\/2016\/07\/epn-sep-2920-420x236.jpg\" alt=\"Enrique Pe\u00f1a felicit\u00f3 a los estudiantes de sexto a\u00f1o de primaria que obtuvieron el primer lugar en la Olimpiada del Conocimiento Infantil 20016.\" width=\"420\" height=\"236\" srcset=\"https:\/\/www.diarioimagen.net\/wp-content\/uploads\/2016\/07\/epn-sep-2920-420x236.jpg 420w, https:\/\/www.diarioimagen.net\/wp-content\/uploads\/2016\/07\/epn-sep-2920-240x135.jpg 240w, https:\/\/www.diarioimagen.net\/wp-content\/uploads\/2016\/07\/epn-sep-2920-235x132.jpg 235w, https:\/\/www.diarioimagen.net\/wp-content\/uploads\/2016\/07\/epn-sep-2920-202x114.jpg 202w, https:\/\/www.diarioimagen.net\/wp-content\/uploads\/2016\/07\/epn-sep-2920-350x196.jpg 350w, https:\/\/www.diarioimagen.net\/wp-content\/uploads\/2016\/07\/epn-sep-2920-220x123.jpg 220w, https:\/\/www.diarioimagen.net\/wp-content\/uploads\/2016\/07\/epn-sep-2920-237x132.jpg 237w, https:\/\/www.diarioimagen.net\/wp-content\/uploads\/2016\/07\/epn-sep-2920.jpg 480w\" sizes=\"auto, (max-width: 420px) 100vw, 420px\" \/><\/a><p id=\"caption-attachment-281327\" class=\"wp-caption-text\">Enrique Pe\u00f1a felicit\u00f3 a los estudiantes de sexto a\u00f1o de primaria que obtuvieron el primer lugar en la Olimpiada del Conocimiento Infantil 20016.<\/p><\/div>\n<p>&nbsp;<\/p>\n<p>El nuevo Modelo Educativo no es una decisi\u00f3n impuesta y por ello se someter\u00e1 una consulta abierta, para saber cu\u00e1les son los contenidos que se deben aplicar, afirm\u00f3 el presidente Enrique Pe\u00f1a Nieto.<\/p>\n<p>Al reunirse con docentes y alumnos destacados de 2016, dijo que hay resistencias porque hay desinformaci\u00f3n, \u201cpero es importante mantenernos firmes en la reforma educativa\u201d, asever\u00f3 el presidente.<\/p>\n<p>Dijo que el Modelo Educativo no es una decisi\u00f3n impuesta y por ello se someter\u00e1 una consulta abierta, para saber cu\u00e1les son los contenidos que se deben aplicar en la educaci\u00f3n de la ni\u00f1ez mexicana.<\/p>\n<p>El Ejecutivo federal record\u00f3 que la reforma educativa est\u00e1 centrada en tres aspectos: tener docentes mejores preparados, impartir mejores contenidos con el nuevo Modelo Educativo y mejorar las instalaciones de m\u00e1s de 33 mil escuelas.<\/p>\n<p>Explic\u00f3 que el primer eje busca asegurar mayor y mejor preparaci\u00f3n, capacitaci\u00f3n y formaci\u00f3n en los maestros, para dar una educaci\u00f3n de calidad a infantes y j\u00f3venes en M\u00e9xico.<\/p>\n<p>Los mentores tienen un varias oportunidades para aprobar la Evaluaci\u00f3n del Desempe\u00f1o Docente y en caso de no aprobarla, podr\u00e1n ser colocados en un puesto administrativo o de otro orden. \u201cNo ser\u00e1s castigados; se mantiene en la oportunidad de seguir siendo maestro, aunque ya no d\u00e9 clases\u201d, explic\u00f3.<\/p>\n<p>Pe\u00f1a Nieto dej\u00f3 claro que la reforma tambi\u00e9n reconoce y premia a los profesores destacados en la evaluaci\u00f3n, con mejores ingresos salariales; \u201cde esta forma se incentiva y estimula al maestro\u201d.<\/p>\n<p>Respecto os contenidos propuestos para el Modelo Educativo destac\u00f3 que se ha convocado a especialistas, acad\u00e9micos, profesores, organizaciones y quienes deseen aportar algo en su revisi\u00f3n y construcci\u00f3n.<\/p>\n<p>Don el tercer elemento se prev\u00e9 asegurar mejores instalaciones y espacios dignos y decorosos en donde se imparta la educaci\u00f3n, con el impulso al programa Escuelas al Cien para apoyar a m\u00e1s de 33 mil escuelas para 2018.<\/p>\n<p>Con la reforma educativa, abund\u00f3, se han logrado lo que no hab\u00eda en M\u00e9xico hace poco menos de 100 a\u00f1os: una educaci\u00f3n extendida en toda la geograf\u00eda nacional.<\/p>\n<p>El mandatario se\u00f1al\u00f3 que hoy en d\u00eda se tiene una amplia cobertura en las escuelas y un gran n\u00famero de maestros comprometidos que forman parte del Sistema Educativo Nacional, se preparan y forman a los j\u00f3venes con herramientas que les servir\u00e1n para su desarrollo integral.<\/p>\n<p>Durante su encuentro con docentes y alumnos destacados, Enrique Pe\u00f1a felicit\u00f3 a los estudiantes de sexto a\u00f1o de primaria que obtuvieron el primer lugar en la Olimpiada del Conocimiento Infantil 20016 y entreg\u00f3 32 diplomas a igual n\u00famero de alumnos.<\/p>\n<p>El Presidente de la Rep\u00fablica subray\u00f3 que esos ni\u00f1os destacaron entre 2 millones 400 mil infantes que cursan el mismo nivel acad\u00e9mico.<\/p>\n<p>A los menores, reunidos en la residencia oficial de Los Pinos, el Ejecutivo federal les dijo que ellos son la proyecci\u00f3n que reciben en educaci\u00f3n y formaci\u00f3n de parte de los docentes del pa\u00eds.<\/p>\n<p>&nbsp;<\/p>\n","protected":false},"excerpt":{"rendered":"<p>El nuevo Modelo Educativo no es una decisi\u00f3n impuesta y por ello se someter\u00e1 una consulta abierta, para saber cu\u00e1les son los contenidos que se deben aplicar, afirm\u00f3 el presidente Enrique Pe\u00f1a Nieto.<\/p>\n","protected":false},"author":3,"featured_media":281327,"comment_status":"open","ping_status":"open","sticky":false,"template":"","format":"standard","meta":{"_monsterinsights_skip_tracking":false,"_monsterinsights_sitenote_active":false,"_monsterinsights_sitenote_note":"","_monsterinsights_sitenote_category":0,"footnotes":""},"categories":[3],"tags":[1716,52474,43673],"class_list":["post-281275","post","type-post","status-publish","format-standard","has-post-thumbnail","hentry","category-nacional","tag-epn","tag-modelo-educativo","tag-nacional"],"_links":{"self":[{"href":"https:\/\/www.diarioimagen.net\/index.php?rest_route=\/wp\/v2\/posts\/281275","targetHints":{"allow":["GET"]}}],"collection":[{"href":"https:\/\/www.diarioimagen.net\/index.php?rest_route=\/wp\/v2\/posts"}],"about":[{"href":"https:\/\/www.diarioimagen.net\/index.php?rest_route=\/wp\/v2\/types\/post"}],"author":[{"embeddable":true,"href":"https:\/\/www.diarioimagen.net\/index.php?rest_route=\/wp\/v2\/users\/3"}],"replies":[{"embeddable":true,"href":"https:\/\/www.diarioimagen.net\/index.php?rest_route=%2Fwp%2Fv2%2Fcomments&post=281275"}],"version-history":[{"count":0,"href":"https:\/\/www.diarioimagen.net\/index.php?rest_route=\/wp\/v2\/posts\/281275\/revisions"}],"wp:featuredmedia":[{"embeddable":true,"href":"https:\/\/www.diarioimagen.net\/index.php?rest_route=\/wp\/v2\/media\/281327"}],"wp:attachment":[{"href":"https:\/\/www.diarioimagen.net\/index.php?rest_route=%2Fwp%2Fv2%2Fmedia&parent=281275"}],"wp:term":[{"taxonomy":"category","embeddable":true,"href":"https:\/\/www.diarioimagen.net\/index.php?rest_route=%2Fwp%2Fv2%2Fcategories&post=281275"},{"taxonomy":"post_tag","embeddable":true,"href":"https:\/\/www.diarioimagen.net\/index.php?rest_route=%2Fwp%2Fv2%2Ftags&post=281275"}],"curies":[{"name":"wp","href":"https:\/\/api.w.org\/{rel}","templated":true}]}}