{"id":281522,"date":"2016-07-29T00:09:41","date_gmt":"2016-07-29T05:09:41","guid":{"rendered":"http:\/\/www.diarioimagen.net\/?p=281522"},"modified":"2016-07-29T03:10:18","modified_gmt":"2016-07-29T08:10:18","slug":"nuno-pide-denunciar-a-quien-venda-libros-de-texto","status":"publish","type":"post","link":"https:\/\/www.diarioimagen.net\/?p=281522","title":{"rendered":"Nu\u00f1o pide denunciar a quien venda libros de texto"},"content":{"rendered":"<ul>\n<li><strong><em>Seguir\u00e1n siendo gratuitos, asegura<\/em><\/strong><\/li>\n<\/ul>\n<p>&nbsp;<\/p>\n<div id=\"attachment_281575\" style=\"width: 430px\" class=\"wp-caption aligncenter\"><a href=\"http:\/\/www.diarioimagen.net\/?attachment_id=281575\" rel=\"attachment wp-att-281575\"><img loading=\"lazy\" decoding=\"async\" aria-describedby=\"caption-attachment-281575\" class=\"size-large wp-image-281575\" src=\"http:\/\/www.diarioimagen.net\/wp-content\/uploads\/2016\/07\/sep-2921-420x236.jpg\" alt=\"Aurelio Nu\u00f1o Mayer puntualiz\u00f3 que los libros de texto que emite esa dependencia seguir\u00e1n siendo gratuitos.\" width=\"420\" height=\"236\" srcset=\"https:\/\/www.diarioimagen.net\/wp-content\/uploads\/2016\/07\/sep-2921-420x236.jpg 420w, https:\/\/www.diarioimagen.net\/wp-content\/uploads\/2016\/07\/sep-2921-240x135.jpg 240w, https:\/\/www.diarioimagen.net\/wp-content\/uploads\/2016\/07\/sep-2921-235x132.jpg 235w, https:\/\/www.diarioimagen.net\/wp-content\/uploads\/2016\/07\/sep-2921-202x114.jpg 202w, https:\/\/www.diarioimagen.net\/wp-content\/uploads\/2016\/07\/sep-2921-350x196.jpg 350w, https:\/\/www.diarioimagen.net\/wp-content\/uploads\/2016\/07\/sep-2921-220x123.jpg 220w, https:\/\/www.diarioimagen.net\/wp-content\/uploads\/2016\/07\/sep-2921-237x132.jpg 237w, https:\/\/www.diarioimagen.net\/wp-content\/uploads\/2016\/07\/sep-2921.jpg 480w\" sizes=\"auto, (max-width: 420px) 100vw, 420px\" \/><\/a><p id=\"caption-attachment-281575\" class=\"wp-caption-text\">Aurelio Nu\u00f1o Mayer puntualiz\u00f3 que los libros de texto que emite esa dependencia seguir\u00e1n siendo gratuitos.<\/p><\/div>\n<p>&nbsp;<\/p>\n<p>El titular de la Secretar\u00eda de Educaci\u00f3n P\u00fablica (SEP), Aurelio Nu\u00f1o Mayer, puntualiz\u00f3 que los libros de texto que emite esa dependencia seguir\u00e1n siendo gratuitos y exhort\u00f3 a los padres de familia denunciar a quien pretende cobrarlos.<\/p>\n<p>En el comienzo de las ferias de Regreso Clases 2016, inform\u00f3 que los libros de texto gratuitos ya est\u00e1n listos para entregarse a partir del primer d\u00eda de clases y destac\u00f3 el compromiso de los padres de familia para que sus hijos tengan educaci\u00f3n de calidad.<\/p>\n<p>Por ello, los llam\u00f3 a no preocuparse de rumores o mentiras respecto a que los libros de texto se van a cobrar; son gratuitos desde 1960 y as\u00ed seguir\u00e1n, asegur\u00f3 en un comunicado.<\/p>\n<p>De acuerdo con la Comisi\u00f3n Nacional de Libros de Texto Gratuitos, en el pr\u00f3ximo ciclo escolar se entregar\u00e1n 179 millones 770 mil 899 ejemplares.<\/p>\n<p>En la Plaza de los M\u00e1rtires de la capital del Estado de M\u00e9xico, Nu\u00f1o Mayer explic\u00f3 que la reforma educativa significa tener mejores escuelas, en organizaci\u00f3n e infraestructura; garantizar que haya mejores maestros, y asegurar lo mejores contenidos de estudio.<\/p>\n<p>Reiter\u00f3, igualmente, que ning\u00fan maestro que obtenga resultado insuficiente en las evaluaciones docentes ser\u00e1 retirado del servicio, y al contrario, ser\u00e1 capacitado para un nuevo examen.<\/p>\n<p>Las evaluaciones, abund\u00f3, sirven para determinar fortalezas y debilidades y a partir de ello capacitar a los profesores, quienes tienen derecho a tres ex\u00e1menes; si no los aprueban, no perder\u00e1n prestaciones ni empleo, solo ser\u00e1n integrados a plazas administrativas.<\/p>\n<p>Aurelio Nu\u00f1o abund\u00f3 que la reforma educativa es un proceso justo, porque a maestros bien evaluados se les sube el sueldo y quienes tienen resultados insuficientes son capacitados.<\/p>\n<p>Acompa\u00f1ado por el gobernador mexiquense, Eruviel \u00c1vila Villegas, a quien reconoci\u00f3 su compromiso con la educaci\u00f3n, Nu\u00f1o Mayer se refiri\u00f3 a las ferias de Regreso a Clases, para que los padres de familia adquieran \u00fatiles y servicios a buen precio y calidad.<\/p>\n<p>Los padres de familia saben que la educaci\u00f3n de calidad transforma vidas, familias y al pa\u00eds, al tiempo que reconoci\u00f3 a los empresarios que tienen un compromiso con la calidad educativa y que participan en estas actividades para apoyar la econom\u00eda de las comunidades.<\/p>\n<p>El funcionario federal expres\u00f3 la importancia de la calidad educativa para que M\u00e9xico pueda ser competitivo y desarrollado en un mundo globalizado, y cada mexicano pueda construir su historia de \u00e9xito.<\/p>\n<p>El secretario de Educaci\u00f3n P\u00fablica abund\u00f3 que la reforma educativa reconoce el derecho de los ni\u00f1os a una educaci\u00f3n de calidad, por encima de cualquier otro derecho, y esto significa tener mejores planes de estudio.<\/p>\n<p>Nu\u00f1o Mayer tambi\u00e9n ratific\u00f3 que con los foros de consulta sobre el nuevo Modelo Educativo se pretende enriquecerlo, para que se tengan programas de estudio del siglo XXI.<\/p>\n<p>&nbsp;<\/p>\n","protected":false},"excerpt":{"rendered":"<p>El titular de la Secretar\u00eda de Educaci\u00f3n P\u00fablica (SEP), Aurelio Nu\u00f1o Mayer, puntualiz\u00f3 que los libros de texto que emite esa dependencia seguir\u00e1n siendo gratuitos y exhort\u00f3 a los padres de familia denunciar a quien pretende cobrarlos.<\/p>\n","protected":false},"author":3,"featured_media":281575,"comment_status":"open","ping_status":"open","sticky":false,"template":"","format":"standard","meta":{"_monsterinsights_skip_tracking":false,"_monsterinsights_sitenote_active":false,"_monsterinsights_sitenote_note":"","_monsterinsights_sitenote_category":0,"footnotes":""},"categories":[3],"tags":[30144,455,43694,2005],"class_list":["post-281522","post","type-post","status-publish","format-standard","has-post-thumbnail","hentry","category-nacional","tag-aurelio-nuno-mayer","tag-denuncia","tag-educacion","tag-libros"],"_links":{"self":[{"href":"https:\/\/www.diarioimagen.net\/index.php?rest_route=\/wp\/v2\/posts\/281522","targetHints":{"allow":["GET"]}}],"collection":[{"href":"https:\/\/www.diarioimagen.net\/index.php?rest_route=\/wp\/v2\/posts"}],"about":[{"href":"https:\/\/www.diarioimagen.net\/index.php?rest_route=\/wp\/v2\/types\/post"}],"author":[{"embeddable":true,"href":"https:\/\/www.diarioimagen.net\/index.php?rest_route=\/wp\/v2\/users\/3"}],"replies":[{"embeddable":true,"href":"https:\/\/www.diarioimagen.net\/index.php?rest_route=%2Fwp%2Fv2%2Fcomments&post=281522"}],"version-history":[{"count":0,"href":"https:\/\/www.diarioimagen.net\/index.php?rest_route=\/wp\/v2\/posts\/281522\/revisions"}],"wp:featuredmedia":[{"embeddable":true,"href":"https:\/\/www.diarioimagen.net\/index.php?rest_route=\/wp\/v2\/media\/281575"}],"wp:attachment":[{"href":"https:\/\/www.diarioimagen.net\/index.php?rest_route=%2Fwp%2Fv2%2Fmedia&parent=281522"}],"wp:term":[{"taxonomy":"category","embeddable":true,"href":"https:\/\/www.diarioimagen.net\/index.php?rest_route=%2Fwp%2Fv2%2Fcategories&post=281522"},{"taxonomy":"post_tag","embeddable":true,"href":"https:\/\/www.diarioimagen.net\/index.php?rest_route=%2Fwp%2Fv2%2Ftags&post=281522"}],"curies":[{"name":"wp","href":"https:\/\/api.w.org\/{rel}","templated":true}]}}