{"id":281526,"date":"2016-07-29T00:07:00","date_gmt":"2016-07-29T05:07:00","guid":{"rendered":"http:\/\/www.diarioimagen.net\/?p=281526"},"modified":"2016-07-31T22:41:20","modified_gmt":"2016-08-01T03:41:20","slug":"alianza-pacifico-apuesta-por-la-union-destaca-epn","status":"publish","type":"post","link":"https:\/\/www.diarioimagen.net\/?p=281526","title":{"rendered":"Alianza Pac\u00edfico apuesta por la uni\u00f3n, destaca EPN"},"content":{"rendered":"<ul>\n<li><strong><em>Ante movimientos aislacionistas<\/em><\/strong><\/li>\n<\/ul>\n<p>&nbsp;<\/p>\n<div id=\"attachment_281593\" style=\"width: 430px\" class=\"wp-caption aligncenter\"><a href=\"http:\/\/www.diarioimagen.net\/?attachment_id=281593\" rel=\"attachment wp-att-281593\"><img loading=\"lazy\" decoding=\"async\" aria-describedby=\"caption-attachment-281593\" class=\"size-large wp-image-281593\" src=\"http:\/\/www.diarioimagen.net\/wp-content\/uploads\/2016\/07\/epn-2921-420x277.jpg\" alt=\"Enrique Pe\u00f1a Nieto asisti\u00f3 a la Ceremonia de Transmisi\u00f3n del Mando Supremo a Pedro Pablo Kuczynski, como nuevo presidente de Per\u00fa.\" width=\"420\" height=\"277\" srcset=\"https:\/\/www.diarioimagen.net\/wp-content\/uploads\/2016\/07\/epn-2921-420x277.jpg 420w, https:\/\/www.diarioimagen.net\/wp-content\/uploads\/2016\/07\/epn-2921-240x158.jpg 240w, https:\/\/www.diarioimagen.net\/wp-content\/uploads\/2016\/07\/epn-2921.jpg 700w\" sizes=\"auto, (max-width: 420px) 100vw, 420px\" \/><\/a><p id=\"caption-attachment-281593\" class=\"wp-caption-text\">Enrique Pe\u00f1a Nieto asisti\u00f3 a la Ceremonia de Transmisi\u00f3n del Mando Supremo a Pedro Pablo Kuczynski, como nuevo presidente de Per\u00fa.<\/p><\/div>\n<p>&nbsp;<\/p>\n<p>La Alianza del Pac\u00edfico (AP), que integran M\u00e9xico, Chile, Colombia y Per\u00fa, apost\u00f3 por la uni\u00f3n \u201cjusto cuando movimientos aislacionistas tomaron fuerza en algunas partes del mundo\u201d, destac\u00f3 el presidente Enrique Pe\u00f1a Nieto.<\/p>\n<p>En un art\u00edculo publicado en el peri\u00f3dico peruano, <em>La Rep\u00fablica<\/em>, el mandatario mexicano subray\u00f3 que la Alianza del Pac\u00edfico, es una verdadera plataforma de integraci\u00f3n regional, basada en la apertura econ\u00f3mica y la inclusi\u00f3n.<\/p>\n<p>En el marco de su asistencia a la Transmisi\u00f3n de la Presidencia del pa\u00eds andino, dijo que los pa\u00edses que conforman este bloque est\u00e1n convencidos de que \u201cel camino es abrir y no cerrar puertas, y avanzamos con firmeza hacia la libre circulaci\u00f3n de personas, bienes, servicios y capitales\u201d.<\/p>\n<p>Este mecanismo es el proceso de integraci\u00f3n m\u00e1s amplio, m\u00e1s profundo y m\u00e1s innovador en la historia de Am\u00e9rica Latina, apunt\u00f3 el Presidente, quien sostuvo que durante la Presidencia Pro T\u00e9mpore de Per\u00fa, se reforz\u00f3 la interacci\u00f3n con los pa\u00edses observadores.<\/p>\n<p>Asimismo, se estableci\u00f3 un di\u00e1logo con el Foro de Cooperaci\u00f3n Econ\u00f3mica Asia-Pac\u00edfico y se dio un renovado impulso a las Peque\u00f1as y Medianas Empresas (Pymes) de las naciones, resalt\u00f3 el titular del Ejecutivo federal.<\/p>\n<p>En el caso de la relaci\u00f3n M\u00e9xico-Per\u00fa, afirm\u00f3 que se ha incrementado el di\u00e1logo bilateral en todos los \u00e1mbitos, y \u201ccompartimos una misma visi\u00f3n de desarrollo y trabajamos para que nuestras pol\u00edticas se traduzcan en una mayor prosperidad para nuestras sociedades\u201d.<\/p>\n<p>\u201cPer\u00fa y M\u00e9xico seguimos avanzando en el fortalecimiento de nuestros lazos de amistad y cooperaci\u00f3n, en busca de mejores oportunidades para nuestros pueblos\u201d, resalt\u00f3 y confi\u00f3 en que durante el gobierno del Pedro Pablo Kuczynski, se seguir\u00e1 avanzando en este prop\u00f3sito.<\/p>\n<p>Deseo el mayor de los \u00e9xitos a Kuczynski, quien rindi\u00f3 juramento como nuevo presidente, y le reitero la fraternidad de los mexicanos a todo el pueblo peruano.<\/p>\n<p>En el texto publicado en el rotativo, Pe\u00f1a Nieto reconoci\u00f3 el trabajo del presidente saliente, Ollanta Humala, a quien calific\u00f3 de un pol\u00edtico visionario, pragm\u00e1tico y audaz, que condujo al Per\u00fa por el camino del desarrollo y la prosperidad.<\/p>\n<p>Apunt\u00f3 que por sus logros, su convicci\u00f3n democr\u00e1tica y su vocaci\u00f3n de servicio, \u201ctiene el respeto de los mexicanos\u201d, y que durante su gobierno, Per\u00fa mantuvo un crecimiento econ\u00f3mico importante, pese a la complejidad internacional, y fue un factor de equilibrio clave en la regi\u00f3n, sostuvo.<\/p>\n<p>Actualmente, Per\u00fa es el quinto socio comercial de M\u00e9xico en Am\u00e9rica Latina y el Caribe, con un comercio bilateral que rebas\u00f3 los 2 mil 300 millones de d\u00f3lares en 2015.<\/p>\n<p style=\"text-align: center;\"><strong>Pe\u00f1a Nieto atestigua transmisi\u00f3n de mando de Presidencia de Per\u00fa<\/strong><\/p>\n<p>El presidente Pe\u00f1a Nieto asisti\u00f3 ayer a la Ceremonia de Transmisi\u00f3n del Mando Supremo a Pedro Pablo Kuczynski, como nuevo presidente de ese pa\u00eds, al concluir el periodo de Ollanta Humala.<\/p>\n<p>El mandatario acudi\u00f3 a la ceremonia, en la que tambi\u00e9n estuvieron presentes, como invitados especiales, los presidentes de Ecuador, Rafael Correa; Colombia, Juan Manuel Santos; Chile, Michelle Bachelet; Paraguay, Horacio Cartes; Argentina, Mauricio Macri, y el rey em\u00e9rito de Espa\u00f1a, Juan Carlos I.<\/p>\n<p>En la sede del Congreso de la Rep\u00fablica, el titular del Ejecutivo federal presenci\u00f3 la toma de juramento y la imposici\u00f3n de la Banda Presidencial, para despu\u00e9s escuchar el mensaje del nuevo presidente que permanecer\u00e1 en el poder durante cinco a\u00f1os.<\/p>\n<p>&nbsp;<\/p>\n","protected":false},"excerpt":{"rendered":"<p>La Alianza del Pac\u00edfico (AP), que integran M\u00e9xico, Chile, Colombia y Per\u00fa, apost\u00f3 por la uni\u00f3n \u201cjusto cuando movimientos aislacionistas tomaron fuerza en algunas partes del mundo\u201d, destac\u00f3 el presidente Enrique Pe\u00f1a Nieto.<\/p>\n","protected":false},"author":3,"featured_media":281593,"comment_status":"open","ping_status":"open","sticky":false,"template":"","format":"standard","meta":{"_monsterinsights_skip_tracking":false,"_monsterinsights_sitenote_active":false,"_monsterinsights_sitenote_note":"","_monsterinsights_sitenote_category":0,"footnotes":""},"categories":[3],"tags":[4816,122,1197,18,4867,44,43673,7447],"class_list":["post-281526","post","type-post","status-publish","format-standard","has-post-thumbnail","hentry","category-nacional","tag-alianza-del-pacifico","tag-chile","tag-colombia","tag-enrique-pena-nieto","tag-gira","tag-mexico","tag-nacional","tag-peru"],"_links":{"self":[{"href":"https:\/\/www.diarioimagen.net\/index.php?rest_route=\/wp\/v2\/posts\/281526","targetHints":{"allow":["GET"]}}],"collection":[{"href":"https:\/\/www.diarioimagen.net\/index.php?rest_route=\/wp\/v2\/posts"}],"about":[{"href":"https:\/\/www.diarioimagen.net\/index.php?rest_route=\/wp\/v2\/types\/post"}],"author":[{"embeddable":true,"href":"https:\/\/www.diarioimagen.net\/index.php?rest_route=\/wp\/v2\/users\/3"}],"replies":[{"embeddable":true,"href":"https:\/\/www.diarioimagen.net\/index.php?rest_route=%2Fwp%2Fv2%2Fcomments&post=281526"}],"version-history":[{"count":0,"href":"https:\/\/www.diarioimagen.net\/index.php?rest_route=\/wp\/v2\/posts\/281526\/revisions"}],"wp:featuredmedia":[{"embeddable":true,"href":"https:\/\/www.diarioimagen.net\/index.php?rest_route=\/wp\/v2\/media\/281593"}],"wp:attachment":[{"href":"https:\/\/www.diarioimagen.net\/index.php?rest_route=%2Fwp%2Fv2%2Fmedia&parent=281526"}],"wp:term":[{"taxonomy":"category","embeddable":true,"href":"https:\/\/www.diarioimagen.net\/index.php?rest_route=%2Fwp%2Fv2%2Fcategories&post=281526"},{"taxonomy":"post_tag","embeddable":true,"href":"https:\/\/www.diarioimagen.net\/index.php?rest_route=%2Fwp%2Fv2%2Ftags&post=281526"}],"curies":[{"name":"wp","href":"https:\/\/api.w.org\/{rel}","templated":true}]}}