{"id":281724,"date":"2016-08-01T00:04:47","date_gmt":"2016-08-01T05:04:47","guid":{"rendered":"http:\/\/www.diarioimagen.net\/?p=281724"},"modified":"2016-08-01T23:40:06","modified_gmt":"2016-08-02T04:40:06","slug":"mas-alzas-en-productos-y-servicios-por-gasolinazo","status":"publish","type":"post","link":"https:\/\/www.diarioimagen.net\/?p=281724","title":{"rendered":"M\u00e1s alzas en productos y servicios por \u201cgasolinazo\u201d"},"content":{"rendered":"<ul>\n<li><strong><em>Inconformidad<\/em><\/strong><\/li>\n<\/ul>\n<p>&nbsp;<\/p>\n<div id=\"attachment_281839\" style=\"width: 430px\" class=\"wp-caption aligncenter\"><a href=\"http:\/\/www.diarioimagen.net\/?attachment_id=281839\" rel=\"attachment wp-att-281839\"><img loading=\"lazy\" decoding=\"async\" aria-describedby=\"caption-attachment-281839\" class=\"size-large wp-image-281839\" src=\"http:\/\/www.diarioimagen.net\/wp-content\/uploads\/2016\/08\/alzas-2922-420x236.jpg\" alt=\"Los ajustes en combustibles repercutir\u00e1n en la mayor\u00eda de productos.\" width=\"420\" height=\"236\" srcset=\"https:\/\/www.diarioimagen.net\/wp-content\/uploads\/2016\/08\/alzas-2922-420x236.jpg 420w, https:\/\/www.diarioimagen.net\/wp-content\/uploads\/2016\/08\/alzas-2922-240x135.jpg 240w, https:\/\/www.diarioimagen.net\/wp-content\/uploads\/2016\/08\/alzas-2922-235x132.jpg 235w, https:\/\/www.diarioimagen.net\/wp-content\/uploads\/2016\/08\/alzas-2922-202x114.jpg 202w, https:\/\/www.diarioimagen.net\/wp-content\/uploads\/2016\/08\/alzas-2922-350x196.jpg 350w, https:\/\/www.diarioimagen.net\/wp-content\/uploads\/2016\/08\/alzas-2922-220x123.jpg 220w, https:\/\/www.diarioimagen.net\/wp-content\/uploads\/2016\/08\/alzas-2922-237x132.jpg 237w, https:\/\/www.diarioimagen.net\/wp-content\/uploads\/2016\/08\/alzas-2922.jpg 480w\" sizes=\"auto, (max-width: 420px) 100vw, 420px\" \/><\/a><p id=\"caption-attachment-281839\" class=\"wp-caption-text\">Los ajustes en combustibles repercutir\u00e1n en la mayor\u00eda de productos.<\/p><\/div>\n<p>&nbsp;<\/p>\n<p>Al incrementarse el precio de los combustibles, la Uni\u00f3n Industrial del Estado de M\u00e9xico anunci\u00f3 que en los pr\u00f3ximos dos meses, esos incrementos repercutir\u00e1n en todos los productos de abarrotes, l\u00e1cteos, pan, botanas y c\u00e1rnicos, toda vez que los empresarios han considerado que son ingresos que tiene el gobierno disfrazados de impuestos.<\/p>\n<p>El vocero de la Uni\u00f3n Industrial. Francisco Cuevas Dobarganes, argument\u00f3 que no existen productos que no tengan flete y que seg\u00fan c\u00e1lculos de sus asesores, el incremento impactar\u00e1 1.2 por ciento en los precios en general, en raz\u00f3n de que las m\u00e1s afectadas ser\u00e1n las empresas que tienen reparto al menudeo, mismas que ya tienen previsto repercutir sus precios entre 2 y 4 por ciento.<\/p>\n<p>Record\u00f3 que quienes tienen reparto al menudeo, ahora pagar\u00e1n 13.96 pesos por el litro de Magna, mientras\u00a0 los que usan Premium ser\u00e1n 14.81 pesos por litro.<\/p>\n<p>Asegur\u00f3 que el incremento de las gasolinas se ha combinado con el de la energ\u00eda el\u00e9ctrica para las tarifas comerciales, lo cual implica un aumento en costos y gastos para las empresas que deber\u00e1n repercutir directamente en los precios de sus productos y mercanc\u00edas.<\/p>\n<p>La distribuidora de abarrotes en el Estado de M\u00e9xico inform\u00f3 que cada unidad repartidora de abarrotes tiene 22 puntos de venta al menudeo por surtir en las zonas urbanas y 8 en las rurales, lo que significa un incremento adicional de combustible y que un estudio econ\u00f3mico concluy\u00f3 que si se subsidia la gasolina, se apoya al mismo tiempo a las personas con ingresos medios y altos.<\/p>\n<p>Hizo notar que el gobierno se comprometi\u00f3 a no incrementar ning\u00fan impuesto en lo que resta del sexenio y que el aumento a los combustibles es una violaci\u00f3n a dicha promesa que los comerciantes no est\u00e1n dispuestos a absorber, pues consideran aumentos disfrazados de impuestos.<\/p>\n<p>&nbsp;<\/p>\n","protected":false},"excerpt":{"rendered":"<p>Al incrementarse el precio de los combustibles, la Uni\u00f3n Industrial del Estado de M\u00e9xico anunci\u00f3 que en los pr\u00f3ximos dos meses, esos incrementos repercutir\u00e1n en todos los productos de abarrotes, l\u00e1cteos, pan, botanas y c\u00e1rnicos, toda vez que los empresarios han considerado que son ingresos que tiene el gobierno disfrazados de impuestos.<\/p>\n","protected":false},"author":3,"featured_media":281839,"comment_status":"open","ping_status":"open","sticky":false,"template":"","format":"standard","meta":{"_monsterinsights_skip_tracking":false,"_monsterinsights_sitenote_active":false,"_monsterinsights_sitenote_note":"","_monsterinsights_sitenote_category":0,"footnotes":""},"categories":[8],"tags":[24425,9711,50635,46011,14506],"class_list":["post-281724","post","type-post","status-publish","format-standard","has-post-thumbnail","hentry","category-finanzas","tag-alza","tag-gasolinazo","tag-inconformidad","tag-precios","tag-servicios"],"_links":{"self":[{"href":"https:\/\/www.diarioimagen.net\/index.php?rest_route=\/wp\/v2\/posts\/281724","targetHints":{"allow":["GET"]}}],"collection":[{"href":"https:\/\/www.diarioimagen.net\/index.php?rest_route=\/wp\/v2\/posts"}],"about":[{"href":"https:\/\/www.diarioimagen.net\/index.php?rest_route=\/wp\/v2\/types\/post"}],"author":[{"embeddable":true,"href":"https:\/\/www.diarioimagen.net\/index.php?rest_route=\/wp\/v2\/users\/3"}],"replies":[{"embeddable":true,"href":"https:\/\/www.diarioimagen.net\/index.php?rest_route=%2Fwp%2Fv2%2Fcomments&post=281724"}],"version-history":[{"count":0,"href":"https:\/\/www.diarioimagen.net\/index.php?rest_route=\/wp\/v2\/posts\/281724\/revisions"}],"wp:featuredmedia":[{"embeddable":true,"href":"https:\/\/www.diarioimagen.net\/index.php?rest_route=\/wp\/v2\/media\/281839"}],"wp:attachment":[{"href":"https:\/\/www.diarioimagen.net\/index.php?rest_route=%2Fwp%2Fv2%2Fmedia&parent=281724"}],"wp:term":[{"taxonomy":"category","embeddable":true,"href":"https:\/\/www.diarioimagen.net\/index.php?rest_route=%2Fwp%2Fv2%2Fcategories&post=281724"},{"taxonomy":"post_tag","embeddable":true,"href":"https:\/\/www.diarioimagen.net\/index.php?rest_route=%2Fwp%2Fv2%2Ftags&post=281724"}],"curies":[{"name":"wp","href":"https:\/\/api.w.org\/{rel}","templated":true}]}}