{"id":281760,"date":"2016-08-01T00:03:39","date_gmt":"2016-08-01T05:03:39","guid":{"rendered":"http:\/\/www.diarioimagen.net\/?p=281760"},"modified":"2016-08-01T23:40:00","modified_gmt":"2016-08-02T04:40:00","slug":"entran-en-vigor-nuevos-precios-para-combustibles","status":"publish","type":"post","link":"https:\/\/www.diarioimagen.net\/?p=281760","title":{"rendered":"Entran en vigor nuevos precios para combustibles"},"content":{"rendered":"<ul>\n<li><strong><em>Desde hoy<\/em><\/strong><\/li>\n<\/ul>\n<p>&nbsp;<\/p>\n<p><a href=\"http:\/\/www.diarioimagen.net\/?attachment_id=155765\" rel=\"attachment wp-att-155765\"><img loading=\"lazy\" decoding=\"async\" class=\"aligncenter wp-image-155765 size-large\" src=\"http:\/\/www.diarioimagen.net\/wp-content\/uploads\/2013\/12\/pemex-2242-420x236.jpg\" alt=\"gasolinas\" width=\"420\" height=\"236\" srcset=\"https:\/\/www.diarioimagen.net\/wp-content\/uploads\/2013\/12\/pemex-2242-420x236.jpg 420w, https:\/\/www.diarioimagen.net\/wp-content\/uploads\/2013\/12\/pemex-2242-240x135.jpg 240w, https:\/\/www.diarioimagen.net\/wp-content\/uploads\/2013\/12\/pemex-2242-235x132.jpg 235w, https:\/\/www.diarioimagen.net\/wp-content\/uploads\/2013\/12\/pemex-2242-202x114.jpg 202w, https:\/\/www.diarioimagen.net\/wp-content\/uploads\/2013\/12\/pemex-2242-350x196.jpg 350w, https:\/\/www.diarioimagen.net\/wp-content\/uploads\/2013\/12\/pemex-2242-220x123.jpg 220w, https:\/\/www.diarioimagen.net\/wp-content\/uploads\/2013\/12\/pemex-2242-237x132.jpg 237w, https:\/\/www.diarioimagen.net\/wp-content\/uploads\/2013\/12\/pemex-2242.jpg 480w\" sizes=\"auto, (max-width: 420px) 100vw, 420px\" \/><\/a><\/p>\n<p>&nbsp;<\/p>\n<p>A partir de este lunes el precio m\u00e1ximo de la gasolina Magna ser\u00e1 de 13.96 pesos por litro, el de la gasolina Premium de 14.81 pesos y el del di\u00e9sel de 13.98 pesos por litro, de acuerdo con la Secretar\u00eda de Hacienda y Cr\u00e9dito P\u00fablico (SHCP).<\/p>\n<p>La dependencia dio a conocer en su momento que a partir de este lunes, los precios m\u00e1ximos de las gasolinas Magna y Premium y del di\u00e9sel ser\u00e1n mayores a los observados en julio en 56, 44 y 21 centavos por litro, respectivamente.<\/p>\n<p>Expuso que el aumento en los precios m\u00e1ximos de los combustibles durante el octavo mes del a\u00f1o se debe al repunte observado en las referencias internacionales para los precios de los combustibles, que refleja la recuperaci\u00f3n reciente en el precio del crudo.<\/p>\n<p>Refiere que para 2016, el Congreso de la Uni\u00f3n aprob\u00f3 que los precios m\u00e1ximos de los combustibles en M\u00e9xico podr\u00edan moverse con sus referencias internacionales, pero s\u00f3lo al interior de una banda cuyo valor central es el precio observado en 2015, m\u00e1s\/menos 3.0 por ciento.<\/p>\n<p style=\"text-align: center;\"><strong>Ya est\u00e1n en su\u00a0<\/strong><strong>m\u00e1ximo del a\u00f1o<\/strong><\/p>\n<p>Luego del aumento a los precios de las gasolinas que entra en vigor hoy, solo podr\u00eda subir dos centavos en el caso de la Magna, mientras que en el caso de la Premium ya no habr\u00eda incremento, asegur\u00f3 la SHCP.<\/p>\n<p>De esta manera, el precio de la gasolina Magna, que a partir del 1 de agosto estar\u00e1 en 13.96 pesos por litro, podr\u00eda subir dos centavos m\u00e1s durante el resto del a\u00f1o, mientras que el de la Premium se ubicar\u00e1 en 14.81 pesos, que ya es su nivel m\u00e1ximo.<\/p>\n<p>El titular de la Unidad de Pol\u00edtica de Ingresos Tributarios de la dependencia, Rodrigo Barros, explic\u00f3 que la legislaci\u00f3n establece que los precios no pueden rebasar la banda de 3.0 por ciento m\u00e1s\/menos en relaci\u00f3n con los del cierre de 2015, de acuerdo con lo aprobado por el Congreso, a pesar del alza en los precios de los combustibles a nivel internacional.<\/p>\n<p>Aclar\u00f3 que no se consideran mecanismos adicionales en esta materia en caso de que los precios internacionales de petr\u00f3leo sigan al alza, con su efecto en las gasolinas.<\/p>\n<p>El funcionario defendi\u00f3 que \u201cel aumento de los precios de los combustibles en agosto no es resultado de una decisi\u00f3n administrativa, es resultado de que subieron las referencias internacionales. No es preciso decir que se est\u00e1 siguiendo una pol\u00edtica agresiva de precios de combustibles\u201d.<\/p>\n<p>Explic\u00f3 que la pol\u00edtica est\u00e1 fijada en migrar hacia un mercado abierto y hay una f\u00f3rmula establecida para ello, y que el movimiento de los precios de referencia en los \u00faltimos meses da como resultado que esa f\u00f3rmula arroje un crecimiento para agosto.<\/p>\n","protected":false},"excerpt":{"rendered":"<p>A partir de este lunes el precio m\u00e1ximo de la gasolina Magna ser\u00e1 de 13.96 pesos por litro, el de la gasolina Premium de 14.81 pesos y el del di\u00e9sel de 13.98 pesos por litro, de acuerdo con la Secretar\u00eda de Hacienda y Cr\u00e9dito P\u00fablico (SHCP).<\/p>\n","protected":false},"author":3,"featured_media":155765,"comment_status":"open","ping_status":"open","sticky":false,"template":"","format":"standard","meta":{"_monsterinsights_skip_tracking":false,"_monsterinsights_sitenote_active":false,"_monsterinsights_sitenote_note":"","_monsterinsights_sitenote_category":0,"footnotes":""},"categories":[8],"tags":[2255,199,46011,1102],"class_list":["post-281760","post","type-post","status-publish","format-standard","has-post-thumbnail","hentry","category-finanzas","tag-congreso-de-la-union","tag-diesel","tag-precios","tag-shcp"],"_links":{"self":[{"href":"https:\/\/www.diarioimagen.net\/index.php?rest_route=\/wp\/v2\/posts\/281760","targetHints":{"allow":["GET"]}}],"collection":[{"href":"https:\/\/www.diarioimagen.net\/index.php?rest_route=\/wp\/v2\/posts"}],"about":[{"href":"https:\/\/www.diarioimagen.net\/index.php?rest_route=\/wp\/v2\/types\/post"}],"author":[{"embeddable":true,"href":"https:\/\/www.diarioimagen.net\/index.php?rest_route=\/wp\/v2\/users\/3"}],"replies":[{"embeddable":true,"href":"https:\/\/www.diarioimagen.net\/index.php?rest_route=%2Fwp%2Fv2%2Fcomments&post=281760"}],"version-history":[{"count":0,"href":"https:\/\/www.diarioimagen.net\/index.php?rest_route=\/wp\/v2\/posts\/281760\/revisions"}],"wp:featuredmedia":[{"embeddable":true,"href":"https:\/\/www.diarioimagen.net\/index.php?rest_route=\/wp\/v2\/media\/155765"}],"wp:attachment":[{"href":"https:\/\/www.diarioimagen.net\/index.php?rest_route=%2Fwp%2Fv2%2Fmedia&parent=281760"}],"wp:term":[{"taxonomy":"category","embeddable":true,"href":"https:\/\/www.diarioimagen.net\/index.php?rest_route=%2Fwp%2Fv2%2Fcategories&post=281760"},{"taxonomy":"post_tag","embeddable":true,"href":"https:\/\/www.diarioimagen.net\/index.php?rest_route=%2Fwp%2Fv2%2Ftags&post=281760"}],"curies":[{"name":"wp","href":"https:\/\/api.w.org\/{rel}","templated":true}]}}