{"id":281947,"date":"2016-08-02T00:06:53","date_gmt":"2016-08-02T05:06:53","guid":{"rendered":"http:\/\/www.diarioimagen.net\/?p=281947"},"modified":"2016-08-03T00:47:39","modified_gmt":"2016-08-03T05:47:39","slug":"al-menos-10-mil-personas-viven-en-zonas-de-riesgo","status":"publish","type":"post","link":"https:\/\/www.diarioimagen.net\/?p=281947","title":{"rendered":"Al menos 10 mil personas viven en zonas de riesgo"},"content":{"rendered":"<ul>\n<li><strong><em>Asentamientos irregulares en CDMX<\/em><\/strong><\/li>\n<\/ul>\n<p>&nbsp;<\/p>\n<div id=\"attachment_282042\" style=\"width: 430px\" class=\"wp-caption aligncenter\"><a href=\"http:\/\/www.diarioimagen.net\/?attachment_id=282042\" rel=\"attachment wp-att-282042\"><img loading=\"lazy\" decoding=\"async\" aria-describedby=\"caption-attachment-282042\" class=\"size-large wp-image-282042\" src=\"http:\/\/www.diarioimagen.net\/wp-content\/uploads\/2016\/08\/zona-riesgo-cdmx-2923-420x236.jpg\" alt=\"Unos 10 mil habitantes viven en zonas de alto riesgo en la Ciudad de M\u00e9xico, alerta Protecci\u00f3n Civil.\" width=\"420\" height=\"236\" srcset=\"https:\/\/www.diarioimagen.net\/wp-content\/uploads\/2016\/08\/zona-riesgo-cdmx-2923-420x236.jpg 420w, https:\/\/www.diarioimagen.net\/wp-content\/uploads\/2016\/08\/zona-riesgo-cdmx-2923-240x135.jpg 240w, https:\/\/www.diarioimagen.net\/wp-content\/uploads\/2016\/08\/zona-riesgo-cdmx-2923-235x132.jpg 235w, https:\/\/www.diarioimagen.net\/wp-content\/uploads\/2016\/08\/zona-riesgo-cdmx-2923-202x114.jpg 202w, https:\/\/www.diarioimagen.net\/wp-content\/uploads\/2016\/08\/zona-riesgo-cdmx-2923-350x196.jpg 350w, https:\/\/www.diarioimagen.net\/wp-content\/uploads\/2016\/08\/zona-riesgo-cdmx-2923-220x123.jpg 220w, https:\/\/www.diarioimagen.net\/wp-content\/uploads\/2016\/08\/zona-riesgo-cdmx-2923-237x132.jpg 237w, https:\/\/www.diarioimagen.net\/wp-content\/uploads\/2016\/08\/zona-riesgo-cdmx-2923.jpg 480w\" sizes=\"auto, (max-width: 420px) 100vw, 420px\" \/><\/a><p id=\"caption-attachment-282042\" class=\"wp-caption-text\">Unos 10 mil habitantes viven en zonas de alto riesgo en la Ciudad de M\u00e9xico, alerta Protecci\u00f3n Civil.<\/p><\/div>\n<p>&nbsp;<\/p>\n<p>El secretario de Protecci\u00f3n Civil de la Ciudad de M\u00e9xico, Fausto Lugo Garc\u00eda, afirm\u00f3 que al menos 10 mil habitantes de la capital viven en zonas de alto riesgo, en especial en asentamientos irregulares.<\/p>\n<p>Durante una mesa de trabajo en la Asamblea Legislativa, alert\u00f3 que algunos de los asentamientos irregulares que necesitan pronta atenci\u00f3n se ubican en la barranca de Santa Rita, en Cuajimalpa, y Tierra Colorada en la delegaci\u00f3n Magdalena Contreras.<\/p>\n<p>Sin embargo, refiri\u00f3 que las delegaciones, que son las principales responsables en la materia de protecci\u00f3n civil, no tienen actualizados sus atlas de riesgo.<\/p>\n<p>Ante ello, record\u00f3 que para este a\u00f1o se pidi\u00f3 un presupuesto adicional de 80 millones de pesos, de los cuales 30 millones se canalizar\u00edan a la actualizaci\u00f3n del atlas de riesgo de la capital, y 50 millones para infraestructura, pero hasta el momento no les ha llegado.<\/p>\n<p>Sobre las erupciones del volc\u00e1n Popocat\u00e9petl, el funcionario aclar\u00f3 que se trata de un riesgo secundario para los capitalinos, pues solo hay afectaci\u00f3n por la ca\u00edda de ceniza, la cual disminuye con medidas como el uso de cubrebocas.<\/p>\n<p>Abund\u00f3 que la ca\u00edda de cenizas fue entre las 02:00 y 03:00 horas de este lunes, y en algunas zonas hasta las 07:00 horas, sin que se haya registrado m\u00e1s hasta el momento.<\/p>\n<p>En tanto, presidente de la Comisi\u00f3n de Gobierno, Leonel Luna Estrada record\u00f3 que este \u00f3rgano legislativo aprob\u00f3 los recursos adicionales para el atlas de riesgo, por lo que se comprometi\u00f3 a gestionarlos ante la Secretar\u00eda de Finanzas para que sean liberados a la brevedad posible.<\/p>\n<p>Expuso que se tienen registros de asentamiento irregulares que datan de hace 40 a\u00f1os, cuya situaci\u00f3n de riesgo se acent\u00faa por las condiciones precarias y marginaci\u00f3n en las que se encuentran.<\/p>\n<p>Sin embargo, reconoci\u00f3 que la soluci\u00f3n no es desalojarlos porque se crear\u00eda un problema social de amplia envergadura, y s\u00ed establecer programas de reubicaci\u00f3n para ofrecerles una vivienda segura y digna.<\/p>\n<p>Empero ante la incapacidad del gobierno de la Ciudad de M\u00e9xico para contar con recursos suficientes, que se pronunci\u00f3 por buscar recursos federales, y llam\u00f3 al gobierno capitalino a trabajar en una propuesta concreta para llevarla a las negociaciones del presupuesto federal.<\/p>\n<p>&nbsp;<\/p>\n","protected":false},"excerpt":{"rendered":"<p>El secretario de Protecci\u00f3n Civil de la Ciudad de M\u00e9xico, Fausto Lugo Garc\u00eda, afirm\u00f3 que al menos 10 mil habitantes de la capital viven en zonas de alto riesgo, en especial en asentamientos irregulares.<\/p>\n","protected":false},"author":3,"featured_media":282042,"comment_status":"open","ping_status":"open","sticky":false,"template":"","format":"standard","meta":{"_monsterinsights_skip_tracking":false,"_monsterinsights_sitenote_active":false,"_monsterinsights_sitenote_note":"","_monsterinsights_sitenote_category":0,"footnotes":""},"categories":[6],"tags":[204,57],"class_list":["post-281947","post","type-post","status-publish","format-standard","has-post-thumbnail","hentry","category-cd-de-mexico","tag-ciudad-de-mexico","tag-proteccion-civil"],"_links":{"self":[{"href":"https:\/\/www.diarioimagen.net\/index.php?rest_route=\/wp\/v2\/posts\/281947","targetHints":{"allow":["GET"]}}],"collection":[{"href":"https:\/\/www.diarioimagen.net\/index.php?rest_route=\/wp\/v2\/posts"}],"about":[{"href":"https:\/\/www.diarioimagen.net\/index.php?rest_route=\/wp\/v2\/types\/post"}],"author":[{"embeddable":true,"href":"https:\/\/www.diarioimagen.net\/index.php?rest_route=\/wp\/v2\/users\/3"}],"replies":[{"embeddable":true,"href":"https:\/\/www.diarioimagen.net\/index.php?rest_route=%2Fwp%2Fv2%2Fcomments&post=281947"}],"version-history":[{"count":0,"href":"https:\/\/www.diarioimagen.net\/index.php?rest_route=\/wp\/v2\/posts\/281947\/revisions"}],"wp:featuredmedia":[{"embeddable":true,"href":"https:\/\/www.diarioimagen.net\/index.php?rest_route=\/wp\/v2\/media\/282042"}],"wp:attachment":[{"href":"https:\/\/www.diarioimagen.net\/index.php?rest_route=%2Fwp%2Fv2%2Fmedia&parent=281947"}],"wp:term":[{"taxonomy":"category","embeddable":true,"href":"https:\/\/www.diarioimagen.net\/index.php?rest_route=%2Fwp%2Fv2%2Fcategories&post=281947"},{"taxonomy":"post_tag","embeddable":true,"href":"https:\/\/www.diarioimagen.net\/index.php?rest_route=%2Fwp%2Fv2%2Ftags&post=281947"}],"curies":[{"name":"wp","href":"https:\/\/api.w.org\/{rel}","templated":true}]}}