{"id":281957,"date":"2016-08-02T00:04:56","date_gmt":"2016-08-02T05:04:56","guid":{"rendered":"http:\/\/www.diarioimagen.net\/?p=281957"},"modified":"2016-08-02T06:47:53","modified_gmt":"2016-08-02T11:47:53","slug":"arduo-trabajo-de-las-brigadas-de-limpieza-en-huixquilucan","status":"publish","type":"post","link":"https:\/\/www.diarioimagen.net\/?p=281957","title":{"rendered":"Arduo trabajo de las brigadas de limpieza en Huixquilucan"},"content":{"rendered":"<ul>\n<li><strong><em>Mejoran imagen urbana<\/em><\/strong><\/li>\n<\/ul>\n<p>&nbsp;<\/p>\n<div id=\"attachment_282055\" style=\"width: 430px\" class=\"wp-caption aligncenter\"><a href=\"http:\/\/www.diarioimagen.net\/?attachment_id=282055\" rel=\"attachment wp-att-282055\"><img loading=\"lazy\" decoding=\"async\" aria-describedby=\"caption-attachment-282055\" class=\"size-large wp-image-282055\" src=\"http:\/\/www.diarioimagen.net\/wp-content\/uploads\/2016\/08\/HUIXQUILUCAN-2923-420x236.jpg\" alt=\"Servicios P\u00fablicos y Urbanos de Huixquilucan lleva a cabo el programa \u201cBrigadas de Limpieza\u201d en todas las comunidades del municipio.\" width=\"420\" height=\"236\" srcset=\"https:\/\/www.diarioimagen.net\/wp-content\/uploads\/2016\/08\/HUIXQUILUCAN-2923-420x236.jpg 420w, https:\/\/www.diarioimagen.net\/wp-content\/uploads\/2016\/08\/HUIXQUILUCAN-2923-240x135.jpg 240w, https:\/\/www.diarioimagen.net\/wp-content\/uploads\/2016\/08\/HUIXQUILUCAN-2923-235x132.jpg 235w, https:\/\/www.diarioimagen.net\/wp-content\/uploads\/2016\/08\/HUIXQUILUCAN-2923-202x114.jpg 202w, https:\/\/www.diarioimagen.net\/wp-content\/uploads\/2016\/08\/HUIXQUILUCAN-2923-350x196.jpg 350w, https:\/\/www.diarioimagen.net\/wp-content\/uploads\/2016\/08\/HUIXQUILUCAN-2923-220x123.jpg 220w, https:\/\/www.diarioimagen.net\/wp-content\/uploads\/2016\/08\/HUIXQUILUCAN-2923-237x132.jpg 237w, https:\/\/www.diarioimagen.net\/wp-content\/uploads\/2016\/08\/HUIXQUILUCAN-2923.jpg 480w\" sizes=\"auto, (max-width: 420px) 100vw, 420px\" \/><\/a><p id=\"caption-attachment-282055\" class=\"wp-caption-text\">Servicios P\u00fablicos y Urbanos de Huixquilucan lleva a cabo el programa \u201cBrigadas de Limpieza\u201d en todas las comunidades del municipio.<\/p><\/div>\n<p>&nbsp;<\/p>\n<p><strong>Huixquilucan, Estado de M\u00e9xico<\/strong>.-\u00a0\u00a0Personal de Servicios P\u00fablicos llevan a cabo trabajos de barrido, reparaci\u00f3n de luminarias, retiro de desperdicios en la calle, poda de \u00e1rboles y pintura en guarniciones.<\/p>\n<p>La Direcci\u00f3n de Servicios P\u00fablicos y Urbanos de Huixquilucan lleva a cabo el programa \u201cBrigadas de Limpieza\u201d en todas las comunidades del municipio y estos\u00a0 trabajos permiten tener un entorno limpio y mejorar la imagen urbana.<\/p>\n<p>El titular del \u00e1rea, Eduardo G\u00f3mez Galicia, coment\u00f3 que las cuadrillas de trabajadores laboran para que haya vialidades y comunidades limpias y ordenadas, para lo cual se hace barrido, reparaci\u00f3n de luminarias, retiro de basura de la calle, poda de \u00e1rboles y pintura en guarniciones.<\/p>\n<p>\u201cSe concluyeron todas las vialidades principales del municipio y se inici\u00f3 con las vialidades secundarias; estas labores nos est\u00e1n ayudando por un lado, a tener una mejor imagen urbana y tambi\u00e9n a generar m\u00e1s seguridad para peatones y automovilistas\u201d, detall\u00f3.<\/p>\n<p>G\u00f3mez Galicia destac\u00f3 que con la poda de \u00e1rboles y la reparaci\u00f3n de luminarias se cuenta con espacios m\u00e1s iluminados, evitando as\u00ed situaciones de riesgo al transitar por v\u00edas con nula o poca luz.<\/p>\n<p>Para estas labores, se tienen cuadrillas de trabajadores en las tres zonas del municipio que\u00a0\u00a0recorren las comunidades para atender las solicitudes ciudadanas, adem\u00e1s de realizar el encalado de bardas y \u00e1rboles.<\/p>\n<p>De igual manera, se lleva a cabo la limpieza de cunetas, ya que en esta temporada de lluvias es com\u00fan que el agua pluvial arrastre basura, hojas de \u00e1rboles y tierra que en muchas ocasiones tapa las bocas de tormenta y se generan encharcamientos.<\/p>\n<p>&nbsp;<\/p>\n","protected":false},"excerpt":{"rendered":"<p>Personal de Servicios P\u00fablicos llevan a cabo trabajos de barrido, reparaci\u00f3n de luminarias, retiro de desperdicios en la calle, poda de \u00e1rboles y pintura en guarniciones.<\/p>\n","protected":false},"author":3,"featured_media":282055,"comment_status":"open","ping_status":"open","sticky":false,"template":"","format":"standard","meta":{"_monsterinsights_skip_tracking":false,"_monsterinsights_sitenote_active":false,"_monsterinsights_sitenote_note":"","_monsterinsights_sitenote_category":0,"footnotes":""},"categories":[35155],"tags":[43675,1097,2007],"class_list":["post-281957","post","type-post","status-publish","format-standard","has-post-thumbnail","hentry","category-estado-de-mexico-estado-de-mexico","tag-estado-de-mexico","tag-huixquilucan","tag-limpieza"],"_links":{"self":[{"href":"https:\/\/www.diarioimagen.net\/index.php?rest_route=\/wp\/v2\/posts\/281957","targetHints":{"allow":["GET"]}}],"collection":[{"href":"https:\/\/www.diarioimagen.net\/index.php?rest_route=\/wp\/v2\/posts"}],"about":[{"href":"https:\/\/www.diarioimagen.net\/index.php?rest_route=\/wp\/v2\/types\/post"}],"author":[{"embeddable":true,"href":"https:\/\/www.diarioimagen.net\/index.php?rest_route=\/wp\/v2\/users\/3"}],"replies":[{"embeddable":true,"href":"https:\/\/www.diarioimagen.net\/index.php?rest_route=%2Fwp%2Fv2%2Fcomments&post=281957"}],"version-history":[{"count":0,"href":"https:\/\/www.diarioimagen.net\/index.php?rest_route=\/wp\/v2\/posts\/281957\/revisions"}],"wp:featuredmedia":[{"embeddable":true,"href":"https:\/\/www.diarioimagen.net\/index.php?rest_route=\/wp\/v2\/media\/282055"}],"wp:attachment":[{"href":"https:\/\/www.diarioimagen.net\/index.php?rest_route=%2Fwp%2Fv2%2Fmedia&parent=281957"}],"wp:term":[{"taxonomy":"category","embeddable":true,"href":"https:\/\/www.diarioimagen.net\/index.php?rest_route=%2Fwp%2Fv2%2Fcategories&post=281957"},{"taxonomy":"post_tag","embeddable":true,"href":"https:\/\/www.diarioimagen.net\/index.php?rest_route=%2Fwp%2Fv2%2Ftags&post=281957"}],"curies":[{"name":"wp","href":"https:\/\/api.w.org\/{rel}","templated":true}]}}