{"id":281988,"date":"2016-08-02T00:02:39","date_gmt":"2016-08-02T05:02:39","guid":{"rendered":"http:\/\/www.diarioimagen.net\/?p=281988"},"modified":"2016-08-03T00:36:02","modified_gmt":"2016-08-03T05:36:02","slug":"sube-la-luz-industrial-por-tercera-vez-consecutiva","status":"publish","type":"post","link":"https:\/\/www.diarioimagen.net\/?p=281988","title":{"rendered":"Sube la luz industrial por tercera vez consecutiva"},"content":{"rendered":"<ul>\n<li><strong><em>Ahora 3.9 por ciento<\/em><\/strong><\/li>\n<\/ul>\n<p>&nbsp;<\/p>\n<p><a href=\"http:\/\/www.diarioimagen.net\/?attachment_id=245536\" rel=\"attachment wp-att-245536\"><img loading=\"lazy\" decoding=\"async\" class=\"aligncenter wp-image-245536 size-large\" src=\"http:\/\/www.diarioimagen.net\/wp-content\/uploads\/2015\/12\/CFE-2753-420x236.jpg\" width=\"420\" height=\"236\" srcset=\"https:\/\/www.diarioimagen.net\/wp-content\/uploads\/2015\/12\/CFE-2753-420x236.jpg 420w, https:\/\/www.diarioimagen.net\/wp-content\/uploads\/2015\/12\/CFE-2753-240x135.jpg 240w, https:\/\/www.diarioimagen.net\/wp-content\/uploads\/2015\/12\/CFE-2753-235x132.jpg 235w, https:\/\/www.diarioimagen.net\/wp-content\/uploads\/2015\/12\/CFE-2753-202x114.jpg 202w, https:\/\/www.diarioimagen.net\/wp-content\/uploads\/2015\/12\/CFE-2753-350x196.jpg 350w, https:\/\/www.diarioimagen.net\/wp-content\/uploads\/2015\/12\/CFE-2753-220x123.jpg 220w, https:\/\/www.diarioimagen.net\/wp-content\/uploads\/2015\/12\/CFE-2753-237x132.jpg 237w, https:\/\/www.diarioimagen.net\/wp-content\/uploads\/2015\/12\/CFE-2753.jpg 480w\" sizes=\"auto, (max-width: 420px) 100vw, 420px\" \/><\/a><\/p>\n<p>&nbsp;<\/p>\n<p>La Comisi\u00f3n Federal de Electricidad (CFE) subi\u00f3 por tercera vez consecutiva en este a\u00f1o los precios de la energ\u00eda el\u00e9ctrica en su tarifa de nivel industrial en un 3.9 por ciento.<\/p>\n<p>En julio aument\u00f3 8.6 por ciento, con lo cual van nueve meses que no ha dejado de subir. Y es que en paralelo han subido el gas natural que se importa de Estados Unidos y que involucra un aumento en el costo de su transporte.<\/p>\n<p>Se expresa que el aumento de este mes se debi\u00f3 al incremento del costo del combust\u00f3leo y el di\u00e9sel que la CFE utiliza para generar electricidad.<\/p>\n<p>Cabe hacer notar que en menor medida, pero sin que dejen de subir, est\u00e1n las tarifas comerciales, que este mes alcanzaron 2.94 pesos por Kwh, 2.6 por ciento m\u00e1s altas que el mes pasado y 9 por ciento m\u00e1s que el a\u00f1o pasado.<\/p>\n<p>Simult\u00e1neamente se anunci\u00f3 el incremento a las tarifas dom\u00e9sticas de alto consumo para usuarios residenciales, que ser\u00e1n de 3.38 por Kwh, 2.6 por ciento m\u00e1s altas que el mes pasado. Las tarifas dom\u00e9sticas de bajo consumo no se han tocado en todo el a\u00f1o.<\/p>\n<p style=\"text-align: center;\"><strong>Espera CFE dinero de SHCP en 6 meses<\/strong><\/p>\n<p>En otro tema, la CFE estim\u00f3 que en m\u00e1ximo seis meses recibir\u00e1 los 160 mil millones de pesos que debe aportar la Secretar\u00eda de Hacienda para alcanzar una reducci\u00f3n del pasivo laboral de 50 por ciento.<\/p>\n<p>Jaime Hern\u00e1ndez, encargado de despacho de la CFE, asegur\u00f3 que ya iniciaron las gestiones necesarias para recibir estos recursos, que a\u00fan no se ven en sus estados financieros al primer semestre del a\u00f1o.<\/p>\n<p>\u201cEs tambi\u00e9n la primera vez en la historia de la CFE que se alcanza una utilidad por un monto superior a los 100 mil millones de pesos, como en esta ocasi\u00f3n\u201d, coment\u00f3.A\u00fan con la reestructuraci\u00f3n de su pasivo laboral, la CFE tiene pasivos netos por un bill\u00f3n 57 mil 387 millones de pesos, de acuerdo con su reporte enviado a la Bolsa Mexicana de Valores (BMV).<\/p>\n<p>En ingresos, la empresa el\u00e9ctrica report\u00f3 ventas de electricidad por 153 mil 369.2 millones de pesos, un aumento de 4.1 por ciento en comparaci\u00f3n al mismo semestre de 2015. A la fecha contabilizan 40.2 millones de usuarios en M\u00e9xico.<\/p>\n<p>No obstante, el encargado de despacho tambi\u00e9n admiti\u00f3 un aumento en sus costos financieros respecto al mismo periodo del a\u00f1o pasado, indicador que pas\u00f3 de 23 mil 200 millones de pesos a 32 mil 800 millones de pesos en este primer semestre, debido a las mayores fluctuaciones cambiarias, valuadas en 7 mil 500 millones de pesos.<\/p>\n<p>Cuestionado sobre el nivel de endeudamiento, el portavoz de la CFE precis\u00f3 que este a\u00f1o tienen autorizado un endeudamiento neto de 12 mil 500 millones de pesos.<\/p>\n","protected":false},"excerpt":{"rendered":"<p>La Comisi\u00f3n Federal de Electricidad (CFE) subi\u00f3 por tercera vez consecutiva en este a\u00f1o los precios de la energ\u00eda el\u00e9ctrica en su tarifa de nivel industrial en un 3.9 por ciento.<\/p>\n","protected":false},"author":3,"featured_media":245536,"comment_status":"open","ping_status":"open","sticky":false,"template":"","format":"standard","meta":{"_monsterinsights_skip_tracking":false,"_monsterinsights_sitenote_active":false,"_monsterinsights_sitenote_note":"","_monsterinsights_sitenote_category":0,"footnotes":""},"categories":[8],"tags":[16997,139,43678,3497,43673],"class_list":["post-281988","post","type-post","status-publish","format-standard","has-post-thumbnail","hentry","category-finanzas","tag-aumento","tag-cfe","tag-finanzas","tag-luz","tag-nacional"],"_links":{"self":[{"href":"https:\/\/www.diarioimagen.net\/index.php?rest_route=\/wp\/v2\/posts\/281988","targetHints":{"allow":["GET"]}}],"collection":[{"href":"https:\/\/www.diarioimagen.net\/index.php?rest_route=\/wp\/v2\/posts"}],"about":[{"href":"https:\/\/www.diarioimagen.net\/index.php?rest_route=\/wp\/v2\/types\/post"}],"author":[{"embeddable":true,"href":"https:\/\/www.diarioimagen.net\/index.php?rest_route=\/wp\/v2\/users\/3"}],"replies":[{"embeddable":true,"href":"https:\/\/www.diarioimagen.net\/index.php?rest_route=%2Fwp%2Fv2%2Fcomments&post=281988"}],"version-history":[{"count":0,"href":"https:\/\/www.diarioimagen.net\/index.php?rest_route=\/wp\/v2\/posts\/281988\/revisions"}],"wp:featuredmedia":[{"embeddable":true,"href":"https:\/\/www.diarioimagen.net\/index.php?rest_route=\/wp\/v2\/media\/245536"}],"wp:attachment":[{"href":"https:\/\/www.diarioimagen.net\/index.php?rest_route=%2Fwp%2Fv2%2Fmedia&parent=281988"}],"wp:term":[{"taxonomy":"category","embeddable":true,"href":"https:\/\/www.diarioimagen.net\/index.php?rest_route=%2Fwp%2Fv2%2Fcategories&post=281988"},{"taxonomy":"post_tag","embeddable":true,"href":"https:\/\/www.diarioimagen.net\/index.php?rest_route=%2Fwp%2Fv2%2Ftags&post=281988"}],"curies":[{"name":"wp","href":"https:\/\/api.w.org\/{rel}","templated":true}]}}